{"id":18461,"date":"2007-06-01T11:42:15","date_gmt":"2007-06-01T11:42:15","guid":{"rendered":"https:\/\/obscom.intervozes.org.br\/wordpress\/?p=18461"},"modified":"2007-06-01T11:42:15","modified_gmt":"2007-06-01T11:42:15","slug":"produtores-e-canais-discutem-espaco-da-producao-independente","status":"publish","type":"post","link":"https:\/\/obscom.intervozes.org.br\/?p=18461","title":{"rendered":"Produtores e canais discutem espa\u00e7o da produ\u00e7\u00e3o independente"},"content":{"rendered":"<p><span>Se no momento presente a participa&ccedil;&atilde;o da produ&ccedil;&atilde;o independente nos canais de televis&atilde;o aberta e fechada ainda &eacute; t&iacute;mida, a perspectiva &eacute; que esse espa&ccedil;o aumente no futuro. Esse crescimento, no entanto, s&oacute; acontecer&aacute; se houver entendimento por parte dos produtores sobre aquilo que os canais buscam, e por parte dos broadcasters e programadores sobre a necessidade de criar meios eficientes de comunica&ccedil;&atilde;o com esses produtores.<\/span><span>&nbsp;<\/span><span>&nbsp;<\/p>\n<p><\/span><span>Essa foi uma das conclus&otilde;es a qual chegaram produtores, programadores e broadcasters durante o painel &quot;Perspectivas da produ&ccedil;&atilde;o brasileira&quot;, realizado nesta quinta-feira, 31 de maio, durante o 8&deg; Forum Brasil &#8211; Mercado Internacional de Televis&atilde;o.<\/span><span>&nbsp;<\/span><span>&nbsp;<\/p>\n<p><\/span><span>Gil Ribeiro, diretor da Mixer, diz que o que tem permitido &agrave; produtora viabilizar seus projetos s&atilde;o dois fatores em especial: as co-produ&ccedil;&otilde;es internacionais e os mecanismos de incentivos brasileiros. &quot;As leis de incentivo s&atilde;o um impulso para mostrar a capacidade de produ&ccedil;&atilde;o e entrega da produtora, mas n&atilde;o para servir de apoio para sempre&quot;, diz. &quot;A co-produ&ccedil;&atilde;o internacional &eacute; o caminho para viabilizarmos a nossa produ&ccedil;&atilde;o, j&aacute; que hoje n&atilde;o h&aacute; produtoras que t&ecirc;m na produ&ccedil;&atilde;o para a TV o seu neg&oacute;cio&quot;. Ribeiro diz que acreditava que a TV por assinatura abriria oportunidades para as independentes, mas que isso n&atilde;o aconteceu. <\/span><span>&nbsp;<\/span><span>&nbsp;<\/span><span>&nbsp;<\/p>\n<p><\/span><span>K&aacute;tia Murgel, da Fox, acha que n&atilde;o s&oacute; haver&aacute; mais espa&ccedil;o para a produ&ccedil;&atilde;o nacional independente nos canais de TV por assinatura em um segundo momento, mas que essa tamb&eacute;m ser&aacute; disputada pelos canais. &quot;Vamos precisar do conte&uacute;do local&quot;, diz. &quot;Haver&aacute; cada vez mais canais comprando dos mesmos produtores&quot;.<\/span><span>&nbsp;<\/p>\n<p><\/span><span><strong>Falha na comunica&ccedil;&atilde;o<\/strong><\/span><span>&nbsp;<\/p>\n<p><\/span><span>Todos os produtores querem ter seus projetos exibidos pelos canais de TV. E os canais est&atilde;o sempre em busca de boas id&eacute;ias. Se, teoricamente, os players caminham na mesma dire&ccedil;&atilde;o por que ent&atilde;o essas parcerias n&atilde;o acontecem?<\/span><span>&nbsp;<\/span><span>&nbsp;<\/p>\n<p><\/span><span>Segundo H&eacute;lio Vargas, da Record, muito dos projetos recebidos na emissora est&atilde;o em est&aacute;gio muito embrion&aacute;rio. &quot;Falta focar os projetos em leis de capta&ccedil;&atilde;o. Como eles ser&atilde;o financiados?&quot;, questiona.<\/span><span>&nbsp;<\/span><span>&nbsp;<\/p>\n<p><\/span><span>K&aacute;tia Murgel lembra que a maioria das propostas de produ&ccedil;&atilde;o que chegam ao escrit&oacute;rio da Fox n&atilde;o se enquadram em nenhum dos canais da programadora. &quot;Recebo &oacute;timos projetos para o Fox Kids. O que esses produtores n&atilde;o sabem &eacute; que o canal nem sequer existe mais&quot;, exemplifica. <\/span><span>&nbsp;<\/span><span>&nbsp;<\/p>\n<p><\/span><span>Ela d&aacute; a dica: &quot;Assistam os nossos canais para saber o que queremos&quot;.<\/span><span>Por outro lado, os produtores sentem falta de um canal para comunicar-se com os canais de televis&atilde;o sobre seus projetos. <\/span><span>&nbsp;<\/span><span>&nbsp;<\/p>\n<p><\/span><span>Gil Ribeiro lembra que n&atilde;o acredita em projetos desenvolvidos solitariamente. &quot;Para o processo dar certo, o trabalho deve ser feito em conjunto. Todos t&ecirc;m de sentar juntos e discutir&quot;, afirma o diretor, respons&aacute;vel pela s&eacute;rie &quot;Mothern&quot;, produzida em parceria com o GNT. <br \/><\/span><\/p>\n<p><span>&nbsp;<img loading=\"lazy\" decoding=\"async\" src=\"images\/stories\/politica_publicacoes\/c_normal_pq.png\" alt=\"Active Image\" width=\"15\" height=\"15\" \/>&nbsp;publica&ccedil;&atilde;o autorizada.<\/span><\/p>\n<p>&nbsp;<\/p>\n","protected":false},"excerpt":{"rendered":"<p>Se no momento presente a participa&ccedil;&atilde;o da produ&ccedil;&atilde;o independente nos canais de televis&atilde;o aberta e fechada ainda &eacute; t&iacute;mida, a perspectiva &eacute; que esse espa&ccedil;o aumente no futuro. Esse crescimento, no entanto, s&oacute; acontecer&aacute; se houver entendimento por parte dos produtores sobre aquilo que os canais buscam, e por parte dos broadcasters e programadores sobre &hellip; <a href=\"https:\/\/obscom.intervozes.org.br\/?p=18461\" class=\"more-link\">Continue lendo <span class=\"screen-reader-text\">Produtores e canais discutem espa\u00e7o da produ\u00e7\u00e3o independente<\/span> <span class=\"meta-nav\">&rarr;<\/span><\/a><\/p>\n","protected":false},"author":1,"featured_media":0,"comment_status":"open","ping_status":"open","sticky":false,"template":"","format":"standard","meta":{"footnotes":""},"categories":[40],"tags":[264],"_links":{"self":[{"href":"https:\/\/obscom.intervozes.org.br\/index.php?rest_route=\/wp\/v2\/posts\/18461"}],"collection":[{"href":"https:\/\/obscom.intervozes.org.br\/index.php?rest_route=\/wp\/v2\/posts"}],"about":[{"href":"https:\/\/obscom.intervozes.org.br\/index.php?rest_route=\/wp\/v2\/types\/post"}],"author":[{"embeddable":true,"href":"https:\/\/obscom.intervozes.org.br\/index.php?rest_route=\/wp\/v2\/users\/1"}],"replies":[{"embeddable":true,"href":"https:\/\/obscom.intervozes.org.br\/index.php?rest_route=%2Fwp%2Fv2%2Fcomments&post=18461"}],"version-history":[{"count":0,"href":"https:\/\/obscom.intervozes.org.br\/index.php?rest_route=\/wp\/v2\/posts\/18461\/revisions"}],"wp:attachment":[{"href":"https:\/\/obscom.intervozes.org.br\/index.php?rest_route=%2Fwp%2Fv2%2Fmedia&parent=18461"}],"wp:term":[{"taxonomy":"category","embeddable":true,"href":"https:\/\/obscom.intervozes.org.br\/index.php?rest_route=%2Fwp%2Fv2%2Fcategories&post=18461"},{"taxonomy":"post_tag","embeddable":true,"href":"https:\/\/obscom.intervozes.org.br\/index.php?rest_route=%2Fwp%2Fv2%2Ftags&post=18461"}],"curies":[{"name":"wp","href":"https:\/\/api.w.org\/{rel}","templated":true}]}}