{"id":18457,"date":"2007-05-31T16:42:42","date_gmt":"2007-05-31T16:42:42","guid":{"rendered":"https:\/\/obscom.intervozes.org.br\/wordpress\/?p=18457"},"modified":"2007-05-31T16:42:42","modified_gmt":"2007-05-31T16:42:42","slug":"mpf-e-organizacoes-reafirmam-apoio-a-portaria-264","status":"publish","type":"post","link":"https:\/\/obscom.intervozes.org.br\/?p=18457","title":{"rendered":"MPF e organiza\u00e7\u00f5es reafirmam apoio \u00e0 Portaria 264"},"content":{"rendered":"<p style=\"margin: 0cm 0cm 0pt\" class=\"MsoNormal\"><span>Ap&oacute;s receber os representantes dos radiodifusores comerciais, foi a vez de o&nbsp; Minist&eacute;rio da Justi&ccedil;a (MJ) ouvir os argumentos daqueles que defendem as regras criadas pela Portaria 264\/07 para a classifica&ccedil;&atilde;o indicativa de obras audiovisuais. Minist&eacute;rio P&uacute;blico e diversas entidades de defesa dos direitos humanos, das crian&ccedil;as e adolescentes e da democratiza&ccedil;&atilde;o da comunica&ccedil;&atilde;o foram recebidos nesta quarta-feira, 30, pelo secret&aacute;rio nacional de Justi&ccedil;a, Ant&ocirc;nio Carlos Biscaia. <\/span><\/p>\n<p><span>&nbsp;<\/span> <\/p>\n<p style=\"margin: 0cm 0cm 0pt\" class=\"MsoNormal\"><span>A nova gest&atilde;o do MJ (Tarso Genro &agrave; frente), que assumiu ap&oacute;s a publica&ccedil;&atilde;o da nova norma, foi pressionada pela Associa&ccedil;&atilde;o das Emissoras de R&aacute;dio e Televis&atilde;o (Abert) a reabrir a discuss&atilde;o de alguns pontos da Portaria considerados negativos por eles, especialmente os que tratam da reclassifica&ccedil;&atilde;o cautelar (art.15) e da correspond&ecirc;ncia das faixas hor&aacute;rias com as faixas et&aacute;rias, respeitando os diferentes fusos hor&aacute;rios (art.19). Esse &uacute;ltimo ponto foi objeto de uma a&ccedil;&atilde;o da Abert junto ao Superior Tribunal de Justi&ccedil;a (STJ), que determinou sua suspens&atilde;o at&eacute; que a quest&atilde;o seja julgada no Supremo Tribunal federal (STF).<\/span><\/p>\n<p><span>&nbsp;<\/span> <\/p>\n<p style=\"margin: 0cm 0cm 0pt\" class=\"MsoNormal\"><span><strong>Argumentos a favor<\/strong><\/span><\/p>\n<p><span>&nbsp;<\/span> <\/p>\n<p style=\"margin: 0cm 0cm 0pt\" class=\"MsoNormal\"><span>Durante a reuni&atilde;o, muitas entidades expressaram seu apoio &agrave; iniciativa do Minist&eacute;rio, ressaltando a necessidade de haver formas de regular o conte&uacute;do que &eacute; veiculado pelos meios de comunica&ccedil;&atilde;o, especialmente a televis&atilde;o. O representante do Conselho Federal de Psicologia (CFP), Ricardo Moretzon, apresentou argumentos que refor&ccedil;am a import&acirc;ncia de evitar a exposi&ccedil;&atilde;o de crian&ccedil;as e adolescentes a conte&uacute;dos potencialmente lesivos. &ldquo;Se crian&ccedil;as e adolescentes s&atilde;o expostos a conte&uacute;dos que estimulam a viol&ecirc;ncia gratuita ou a erotiza&ccedil;&atilde;o precoce, isso afeta sua forma&ccedil;&atilde;o. Estamos falando, portanto, de que cidad&atilde;os n&oacute;s queremos para o Brasil&rdquo;.<\/span><\/p>\n<p><span>&nbsp;<\/span> <\/p>\n<p style=\"margin: 0cm 0cm 0pt\" class=\"MsoNormal\"><span>Para o representante da Andi (Ag&ecirc;ncia de Not&iacute;cias dos Direitos da Crian&ccedil;a e do Adolescente), Veet Vivarta, legisla&ccedil;&otilde;es que adequam a exibi&ccedil;&atilde;o de conte&uacute;dos a determinadas faixas hor&aacute;rias s&atilde;o um indicador de desenvolvimento democr&aacute;tico, n&atilde;o o contr&aacute;rio. Vivarta fez uma apresenta&ccedil;&atilde;o contundente da import&acirc;ncia dos mecanismos de classifica&ccedil;&atilde;o indicativa, contrapondo os principais argumentos dos radiodifusores comerciais, como os de que a classifica&ccedil;&atilde;o &eacute; censura ou dirigismo cultural.<\/span><\/p>\n<p><span>&nbsp;<\/span> <\/p>\n<p style=\"margin: 0cm 0cm 0pt\" class=\"MsoNormal\"><span><strong>Pr&oacute;ximo cap&iacute;tulo<\/strong><\/span><\/p>\n<p><span>&nbsp;<\/span> <\/p>\n<p style=\"margin: 0cm 0cm 0pt\" class=\"MsoNormal\"><span>Ao final da reuni&atilde;o, o secret&aacute;rio Ant&ocirc;nio Biscaia se disse impressionado com os argumentos colocados. E foi ainda mais expl&iacute;cito: &ldquo;Ficou claro, para quem esteve aqui, que a classifica&ccedil;&atilde;o indicativa &eacute; fundamental para a sociedade e deve ser mantida como est&aacute; na proposta hoje&rdquo;. Para ele, as emissoras de televis&atilde;o devem apresentar n&atilde;o apenas as suas cr&iacute;ticas, mas tamb&eacute;m propostas alternativas para aqueles pontos por elas contestados. Biscaia concluiu dizendo que &ldquo;a decis&atilde;o ser&aacute; dada depois da terceira reuni&atilde;o&rdquo;, referindo-se ao pr&oacute;ximo encontro que ser&aacute; promovido pelo Minist&eacute;rio, dessa vez tanto com a presen&ccedil;a da Abert quanto das entidades que defendem o texto original da portaria.<\/span><\/p>\n<p><span>&nbsp;<\/span> <\/p>\n<p style=\"margin: 0cm 0cm 0pt\" class=\"MsoNormal\"><span>Para a Dra. Ela Wiecko, Procuradora Federal dos Direitos do Cidad&atilde;o, a reuni&atilde;o desta quarta-feira foi importante como prepara&ccedil;&atilde;o para a reuni&atilde;o conjunta com as emissoras. &ldquo;Os parceiros puderam se reencontrar. Foi importante tamb&eacute;m porque pudemos recuperar todo o processo de discuss&otilde;es e debates que prepararam a edi&ccedil;&atilde;o da portaria de classifica&ccedil;&atilde;o indicativa&rdquo;, disse Wiecko referindo-se&nbsp; aos tr&ecirc;s anos em que o MJ promoveu debates, semin&aacute;rios internacionais e ouviu todos os interessados no assunto antes de publicar a atual norma.<\/span><\/p>\n<p><span>&nbsp;<\/span> <\/p>\n<p style=\"margin: 0cm 0cm 0pt\" class=\"MsoNormal\"><span>A reuni&atilde;o decisiva foi pr&eacute;-agendada para o dia 20 de junho, uma vez que o prazo de 45 dias dado pelo Minist&eacute;rio para a reabertura das discuss&otilde;es encerra-se no dia 27. A expectativa das entidades &eacute; grande, e o receio de que os interesses econ&ocirc;micos das emissoras prevale&ccedil;am. Moretzon, do CFP, espera que nessa reuni&atilde;o &ldquo;as entidades sejam competentes para explicitar as contradi&ccedil;&otilde;es dos argumentos dos radiodifusores e convencer o Ministro Tarso Genro de que a Portaria 264\/07 &eacute; uma conquista da sociedade&rdquo;.<\/span><\/p>\n<p style=\"margin: 0cm 0cm 0pt\" class=\"MsoNormal\"><span><br \/><\/span>&nbsp;<\/p>\n<p style=\"margin: 0cm 0cm 0pt\" class=\"MsoNormal\"><span><img loading=\"lazy\" decoding=\"async\" src=\"images\/stories\/politica_publicacoes\/c_invertido_pq.png\" alt=\"Active Image\" width=\"15\" height=\"15\" \/>&nbsp;permitida a publica&ccedil;&atilde;o, desde que citada a fonte original.<\/span><\/p>\n","protected":false},"excerpt":{"rendered":"<p>Ap&oacute;s receber os representantes dos radiodifusores comerciais, foi a vez de o&nbsp; Minist&eacute;rio da Justi&ccedil;a (MJ) ouvir os argumentos daqueles que defendem as regras criadas pela Portaria 264\/07 para a classifica&ccedil;&atilde;o indicativa de obras audiovisuais. Minist&eacute;rio P&uacute;blico e diversas entidades de defesa dos direitos humanos, das crian&ccedil;as e adolescentes e da democratiza&ccedil;&atilde;o da comunica&ccedil;&atilde;o foram &hellip; <a href=\"https:\/\/obscom.intervozes.org.br\/?p=18457\" class=\"more-link\">Continue lendo <span class=\"screen-reader-text\">MPF e organiza\u00e7\u00f5es reafirmam apoio \u00e0 Portaria 264<\/span> <span class=\"meta-nav\">&rarr;<\/span><\/a><\/p>\n","protected":false},"author":1,"featured_media":0,"comment_status":"open","ping_status":"open","sticky":false,"template":"","format":"standard","meta":{"footnotes":""},"categories":[40],"tags":[111],"_links":{"self":[{"href":"https:\/\/obscom.intervozes.org.br\/index.php?rest_route=\/wp\/v2\/posts\/18457"}],"collection":[{"href":"https:\/\/obscom.intervozes.org.br\/index.php?rest_route=\/wp\/v2\/posts"}],"about":[{"href":"https:\/\/obscom.intervozes.org.br\/index.php?rest_route=\/wp\/v2\/types\/post"}],"author":[{"embeddable":true,"href":"https:\/\/obscom.intervozes.org.br\/index.php?rest_route=\/wp\/v2\/users\/1"}],"replies":[{"embeddable":true,"href":"https:\/\/obscom.intervozes.org.br\/index.php?rest_route=%2Fwp%2Fv2%2Fcomments&post=18457"}],"version-history":[{"count":0,"href":"https:\/\/obscom.intervozes.org.br\/index.php?rest_route=\/wp\/v2\/posts\/18457\/revisions"}],"wp:attachment":[{"href":"https:\/\/obscom.intervozes.org.br\/index.php?rest_route=%2Fwp%2Fv2%2Fmedia&parent=18457"}],"wp:term":[{"taxonomy":"category","embeddable":true,"href":"https:\/\/obscom.intervozes.org.br\/index.php?rest_route=%2Fwp%2Fv2%2Fcategories&post=18457"},{"taxonomy":"post_tag","embeddable":true,"href":"https:\/\/obscom.intervozes.org.br\/index.php?rest_route=%2Fwp%2Fv2%2Ftags&post=18457"}],"curies":[{"name":"wp","href":"https:\/\/api.w.org\/{rel}","templated":true}]}}