{"id":18456,"date":"2007-05-31T16:02:38","date_gmt":"2007-05-31T16:02:38","guid":{"rendered":"https:\/\/obscom.intervozes.org.br\/wordpress\/?p=18456"},"modified":"2007-05-31T16:02:38","modified_gmt":"2007-05-31T16:02:38","slug":"comissao-aprova-novas-regras-para-outorga-de-radios-e-tvs","status":"publish","type":"post","link":"https:\/\/obscom.intervozes.org.br\/?p=18456","title":{"rendered":"Comiss\u00e3o aprova novas regras para outorga de r\u00e1dios e TVs"},"content":{"rendered":"<p><span>A Comiss&atilde;o de Ci&ecirc;ncia e Tecnologia, Comunica&ccedil;&atilde;o e Inform&aacute;tica da C&acirc;mara aprovou nesta quarta-feira (30\/05) novas regras para a renova&ccedil;&atilde;o e outorga de r&aacute;dios e TVs. Os novos procedimentos da Comiss&atilde;o foram definidas no relat&oacute;rio parcial da deputada Maria do Carmo Lara (PT-MG), da Subcomiss&atilde;o Especial que tratou do tema nos &uacute;ltimos dois meses. <br \/><\/span><span><br \/>As normas que valer&atilde;o para os processos que chegarem &agrave; C&acirc;mara a partir do dia 1o de julho, dever&atilde;o acelerar a tramita&ccedil;&atilde;o de renova&ccedil;&atilde;o e outorga de r&aacute;dios e TVs, segundo avalia&ccedil;&atilde;o da relatora. <\/span><span>No ato normativo que vai orientar a atua&ccedil;&atilde;o da Comiss&atilde;o a partir de julho, fica eliminada a possibilidade de devolu&ccedil;&atilde;o do processo ao Minist&eacute;rio das Comunica&ccedil;&otilde;es para solu&ccedil;&atilde;o de eventuais pend&ecirc;ncias. <\/span><span>Se no prazo de 90 dias as pend&ecirc;ncias detectadas na C&acirc;mara n&atilde;o forem resolvidas pelas emissoras, o processo ser&aacute; distribu&iacute;do para relatoria com recomenda&ccedil;&atilde;o pela rejei&ccedil;&atilde;o. <\/span><span><\/p>\n<p>O relat&oacute;rio tamb&eacute;m prev&ecirc; a realiza&ccedil;&atilde;o de a&ccedil;&otilde;es de fiscaliza&ccedil;&atilde;o com o aux&iacute;lio do TCU (Tribunal de Contas da Uni&atilde;o) sobre os procedimentos adotados pelo Poder Executivo no exame dos processos. <\/span><span>O processo tamb&eacute;m n&atilde;o ficar&aacute; parado na C&acirc;mara. O presidente da Comiss&atilde;o poder&aacute; requisitar os processos que n&atilde;o forem relatados no prazo de cinco sess&otilde;es para redistribui&ccedil;&atilde;o. <\/span><span><\/p>\n<p>A Comiss&atilde;o tamb&eacute;m vai criar, no site da C&acirc;mara dos Deputados, um sistema de consulta sobre a propriedade das r&aacute;dios e TVs no pa&iacute;s. A expectativa &eacute; a de que o sistema comece a ser alimentado no segundo semestre deste ano. <\/span><span>Inicialmente, estar&atilde;o dispon&iacute;veis os dados referentes aos processos que chegarem &agrave; C&acirc;mara. <\/span><span><\/p>\n<p>O relat&oacute;rio parcial da Subcomiss&atilde;o Especial presidida pela deputada Luiza Erundina (PSB-SP), tamb&eacute;m definiu que as outorgas para emissoras com fins exclusivamente educativos dever&atilde;o estar vinculadas a institui&ccedil;&otilde;es de ensino, com reconhecimento formal do Minist&eacute;rio da Educa&ccedil;&atilde;o. <br \/><\/span><span><br \/>Para o per&iacute;odo de transi&ccedil;&atilde;o entre as normas antigas e as novas, a comiss&atilde;o estabeleceu que os processos que j&aacute; est&atilde;o na C&acirc;mara e os que chegarem antes do dia 1o de julho ser&atilde;o analisados com base no ato normativo antigo (de 1999).&nbsp; <\/span><span>Em comum acordo com a C&acirc;mara dos Deputados, o Minist&eacute;rio das Comunica&ccedil;&otilde;es dever&aacute; solicitar a devolu&ccedil;&atilde;o de mais de 80 processos rejeitados pela Comiss&atilde;o antes da aprova&ccedil;&atilde;o do novo ato, para tentar solucionar pend&ecirc;ncias. <\/p>\n<p><\/span><\/p>\n<p style=\"margin: 0cm 0cm 0pt\" class=\"MsoNormal\"><span>&ldquo;Aprovar esse relat&oacute;rio era um desejo antigo da Comiss&atilde;o para as quest&otilde;es de outorga e renova&ccedil;&atilde;o fossem mais r&aacute;pidas, fossem mais transparentes e tivessem mais celeridade&rdquo;, disse Maria do Carmo Lara. <\/span><span>Ela destacou a import&acirc;ncia da aprova&ccedil;&atilde;o do relat&oacute;rio como um primeiro passo fundamental para discuss&otilde;es de projetos de lei sobre o tema. Esse debate ocorrer&aacute; na segunda etapa dos trabalhos da Subcomiss&atilde;o Especial, prorrogados at&eacute; agosto.<\/span><\/p>\n<p style=\"margin: 0cm 0cm 0pt\" class=\"MsoNormal\">&nbsp;<\/p>\n<p style=\"margin: 0cm 0cm 0pt\" class=\"MsoNormal\"><span><img loading=\"lazy\" decoding=\"async\" src=\"images\/stories\/politica_publicacoes\/c_invertido_pq.png\" alt=\"Active Image\" width=\"15\" height=\"15\" \/><\/span><\/p>\n<p>&nbsp;<\/p>\n","protected":false},"excerpt":{"rendered":"<p>A Comiss\u00e3o de Ci\u00eancia e Tecnologia da C\u00e2mara aprovou nesta quarta-feira (30\/05) novas regras para a renova\u00e7\u00e3o e outorga de r\u00e1dios e TVs. Os novos procedimentos da Comiss\u00e3o foram definidas no relat\u00f3rio parcial da deputada Maria do Carmo Lara (PT-MG).<\/p>\n","protected":false},"author":1,"featured_media":0,"comment_status":"open","ping_status":"open","sticky":false,"template":"","format":"standard","meta":{"footnotes":""},"categories":[40],"tags":[164],"_links":{"self":[{"href":"https:\/\/obscom.intervozes.org.br\/index.php?rest_route=\/wp\/v2\/posts\/18456"}],"collection":[{"href":"https:\/\/obscom.intervozes.org.br\/index.php?rest_route=\/wp\/v2\/posts"}],"about":[{"href":"https:\/\/obscom.intervozes.org.br\/index.php?rest_route=\/wp\/v2\/types\/post"}],"author":[{"embeddable":true,"href":"https:\/\/obscom.intervozes.org.br\/index.php?rest_route=\/wp\/v2\/users\/1"}],"replies":[{"embeddable":true,"href":"https:\/\/obscom.intervozes.org.br\/index.php?rest_route=%2Fwp%2Fv2%2Fcomments&post=18456"}],"version-history":[{"count":0,"href":"https:\/\/obscom.intervozes.org.br\/index.php?rest_route=\/wp\/v2\/posts\/18456\/revisions"}],"wp:attachment":[{"href":"https:\/\/obscom.intervozes.org.br\/index.php?rest_route=%2Fwp%2Fv2%2Fmedia&parent=18456"}],"wp:term":[{"taxonomy":"category","embeddable":true,"href":"https:\/\/obscom.intervozes.org.br\/index.php?rest_route=%2Fwp%2Fv2%2Fcategories&post=18456"},{"taxonomy":"post_tag","embeddable":true,"href":"https:\/\/obscom.intervozes.org.br\/index.php?rest_route=%2Fwp%2Fv2%2Ftags&post=18456"}],"curies":[{"name":"wp","href":"https:\/\/api.w.org\/{rel}","templated":true}]}}