{"id":18454,"date":"2007-05-31T14:05:36","date_gmt":"2007-05-31T14:05:36","guid":{"rendered":"https:\/\/obscom.intervozes.org.br\/wordpress\/?p=18454"},"modified":"2007-05-31T14:05:36","modified_gmt":"2007-05-31T14:05:36","slug":"senador-e-deputado-falam-em-preservar-producao-e-programacao-nacional","status":"publish","type":"post","link":"https:\/\/obscom.intervozes.org.br\/?p=18454","title":{"rendered":"Senador e deputado falam em preservar &#8220;produ\u00e7\u00e3o e programa\u00e7\u00e3o&#8221; nacional"},"content":{"rendered":"<p style=\"margin: 0cm 0cm 0pt\" class=\"MsoNormal\"><span>O deputado J&uacute;lio Semeguini (PSDB\/SP) e o senador Wellington Salgado (PMDB\/MG) estiveram nesta quarta, 30, no primeiro dia do Congresso da Abert (associa&ccedil;&atilde;o de emissoras de r&aacute;dio e TV). Os parlamentares, que presidem, respectivamente, as comiss&otilde;es de comunica&ccedil;&atilde;o da C&acirc;mara e do Senado, fizeram discursos que est&atilde;o em linha com as preocupa&ccedil;&otilde;es dos radiodifusores. Para Semeghini, &eacute; importante que a discuss&atilde;o da converg&ecirc;ncia preserve &quot;o que est&aacute; bem constru&iacute;do nas comunica&ccedil;&otilde;es brasileiras, ou seja, o conte&uacute;do brasileiro&quot;. <\/p>\n<p>Wellington Salgado foi um pouco mais incisivo. Ele utilizou o exemplo dado por Ant&ocirc;nio Valente, presidente da Telef&ocirc;nica, em audi&ecirc;ncia no Senado na semana passada e afirmou que &quot;as teles t&ecirc;m dito que n&atilde;o querem &#39;entregar a pizza&#39;, mas o grande segredo n&atilde;o &eacute; a produ&ccedil;&atilde;o de conte&uacute;do; &eacute; a programa&ccedil;&atilde;o de conte&uacute;do&quot;, disse, pedindo uma lei que proteja o conte&uacute;do nacional, a produ&ccedil;&atilde;o e tamb&eacute;m a programa&ccedil;&atilde;o nacional. Os conceitos de produ&ccedil;&atilde;o e programa&ccedil;&atilde;o s&atilde;o definidos na regulamenta&ccedil;&atilde;o do setor audiovisual. Com base nessas defini&ccedil;&otilde;es, falar em preserva&ccedil;&atilde;o dos interesses brasileiros na programa&ccedil;&atilde;o significa dizer que apenas brasileiros decidir&atilde;o o que ser&aacute; exibido, o que &eacute; muito mais complexo para empresas de telecomunica&ccedil;&otilde;es ou TV paga do que dizer que haver&aacute; prote&ccedil;&atilde;o ao conte&uacute;do nacional. <\/p>\n<p>O ministro das Comunica&ccedil;&otilde;es, H&eacute;lio Costa, ao comentar as interven&ccedil;&otilde;es de Salgado (que &eacute; seu suplente no Senado) disse que o senador est&aacute; &quot;fazendo o seu dever de casa direitinho&quot;, e completou: &quot;ao falarmos de converg&ecirc;ncia, &eacute; preciso ver como a radiodifus&atilde;o vai interagir com as telecomunica&ccedil;&otilde;es, sem perder espa&ccedil;o, sem ceder um cent&iacute;metro de espa&ccedil;o&quot;.<\/span><\/p>\n<p style=\"margin: 0cm 0cm 0pt\" class=\"MsoNormal\">&nbsp;<\/p>\n<p style=\"margin: 0cm 0cm 0pt\" class=\"MsoNormal\"><span><img loading=\"lazy\" decoding=\"async\" src=\"images\/stories\/politica_publicacoes\/c_normal_pq.png\" alt=\"Active Image\" width=\"15\" height=\"15\" \/><\/span><\/p>\n","protected":false},"excerpt":{"rendered":"<p>O deputado J&uacute;lio Semeguini (PSDB\/SP) e o senador Wellington Salgado (PMDB\/MG) estiveram nesta quarta, 30, no primeiro dia do Congresso da Abert (associa&ccedil;&atilde;o de emissoras de r&aacute;dio e TV). Os parlamentares, que presidem, respectivamente, as comiss&otilde;es de comunica&ccedil;&atilde;o da C&acirc;mara e do Senado, fizeram discursos que est&atilde;o em linha com as preocupa&ccedil;&otilde;es dos radiodifusores. Para &hellip; <a href=\"https:\/\/obscom.intervozes.org.br\/?p=18454\" class=\"more-link\">Continue lendo <span class=\"screen-reader-text\">Senador e deputado falam em preservar &#8220;produ\u00e7\u00e3o e programa\u00e7\u00e3o&#8221; nacional<\/span> <span class=\"meta-nav\">&rarr;<\/span><\/a><\/p>\n","protected":false},"author":1,"featured_media":0,"comment_status":"open","ping_status":"open","sticky":false,"template":"","format":"standard","meta":{"footnotes":""},"categories":[40],"tags":[95],"_links":{"self":[{"href":"https:\/\/obscom.intervozes.org.br\/index.php?rest_route=\/wp\/v2\/posts\/18454"}],"collection":[{"href":"https:\/\/obscom.intervozes.org.br\/index.php?rest_route=\/wp\/v2\/posts"}],"about":[{"href":"https:\/\/obscom.intervozes.org.br\/index.php?rest_route=\/wp\/v2\/types\/post"}],"author":[{"embeddable":true,"href":"https:\/\/obscom.intervozes.org.br\/index.php?rest_route=\/wp\/v2\/users\/1"}],"replies":[{"embeddable":true,"href":"https:\/\/obscom.intervozes.org.br\/index.php?rest_route=%2Fwp%2Fv2%2Fcomments&post=18454"}],"version-history":[{"count":0,"href":"https:\/\/obscom.intervozes.org.br\/index.php?rest_route=\/wp\/v2\/posts\/18454\/revisions"}],"wp:attachment":[{"href":"https:\/\/obscom.intervozes.org.br\/index.php?rest_route=%2Fwp%2Fv2%2Fmedia&parent=18454"}],"wp:term":[{"taxonomy":"category","embeddable":true,"href":"https:\/\/obscom.intervozes.org.br\/index.php?rest_route=%2Fwp%2Fv2%2Fcategories&post=18454"},{"taxonomy":"post_tag","embeddable":true,"href":"https:\/\/obscom.intervozes.org.br\/index.php?rest_route=%2Fwp%2Fv2%2Ftags&post=18454"}],"curies":[{"name":"wp","href":"https:\/\/api.w.org\/{rel}","templated":true}]}}