{"id":18447,"date":"2007-05-29T16:45:50","date_gmt":"2007-05-29T16:45:50","guid":{"rendered":"https:\/\/obscom.intervozes.org.br\/wordpress\/?p=18447"},"modified":"2007-05-29T16:45:50","modified_gmt":"2007-05-29T16:45:50","slug":"tv-aberta-nao-tera-mecanismos-anti-copia-afirma-ministro","status":"publish","type":"post","link":"https:\/\/obscom.intervozes.org.br\/?p=18447","title":{"rendered":"TV aberta n\u00e3o ter\u00e1 mecanismos anti-c\u00f3pia, afirma ministro"},"content":{"rendered":"<p><span>Apesar da press&atilde;o dos radiodifusores,&nbsp;a&nbsp;TV digital brasileira n&atilde;o ter&aacute; mecanismos que impe&ccedil;am os usu&aacute;rios de copiar os conte&uacute;dos para os fins que a Lei permite. &Eacute; o que afirmou o ministro de Ci&ecirc;ncia e Tecnologia, S&eacute;rgio Rezende, ap&oacute;s sua participa&ccedil;&atilde;o no lan&ccedil;amento da Frente Parlamentar da Tecnologia da Informa&ccedil;&atilde;o, na C&acirc;mara. <\/span><span>&nbsp;<\/p>\n<p><\/span><span>Segundo o ministro, as principais normas que atendem ao Sistema Brasileiro de Televis&atilde;o Digital Terrestre (SBTVD) foram aprovadas pelo Comit&ecirc; de Desenvolvimento da TV Digital em reuni&atilde;o realizada nessa segunda-feira, 28, no Pal&aacute;cio do Planalto. Mas, de acordo com Rezende, o bloqueador de reprodu&ccedil;&atilde;o de programas nos aparelhos conversores n&atilde;o foi aprovado. &ldquo;As produtoras e os fabricantes de caixas conversoras e televis&otilde;es dever&atilde;o seguir as normas aprovadas e a TV aberta continuar&aacute; a ser gravada por qualquer pessoa&rdquo;, comentou o ministro.<\/span><img loading=\"lazy\" decoding=\"async\" src=\"https:\/\/obscom.intervozes.org.br\/images\/stories\/politica_publicacoes\/c_invertido_pq.png\" alt=\"Active Image\" width=\"21\" height=\"15\" \/><\/p>\n","protected":false},"excerpt":{"rendered":"<p>Apesar da press\u00e3o dos radiodifusores, a TV digital brasileira n\u00e3o ter\u00e1 mecanismos que impe\u00e7am os usu\u00e1rios de copiar os conte\u00fados para os fins que a Lei permite. \u00c9 o que afirmou o ministro de Ci\u00eancia e Tecnologia, S\u00e9rgio Rezende.<\/p>\n","protected":false},"author":1,"featured_media":0,"comment_status":"open","ping_status":"open","sticky":false,"template":"","format":"standard","meta":{"footnotes":""},"categories":[40],"tags":[79],"_links":{"self":[{"href":"https:\/\/obscom.intervozes.org.br\/index.php?rest_route=\/wp\/v2\/posts\/18447"}],"collection":[{"href":"https:\/\/obscom.intervozes.org.br\/index.php?rest_route=\/wp\/v2\/posts"}],"about":[{"href":"https:\/\/obscom.intervozes.org.br\/index.php?rest_route=\/wp\/v2\/types\/post"}],"author":[{"embeddable":true,"href":"https:\/\/obscom.intervozes.org.br\/index.php?rest_route=\/wp\/v2\/users\/1"}],"replies":[{"embeddable":true,"href":"https:\/\/obscom.intervozes.org.br\/index.php?rest_route=%2Fwp%2Fv2%2Fcomments&post=18447"}],"version-history":[{"count":0,"href":"https:\/\/obscom.intervozes.org.br\/index.php?rest_route=\/wp\/v2\/posts\/18447\/revisions"}],"wp:attachment":[{"href":"https:\/\/obscom.intervozes.org.br\/index.php?rest_route=%2Fwp%2Fv2%2Fmedia&parent=18447"}],"wp:term":[{"taxonomy":"category","embeddable":true,"href":"https:\/\/obscom.intervozes.org.br\/index.php?rest_route=%2Fwp%2Fv2%2Fcategories&post=18447"},{"taxonomy":"post_tag","embeddable":true,"href":"https:\/\/obscom.intervozes.org.br\/index.php?rest_route=%2Fwp%2Fv2%2Ftags&post=18447"}],"curies":[{"name":"wp","href":"https:\/\/api.w.org\/{rel}","templated":true}]}}