{"id":18446,"date":"2007-05-29T15:48:27","date_gmt":"2007-05-29T15:48:27","guid":{"rendered":"https:\/\/obscom.intervozes.org.br\/wordpress\/?p=18446"},"modified":"2016-06-01T17:53:34","modified_gmt":"2016-06-01T17:53:34","slug":"reporter-fotografico-e-agredido-em-brasilia","status":"publish","type":"post","link":"https:\/\/obscom.intervozes.org.br\/?p=18446","title":{"rendered":"Rep\u00f3rter-fotogr\u00e1fico \u00e9 agredido em Bras\u00edlia"},"content":{"rendered":"<p>O rep\u00f3rter-fotogr\u00e1fico do Jornal de Bras\u00edlia, Davi Z\u00f3coli, em ato p\u00fablico pela cassa\u00e7\u00e3o do deputado distrital Pedro Passos (PMDB) ocorrida na tarde do dia 24\/5\/07 em frente \u00e0 entrada principal da C\u00e2mara Legislativa, foi atingido por socos de cabos eleitorias do deputado. A trucul\u00eancia foi coordenada pelo filho do deputado, Fernando Passos.<\/p>\n<p>O agressor chegou a ser detido por policiais militares que estavam na viatura 1721. Os policiais prometeram encaminh\u00e1-lo para a 2\u00aa DP, mas, estranhamente, n\u00e3o o fizeram. Davi Z\u00f3coli registrou queixa contra o agressor na 2\u00aa DP e depois foi encaminhado ao Instituto M\u00e9dico Legal para exame de corpo delito. Na delegacia, ele esteve acompanhado pelo editor-executivo do Jornal de Bras\u00edlia, Marcelo Agner, e secret\u00e1rio geral do Sindicato, Paulo Miranda.<\/p>\n<p>Em conversa com o delegado Ant\u00f4nio Romeiro, Agner e Miranda pediram prioridade para a apura\u00e7\u00e3o da ocorr\u00eancia a fim de agilizar a identifica\u00e7\u00e3o do agressor e a sua puni\u00e7\u00e3o.<\/p>\n","protected":false},"excerpt":{"rendered":"<p>Profissional da imprensa \u00e9 agredido por cabo eleitoral em ato p\u00fablico pela cassa\u00e7\u00e3o de deputado distrital Pedro Passos (PMDB) ocorrida na tarde do dia 24\/5\/07 em frente \u00e0 entrada principal da C\u00e2mara Legislativa.<\/p>\n","protected":false},"author":1,"featured_media":0,"comment_status":"open","ping_status":"open","sticky":false,"template":"","format":"standard","meta":{"footnotes":""},"categories":[40],"tags":[],"_links":{"self":[{"href":"https:\/\/obscom.intervozes.org.br\/index.php?rest_route=\/wp\/v2\/posts\/18446"}],"collection":[{"href":"https:\/\/obscom.intervozes.org.br\/index.php?rest_route=\/wp\/v2\/posts"}],"about":[{"href":"https:\/\/obscom.intervozes.org.br\/index.php?rest_route=\/wp\/v2\/types\/post"}],"author":[{"embeddable":true,"href":"https:\/\/obscom.intervozes.org.br\/index.php?rest_route=\/wp\/v2\/users\/1"}],"replies":[{"embeddable":true,"href":"https:\/\/obscom.intervozes.org.br\/index.php?rest_route=%2Fwp%2Fv2%2Fcomments&post=18446"}],"version-history":[{"count":1,"href":"https:\/\/obscom.intervozes.org.br\/index.php?rest_route=\/wp\/v2\/posts\/18446\/revisions"}],"predecessor-version":[{"id":29425,"href":"https:\/\/obscom.intervozes.org.br\/index.php?rest_route=\/wp\/v2\/posts\/18446\/revisions\/29425"}],"wp:attachment":[{"href":"https:\/\/obscom.intervozes.org.br\/index.php?rest_route=%2Fwp%2Fv2%2Fmedia&parent=18446"}],"wp:term":[{"taxonomy":"category","embeddable":true,"href":"https:\/\/obscom.intervozes.org.br\/index.php?rest_route=%2Fwp%2Fv2%2Fcategories&post=18446"},{"taxonomy":"post_tag","embeddable":true,"href":"https:\/\/obscom.intervozes.org.br\/index.php?rest_route=%2Fwp%2Fv2%2Ftags&post=18446"}],"curies":[{"name":"wp","href":"https:\/\/api.w.org\/{rel}","templated":true}]}}