{"id":18441,"date":"2007-05-29T12:24:17","date_gmt":"2007-05-29T12:24:17","guid":{"rendered":"https:\/\/obscom.intervozes.org.br\/wordpress\/?p=18441"},"modified":"2007-05-29T12:24:17","modified_gmt":"2007-05-29T12:24:17","slug":"helio-costa-e-contra-instalacao-de-mecanismos-anti-copia","status":"publish","type":"post","link":"https:\/\/obscom.intervozes.org.br\/?p=18441","title":{"rendered":"H\u00e9lio Costa \u00e9 contra instala\u00e7\u00e3o de mecanismos anti-c\u00f3pia"},"content":{"rendered":"<p>O&nbsp;ministro das Comunica&ccedil;&otilde;es, H&eacute;lio Costa, declarou ser contr&aacute;rio &agrave; ado&ccedil;&atilde;o de bloqueadores nos aparelhos conversores de TV digital, porque entende que essa t&eacute;cnica n&atilde;o &eacute; eficaz para impedir a reprodu&ccedil;&atilde;o de v&iacute;deos. Ele acha que o controle da pirataria deve ser feito com base na legisla&ccedil;&atilde;o de direitos autorais existente no Brasil.&nbsp;<\/p>\n<p>O assunto, entre outros temas, est&aacute; na pauta de discuss&atilde;o do Comit&ecirc; de Desenvolvimento da TV Digital, que est&aacute; reunido no Pal&aacute;cio do Planalto. <\/p>\n<p>&quot;Quem fizer pirataria e reprodu&ccedil;&atilde;o tem que responder perante a Justi&ccedil;a&quot;, afirmou H&eacute;lio Costa, ao sair do minist&eacute;rio para a reuni&atilde;o. Ele explicou que, com a tecnologia digital, a c&oacute;pia &eacute; id&ecirc;ntica ao original e que, por isso, &eacute; necess&aacute;rio ter um controle mais rigoroso. <\/p>\n<p>O ministro observou que o Jap&atilde;o optou por ter um dispositivo nos conversores que impede a reprodu&ccedil;&atilde;o. <\/p>\n<p>A mesma medida, de acordo com Costa, chegou a ser estudada nos Estados Unidos, mas foi vetada pela Justi&ccedil;a americana. Segundo ele, tanto nos Estados Unidos quanto na Europa, n&atilde;o h&aacute; o bloqueador, e o controle &eacute; feito pela legisla&ccedil;&atilde;o de direito autoral, como defende o ministro. &quot;Se instalar o bloqueador, vai durar dois meses at&eacute; que um &#39;racker&#39; quebre esse protocolo&quot;, previu. <\/p>\n<p>O ministro disse que o F&oacute;rum da TV Digital, &oacute;rg&atilde;o t&eacute;cnico que assessora o Comit&ecirc;, &eacute; favor&aacute;vel ao bloqueio, mas n&atilde;o tem poder deliberativo. Cabe ao F&oacute;rum, formado por representantes da ind&uacute;stria, dos radiodifusores e do pr&oacute;prio governo, apresentar sugest&otilde;es sobre as normas t&eacute;cnicas que devem constar do Sistema Brasileiro de TV Digital e ser aprovadas pelo Comit&ecirc;. <\/p>\n<p>Costa disse que est&aacute; mantida para dezembro a primeira transmiss&atilde;o comercial da TV digital no Brasil, come&ccedil;ando pela cidade de S&atilde;o Paulo. As principais emissoras de televis&atilde;o em S&atilde;o Paulo &#8211; entre elas, Globo, Record, SBT e Bandeirantes &#8211; receberam no m&ecirc;s passado os primeiros canais digitais. A previs&atilde;o &eacute; de que no pr&oacute;ximo m&ecirc;s elas comecem a operar a TV digital em car&aacute;ter experimental. A transi&ccedil;&atilde;o entre o sistema anal&oacute;gico e o digital dever&aacute; durar at&eacute; 2016. <\/p>\n","protected":false},"excerpt":{"rendered":"<p>O&nbsp;ministro das Comunica&ccedil;&otilde;es, H&eacute;lio Costa, declarou ser contr&aacute;rio &agrave; ado&ccedil;&atilde;o de bloqueadores nos aparelhos conversores de TV digital, porque entende que essa t&eacute;cnica n&atilde;o &eacute; eficaz para impedir a reprodu&ccedil;&atilde;o de v&iacute;deos. Ele acha que o controle da pirataria deve ser feito com base na legisla&ccedil;&atilde;o de direitos autorais existente no Brasil.&nbsp; O assunto, entre &hellip; <a href=\"https:\/\/obscom.intervozes.org.br\/?p=18441\" class=\"more-link\">Continue lendo <span class=\"screen-reader-text\">H\u00e9lio Costa \u00e9 contra instala\u00e7\u00e3o de mecanismos anti-c\u00f3pia<\/span> <span class=\"meta-nav\">&rarr;<\/span><\/a><\/p>\n","protected":false},"author":1,"featured_media":0,"comment_status":"open","ping_status":"open","sticky":false,"template":"","format":"standard","meta":{"footnotes":""},"categories":[40],"tags":[79],"_links":{"self":[{"href":"https:\/\/obscom.intervozes.org.br\/index.php?rest_route=\/wp\/v2\/posts\/18441"}],"collection":[{"href":"https:\/\/obscom.intervozes.org.br\/index.php?rest_route=\/wp\/v2\/posts"}],"about":[{"href":"https:\/\/obscom.intervozes.org.br\/index.php?rest_route=\/wp\/v2\/types\/post"}],"author":[{"embeddable":true,"href":"https:\/\/obscom.intervozes.org.br\/index.php?rest_route=\/wp\/v2\/users\/1"}],"replies":[{"embeddable":true,"href":"https:\/\/obscom.intervozes.org.br\/index.php?rest_route=%2Fwp%2Fv2%2Fcomments&post=18441"}],"version-history":[{"count":0,"href":"https:\/\/obscom.intervozes.org.br\/index.php?rest_route=\/wp\/v2\/posts\/18441\/revisions"}],"wp:attachment":[{"href":"https:\/\/obscom.intervozes.org.br\/index.php?rest_route=%2Fwp%2Fv2%2Fmedia&parent=18441"}],"wp:term":[{"taxonomy":"category","embeddable":true,"href":"https:\/\/obscom.intervozes.org.br\/index.php?rest_route=%2Fwp%2Fv2%2Fcategories&post=18441"},{"taxonomy":"post_tag","embeddable":true,"href":"https:\/\/obscom.intervozes.org.br\/index.php?rest_route=%2Fwp%2Fv2%2Ftags&post=18441"}],"curies":[{"name":"wp","href":"https:\/\/api.w.org\/{rel}","templated":true}]}}