{"id":18440,"date":"2007-05-29T12:18:57","date_gmt":"2007-05-29T12:18:57","guid":{"rendered":"https:\/\/obscom.intervozes.org.br\/wordpress\/?p=18440"},"modified":"2007-05-29T12:18:57","modified_gmt":"2007-05-29T12:18:57","slug":"ministerio-prorroga-prazo-para-habilitacao-de-emissoras","status":"publish","type":"post","link":"https:\/\/obscom.intervozes.org.br\/?p=18440","title":{"rendered":"Minist\u00e9rio prorroga prazo para habilita\u00e7\u00e3o de emissoras"},"content":{"rendered":"<p>O Minist&eacute;rio das Comunica&ccedil;&otilde;es prorrogou, por 45 dias, o prazo para habilita&ccedil;&atilde;o de r&aacute;dios comunit&aacute;rias por comunidades ind&iacute;genas, quilombolas e assentamentos rurais de 194 localidades, situadas em 20 estados brasileiros. A prorroga&ccedil;&atilde;o foi publicada no Di&aacute;rio Oficial da Uni&atilde;o (DOU) desta sexta-feira (25\/05). <\/p>\n<p>O prazo para atendimento ao Aviso n&ordm; 01\/2007, publicado no DOU de 10 de abril, se esgotaria no dia 24 de maio. Com a prorroga&ccedil;&atilde;o, os interessados ter&atilde;o mais tempo para apresentar os documentos necess&aacute;rios para participar do processo seletivo. A decis&atilde;o do ministro H&eacute;lio Costa considerou as dificuldades enfrentadas nessa etapa pelas comunidades em quest&atilde;o, al&eacute;m das solicita&ccedil;&otilde;es apresentadas por v&aacute;rias entidades da sociedade civil. <\/p>\n<p>As regras para a programa&ccedil;&atilde;o de uma r&aacute;dio comunit&aacute;ria e os procedimentos obrigat&oacute;rios para a habilita&ccedil;&atilde;o est&atilde;o dispon&iacute;veis no site <a href=\"http:\/\/www.mc.gov.br\/\">www.mc.gov.br<\/a>. <\/p>\n<p>&nbsp;<img loading=\"lazy\" decoding=\"async\" src=\"images\/stories\/politica_publicacoes\/c_invertido_pq.png\" alt=\"Active Image\" width=\"15\" height=\"15\" \/><\/p>\n","protected":false},"excerpt":{"rendered":"<p>O Minist&eacute;rio das Comunica&ccedil;&otilde;es prorrogou, por 45 dias, o prazo para habilita&ccedil;&atilde;o de r&aacute;dios comunit&aacute;rias por comunidades ind&iacute;genas, quilombolas e assentamentos rurais de 194 localidades, situadas em 20 estados brasileiros. A prorroga&ccedil;&atilde;o foi publicada no Di&aacute;rio Oficial da Uni&atilde;o (DOU) desta sexta-feira (25\/05). O prazo para atendimento ao Aviso n&ordm; 01\/2007, publicado no DOU de &hellip; <a href=\"https:\/\/obscom.intervozes.org.br\/?p=18440\" class=\"more-link\">Continue lendo <span class=\"screen-reader-text\">Minist\u00e9rio prorroga prazo para habilita\u00e7\u00e3o de emissoras<\/span> <span class=\"meta-nav\">&rarr;<\/span><\/a><\/p>\n","protected":false},"author":1,"featured_media":0,"comment_status":"open","ping_status":"open","sticky":false,"template":"","format":"standard","meta":{"footnotes":""},"categories":[40],"tags":[155],"_links":{"self":[{"href":"https:\/\/obscom.intervozes.org.br\/index.php?rest_route=\/wp\/v2\/posts\/18440"}],"collection":[{"href":"https:\/\/obscom.intervozes.org.br\/index.php?rest_route=\/wp\/v2\/posts"}],"about":[{"href":"https:\/\/obscom.intervozes.org.br\/index.php?rest_route=\/wp\/v2\/types\/post"}],"author":[{"embeddable":true,"href":"https:\/\/obscom.intervozes.org.br\/index.php?rest_route=\/wp\/v2\/users\/1"}],"replies":[{"embeddable":true,"href":"https:\/\/obscom.intervozes.org.br\/index.php?rest_route=%2Fwp%2Fv2%2Fcomments&post=18440"}],"version-history":[{"count":0,"href":"https:\/\/obscom.intervozes.org.br\/index.php?rest_route=\/wp\/v2\/posts\/18440\/revisions"}],"wp:attachment":[{"href":"https:\/\/obscom.intervozes.org.br\/index.php?rest_route=%2Fwp%2Fv2%2Fmedia&parent=18440"}],"wp:term":[{"taxonomy":"category","embeddable":true,"href":"https:\/\/obscom.intervozes.org.br\/index.php?rest_route=%2Fwp%2Fv2%2Fcategories&post=18440"},{"taxonomy":"post_tag","embeddable":true,"href":"https:\/\/obscom.intervozes.org.br\/index.php?rest_route=%2Fwp%2Fv2%2Ftags&post=18440"}],"curies":[{"name":"wp","href":"https:\/\/api.w.org\/{rel}","templated":true}]}}