{"id":18439,"date":"2007-05-28T17:28:07","date_gmt":"2007-05-28T17:28:07","guid":{"rendered":"https:\/\/obscom.intervozes.org.br\/wordpress\/?p=18439"},"modified":"2007-05-28T17:28:07","modified_gmt":"2007-05-28T17:28:07","slug":"comissao-vota-prazo-para-instalacao-de-bloqueador-em-tvs","status":"publish","type":"post","link":"https:\/\/obscom.intervozes.org.br\/?p=18439","title":{"rendered":"Comiss\u00e3o vota prazo para instala\u00e7\u00e3o de bloqueador em TVs"},"content":{"rendered":"<p>A Comiss&atilde;o de Desenvolvimento Econ&ocirc;mico, Ind&uacute;stria e Com&eacute;rcio pode votar, nesta quarta-feira (30), o Projeto de Lei 4430\/04, do Senado, que define o prazo legal para a instala&ccedil;&atilde;o obrigat&oacute;ria, nos novos aparelhos de televis&atilde;o, de dispositivo para bloquear temporariamente a recep&ccedil;&atilde;o de programas considerados inadequados.<\/p>\n<p>O relator, deputado Dr. Ubiali (PSB-SP), recomenda a aprova&ccedil;&atilde;o da mat&eacute;ria na forma do substitutivo da Comiss&atilde;o de Ci&ecirc;ncia e Tecnologia, Comunica&ccedil;&atilde;o e Inform&aacute;tica, que pro&iacute;be a comercializa&ccedil;&atilde;o de televisores sem o bloqueador em data que ainda deve ser regulamentada, e n&atilde;o ultrapasse 31 de dezembro de 2007. Pelo projeto original, a data limite para a entrada em vigor das TVs com bloqueadores era 31 de outubro de 2006.<\/p>\n<p>O substitutivo tamb&eacute;m obriga o Poder Executivo a estabelecer um cronograma de transi&ccedil;&atilde;o, com metas sobre o n&uacute;mero de televisores comercializados com o dispositivo bloqueador a ser atingida nos 12 meses anteriores a 31 de dezembro. O texto estabelece multa equivalente a 30% do valor de cada aparelho de televis&atilde;o comercializado em desacordo com as disposi&ccedil;&otilde;es da proposta.<\/p>\n<p>Radioamador<br \/>Tamb&eacute;m est&aacute; na pauta o PL 158\/07, do deputado Pompeo de Mattos (PDT-RS), que concede a radioamadores e prestadores de servi&ccedil;os na faixa de r&aacute;dio-cidad&atilde;o isen&ccedil;&atilde;o do Imposto de Importa&ccedil;&atilde;o e do Imposto sobre Produtos Industrializados (IPI) na compra de equipamentos de radiocomunica&ccedil;&atilde;o. O relator, deputado Fernando de Fabinho (DEM-BA), recomenda a aprova&ccedil;&atilde;o da mat&eacute;ria.<\/p>\n<p>Ainda poder&aacute; ser analisado o PL 302\/07, do deputado Paulo Piau (PMDB-MG), que estabelece a inexist&ecirc;ncia de rela&ccedil;&atilde;o de consumo nas opera&ccedil;&otilde;es internas das sociedades cooperativistas, quando realizadas entre seus associados e a pr&oacute;pria cooperativa. Portanto, pela proposta, n&atilde;o se aplicam, na rela&ccedil;&atilde;o cooperativa-cooperado, as normas do C&oacute;digo de Defesa do Consumidor (Lei 8078\/90).<\/p>\n<p>Segundo o relator da mat&eacute;ria, deputado Dr. Ubiali, o objetivo do projeto &eacute; eliminar d&uacute;vidas que t&ecirc;m levado o Judici&aacute;rio a decidir de formas variadas sobre &agrave;s rela&ccedil;&otilde;es entre cooperados e as cooperativas. &quot;Em ess&ecirc;ncia, a quest&atilde;o &eacute; que, em suas rela&ccedil;&otilde;es com a cooperativa, o cooperado se reveste de natureza dupla: ao mesmo tempo em que ele &eacute; instituidor da organiza&ccedil;&atilde;o, co-respons&aacute;vel e participante do processo de sua administra&ccedil;&atilde;o, ele &eacute; tamb&eacute;m consumidor dos produtos ali comercializados&quot;, explica o relator, que recomenda a aprova&ccedil;&atilde;o da mat&eacute;ria.<\/p>\n<p>A comiss&atilde;o re&uacute;ne-se &agrave;s 10 horas, no plen&aacute;rio 5.<\/p>\n","protected":false},"excerpt":{"rendered":"<p>A Comiss&atilde;o de Desenvolvimento Econ&ocirc;mico, Ind&uacute;stria e Com&eacute;rcio pode votar, nesta quarta-feira (30), o Projeto de Lei 4430\/04, do Senado, que define o prazo legal para a instala&ccedil;&atilde;o obrigat&oacute;ria, nos novos aparelhos de televis&atilde;o, de dispositivo para bloquear temporariamente a recep&ccedil;&atilde;o de programas considerados inadequados. O relator, deputado Dr. Ubiali (PSB-SP), recomenda a aprova&ccedil;&atilde;o da &hellip; <a href=\"https:\/\/obscom.intervozes.org.br\/?p=18439\" class=\"more-link\">Continue lendo <span class=\"screen-reader-text\">Comiss\u00e3o vota prazo para instala\u00e7\u00e3o de bloqueador em TVs<\/span> <span class=\"meta-nav\">&rarr;<\/span><\/a><\/p>\n","protected":false},"author":1,"featured_media":0,"comment_status":"open","ping_status":"open","sticky":false,"template":"","format":"standard","meta":{"footnotes":""},"categories":[40],"tags":[197],"_links":{"self":[{"href":"https:\/\/obscom.intervozes.org.br\/index.php?rest_route=\/wp\/v2\/posts\/18439"}],"collection":[{"href":"https:\/\/obscom.intervozes.org.br\/index.php?rest_route=\/wp\/v2\/posts"}],"about":[{"href":"https:\/\/obscom.intervozes.org.br\/index.php?rest_route=\/wp\/v2\/types\/post"}],"author":[{"embeddable":true,"href":"https:\/\/obscom.intervozes.org.br\/index.php?rest_route=\/wp\/v2\/users\/1"}],"replies":[{"embeddable":true,"href":"https:\/\/obscom.intervozes.org.br\/index.php?rest_route=%2Fwp%2Fv2%2Fcomments&post=18439"}],"version-history":[{"count":0,"href":"https:\/\/obscom.intervozes.org.br\/index.php?rest_route=\/wp\/v2\/posts\/18439\/revisions"}],"wp:attachment":[{"href":"https:\/\/obscom.intervozes.org.br\/index.php?rest_route=%2Fwp%2Fv2%2Fmedia&parent=18439"}],"wp:term":[{"taxonomy":"category","embeddable":true,"href":"https:\/\/obscom.intervozes.org.br\/index.php?rest_route=%2Fwp%2Fv2%2Fcategories&post=18439"},{"taxonomy":"post_tag","embeddable":true,"href":"https:\/\/obscom.intervozes.org.br\/index.php?rest_route=%2Fwp%2Fv2%2Ftags&post=18439"}],"curies":[{"name":"wp","href":"https:\/\/api.w.org\/{rel}","templated":true}]}}