{"id":18438,"date":"2007-05-28T17:12:31","date_gmt":"2007-05-28T17:12:31","guid":{"rendered":"https:\/\/obscom.intervozes.org.br\/wordpress\/?p=18438"},"modified":"2007-05-28T17:12:31","modified_gmt":"2007-05-28T17:12:31","slug":"caso-rctv-faz-lembrar-que-concessoes-nao-sao-vitalicias","status":"publish","type":"post","link":"https:\/\/obscom.intervozes.org.br\/?p=18438","title":{"rendered":"Caso RCTV faz lembrar que concess\u00f5es n\u00e3o s\u00e3o vital\u00edcias"},"content":{"rendered":"<p><span>Todo este espa&ccedil;o aberto na m&iacute;dia brasileira para falar sobre o caso da n&atilde;o renova&ccedil;&atilde;o da concess&atilde;o de uma das emissoras da Radio Cararas Televisi&oacute;n (RCTV) &eacute; bem sintom&aacute;tico para tentarmos compreender o que se passa atualmente aqui mesmo no Brasil. Seria de levantar suspeitas o motivo pelo qual de uma hora para outra a imprensa nacional resolveu sair de sua tradicional posi&ccedil;&atilde;o de costas para a Am&eacute;rica Latina, se neste exato momento n&atilde;o estivessem em pauta os debates em torno da classifica&ccedil;&atilde;o indicativa na TV e da regulamenta&ccedil;&atilde;o da publicidade de bebidas e de alimentos que causam obesidade. Tanto a decis&atilde;o do governo venezuelano como as propostas dos minist&eacute;rios da Justi&ccedil;a e da Sa&uacute;de est&atilde;o sendo colocadas no mesmo balaio do atentado &agrave; liberdade de express&atilde;o e da &ldquo;volta &agrave; censura&rdquo;. Mas a quest&atilde;o de fundo de ambos os casos &eacute; a eterna disputa entre o interesse p&uacute;blico e o interesse privado.<\/span><span>&nbsp;<\/p>\n<p><\/span><span>No caso da RCTV, o que mais foi dito &eacute; que seria fechada a emissora que se op&otilde;e ao governo Chaves. S&oacute; que a imprensa brasileira, sempre superficial, se &ldquo;esqueceu&rdquo; de apurar um pouco mais o hist&oacute;rico da &ldquo;injusti&ccedil;ada&rdquo; emissora. Pois, ao que consta, j&aacute; em 1976, a RCTV foi tirada do ar por tr&ecirc;s dias por veicular not&iacute;cias falsas; em 1980 ficou 36 horas fora do ar por causa de sua programa&ccedil;&atilde;o sensacionalista; em 1981, foram 24 horas de penalidade por exibir cenas pornogr&aacute;ficas em hor&aacute;rio inadequado; em 1989, mais 24 horas fora do ar por ferir a lei ao veicular publicidade de cigarro; e em 1991, teve um de seus programas humor&iacute;sticos tirado do ar pela Corte Suprema por ridicularizar as pessoas.<\/span><span>&nbsp;<\/p>\n<p><\/span><span>N&atilde;o bastasse todos esses problemas relativos ao conte&uacute;do, h&aacute; ainda os processos na Justi&ccedil;a por sonega&ccedil;&atilde;o fiscal entre 1999 e 2003, e por veicula&ccedil;&atilde;o dos discurso do almirante Molina Tamayo e dos generais Nestor Gonz&aacute;les e Guaicaipuro Lameda em favor do golpe militar de 11 de abril de 2002. Ambos os casos: enganar o fisco e incitar o povo a um golpe de Estado, s&atilde;o a&ccedil;&otilde;es pun&iacute;veis constitucionalmente em qualquer democracia do mundo; pior ainda se tratando de uma concess&atilde;o p&uacute;blica como as emissoras de televis&atilde;o. Vale lembrar que, bem ou mal, Hugo Chaves foi eleito e re-eleito nas urnas.<\/span><span>&nbsp;<\/p>\n<p><\/span><span>Outro ponto tamb&eacute;m n&atilde;o divulgado pela imprensa brasileira &eacute; que a n&atilde;o renova&ccedil;&atilde;o da concess&atilde;o foi apenas de uma das emissoras do grupo 1BC (1 Broadcasting Caracas), que continua operando com suas empresas de r&aacute;dio, TV a cabo, internet e fonogr&aacute;ficas. A falta de informa&ccedil;&atilde;o deve ser pelo fato de recebermos not&iacute;cias da Venezuela por ag&ecirc;ncias americanas, inglesas e francesas, ou por correspondentes brasileiros em Buenos Aires. At&eacute; pela proximidade geogr&aacute;fica, certamente jornalistas de Roraima teriam informa&ccedil;&otilde;es<\/span><span>mais confi&aacute;veis.<\/span><span>&nbsp;<\/p>\n<p><\/span><span>O caso da RCTV n&atilde;o tem nada a ver com censura ou com atentado &agrave; liberdade de express&atilde;o. Da mesma forma que n&atilde;o &eacute; censura, no Brasil, os casos da regulamenta&ccedil;&atilde;o da classifica&ccedil;&atilde;o indicativa e da publicidade de bebidas alco&oacute;licas e alimentos prejudiciais &agrave; sa&uacute;de; todos previstos na Constitui&ccedil;&atilde;o e no Estatuto da Crian&ccedil;a e do Adolescente.<\/span><span>&nbsp;<\/p>\n<p><\/span><span>A (de)forma&ccedil;&atilde;o da opini&atilde;o por parte da m&iacute;dia em geral &eacute; tratada pelo foco das quest&otilde;es ideol&oacute;gicas. Sendo que as empresas de comunica&ccedil;&atilde;o tentam sempre afirmar seu papel de defensor da democracia; o que de certa forma era v&aacute;lido nos s&eacute;culos XVIII e XIX, quando os jornais davam voz &agrave;queles que se opunham aos regimes autorit&aacute;rios. Mas a partir do final do s&eacute;culo XIX e in&iacute;cio do XX, a imprensa perdeu seu papel de quarto poder para se tornar uma empresa comercial como qualquer outra.<\/span><span>&nbsp;<\/p>\n<p><\/span><span>O que est&aacute; por tr&aacute;s de todo este tempo e espa&ccedil;o destinados ao caso RCTV &shy; maior do que o destinado a muitas outras quest&otilde;es de relev&acirc;ncia na Am&eacute;rica Latina &shy; &eacute; uma prepara&ccedil;&atilde;o de terreno para a defesa teoria do vale tudo. Assim, em nome da &ldquo;liberdade de express&atilde;o&rdquo;, pode-se desrespeitar os direitos humanos, invadir privacidade, acusar sem provas, corromper&#8230; &Eacute; a moda da tal &ldquo;liberdade de express&atilde;o comercial&rdquo;, neologismo criado pelos empres&aacute;rios do setor no Brasil.<\/span><span>&nbsp;<\/p>\n<p><\/span><span>No entanto, se o que est&aacute; escrito na Constitui&ccedil;&atilde;o continua valendo, os canais de r&aacute;dio e televis&atilde;o s&atilde;o concess&otilde;es p&uacute;blicas, devem respeitar as leis do pa&iacute;s, e, assim como na Venezuela, e no resto do planeta, as concess&otilde;es n&atilde;o s&atilde;o vital&iacute;cias.<\/span><span>&nbsp;<\/span><span>&nbsp;<\/span><span>&nbsp;<\/p>\n<p><\/span><em><span>(*) Edgard Rebou&ccedil;as &eacute; jornalista, doutor em Comunica&ccedil;&atilde;o, professor da <\/span><span>Universidade Federal de Pernambuco e membro da coordena&ccedil;&atilde;o executiva da <\/span><span>campanha &ldquo;Quem financia a baixaria &eacute; contra a cidadania&rdquo;, da Comiss&atilde;o de<\/span> D<span>ireitos Humanos e Minorias da C&acirc;mara dos Deputados.<\/span><\/em><span>&nbsp;<\/span> <\/p>\n<p>&nbsp;<\/p>\n","protected":false},"excerpt":{"rendered":"<p>Todo este espa&ccedil;o aberto na m&iacute;dia brasileira para falar sobre o caso da n&atilde;o renova&ccedil;&atilde;o da concess&atilde;o de uma das emissoras da Radio Cararas Televisi&oacute;n (RCTV) &eacute; bem sintom&aacute;tico para tentarmos compreender o que se passa atualmente aqui mesmo no Brasil. Seria de levantar suspeitas o motivo pelo qual de uma hora para outra a &hellip; <a href=\"https:\/\/obscom.intervozes.org.br\/?p=18438\" class=\"more-link\">Continue lendo <span class=\"screen-reader-text\">Caso RCTV faz lembrar que concess\u00f5es n\u00e3o s\u00e3o vital\u00edcias<\/span> <span class=\"meta-nav\">&rarr;<\/span><\/a><\/p>\n","protected":false},"author":1,"featured_media":0,"comment_status":"open","ping_status":"open","sticky":false,"template":"","format":"standard","meta":{"footnotes":""},"categories":[42],"tags":[],"_links":{"self":[{"href":"https:\/\/obscom.intervozes.org.br\/index.php?rest_route=\/wp\/v2\/posts\/18438"}],"collection":[{"href":"https:\/\/obscom.intervozes.org.br\/index.php?rest_route=\/wp\/v2\/posts"}],"about":[{"href":"https:\/\/obscom.intervozes.org.br\/index.php?rest_route=\/wp\/v2\/types\/post"}],"author":[{"embeddable":true,"href":"https:\/\/obscom.intervozes.org.br\/index.php?rest_route=\/wp\/v2\/users\/1"}],"replies":[{"embeddable":true,"href":"https:\/\/obscom.intervozes.org.br\/index.php?rest_route=%2Fwp%2Fv2%2Fcomments&post=18438"}],"version-history":[{"count":0,"href":"https:\/\/obscom.intervozes.org.br\/index.php?rest_route=\/wp\/v2\/posts\/18438\/revisions"}],"wp:attachment":[{"href":"https:\/\/obscom.intervozes.org.br\/index.php?rest_route=%2Fwp%2Fv2%2Fmedia&parent=18438"}],"wp:term":[{"taxonomy":"category","embeddable":true,"href":"https:\/\/obscom.intervozes.org.br\/index.php?rest_route=%2Fwp%2Fv2%2Fcategories&post=18438"},{"taxonomy":"post_tag","embeddable":true,"href":"https:\/\/obscom.intervozes.org.br\/index.php?rest_route=%2Fwp%2Fv2%2Ftags&post=18438"}],"curies":[{"name":"wp","href":"https:\/\/api.w.org\/{rel}","templated":true}]}}