{"id":18427,"date":"2007-05-25T16:36:22","date_gmt":"2007-05-25T16:36:22","guid":{"rendered":"https:\/\/obscom.intervozes.org.br\/wordpress\/?p=18427"},"modified":"2007-05-25T16:36:22","modified_gmt":"2007-05-25T16:36:22","slug":"justica-nega-proibicao-de-divulgacao-de-informacoes","status":"publish","type":"post","link":"https:\/\/obscom.intervozes.org.br\/?p=18427","title":{"rendered":"Justi\u00e7a nega proibi\u00e7\u00e3o de divulga\u00e7\u00e3o de informa\u00e7\u00f5es"},"content":{"rendered":"<p>Por entender que um Mandado de Seguran&ccedil;a tinha o objetivo de censurar previamente a imprensa, o Tribunal Regional Federal da 4&ordf; Regi&atilde;o negou o pedido para proibir a divulga&ccedil;&atilde;o de dados da Opera&ccedil;&atilde;o Moeda Verde. A proibi&ccedil;&atilde;o de divulga&ccedil;&atilde;o foi requerida pela defesa de um dos suspeitos presos durante a opera&ccedil;&atilde;o da Pol&iacute;cia Federal, em Florian&oacute;polis. <\/p>\n<p>&ldquo;N&atilde;o obstante o regramento do sigilo das comunica&ccedil;&otilde;es telef&ocirc;nicas, previsto pela Constitui&ccedil;&atilde;o no artigo 5&ordm;, inciso XII, tamb&eacute;m n&atilde;o h&aacute; como impor &agrave; imprensa pr&eacute;via censura, ainda que em nome da preserva&ccedil;&atilde;o do car&aacute;ter reservado da mat&eacute;ria&rdquo;, afirmouo desembargador federal Luiz Fernando Wowk Penteado. De acordo com ele, n&atilde;o h&aacute; provas do efetivo vazamento de informa&ccedil;&otilde;es ou de registros que deveriam ser tratados com reserva. Para o desembargador, o objetivo do pedido seria prevenir futuras divulga&ccedil;&otilde;es. <\/p>\n<p>A Vara Federal Ambientalde Florian&oacute;polis j&aacute; havia respondido ao requerimento neste sentido. Segundo o juiz federal substituto Zenildo Bodnar, &ldquo;vivemos num Estado Democr&aacute;tico em que o princ&iacute;pio da liberdade de informa&ccedil;&atilde;o, desde que correta e verdadeira, n&atilde;o pode ser censurado sob a presun&ccedil;&atilde;o de que estas estariamsendo veiculadas em contrariedade &agrave; &eacute;tica profissional dos jornalistas ou a preceitos legais incriminadores, os quais, a princ&iacute;pio, n&atilde;o s&atilde;o sequer aplic&aacute;veis a esses profissionais&rdquo;. <\/p>\n<p>Os advogados do acusado queriam a suspens&atilde;o da veicula&ccedil;&atilde;o pela imprensa de dados sigilosos relativos &agrave;s investiga&ccedil;&otilde;es da PF, bem como a determina&ccedil;&atilde;o de busca e apreens&atilde;o das fitas j&aacute; divulgadas pelos ve&iacute;culos de comunica&ccedil;&atilde;o. O material obtido nas intercepta&ccedil;&otilde;es telef&ocirc;nicas &eacute; sigiloso e os direitos dos investigados estariam sendo violados pela excessiva exposi&ccedil;&atilde;o na m&iacute;dia. Conforme os advogados, n&atilde;o &eacute; a liberdade de express&atilde;o que est&aacute; em quest&atilde;o, mas a viola&ccedil;&atilde;o de uma ordem judicial. <\/p>\n<p>Quanto ao poss&iacute;vel vazamento de informa&ccedil;&otilde;es, o desembargador do TRF-4 entendeu que o juiz de primeiro grau &ldquo;n&atilde;o agiu de forma a violar direito l&iacute;quido e certo do impetrante, visto que determinou a abertura do inqu&eacute;rito policial para apurar eventual pr&aacute;tica de infra&ccedil;&atilde;o penal&rdquo;. <\/p>\n","protected":false},"excerpt":{"rendered":"<p>Por entender que um Mandado de Seguran&ccedil;a tinha o objetivo de censurar previamente a imprensa, o Tribunal Regional Federal da 4&ordf; Regi&atilde;o negou o pedido para proibir a divulga&ccedil;&atilde;o de dados da Opera&ccedil;&atilde;o Moeda Verde. A proibi&ccedil;&atilde;o de divulga&ccedil;&atilde;o foi requerida pela defesa de um dos suspeitos presos durante a opera&ccedil;&atilde;o da Pol&iacute;cia Federal, em &hellip; <a href=\"https:\/\/obscom.intervozes.org.br\/?p=18427\" class=\"more-link\">Continue lendo <span class=\"screen-reader-text\">Justi\u00e7a nega proibi\u00e7\u00e3o de divulga\u00e7\u00e3o de informa\u00e7\u00f5es<\/span> <span class=\"meta-nav\">&rarr;<\/span><\/a><\/p>\n","protected":false},"author":1,"featured_media":0,"comment_status":"open","ping_status":"open","sticky":false,"template":"","format":"standard","meta":{"footnotes":""},"categories":[40],"tags":[66],"_links":{"self":[{"href":"https:\/\/obscom.intervozes.org.br\/index.php?rest_route=\/wp\/v2\/posts\/18427"}],"collection":[{"href":"https:\/\/obscom.intervozes.org.br\/index.php?rest_route=\/wp\/v2\/posts"}],"about":[{"href":"https:\/\/obscom.intervozes.org.br\/index.php?rest_route=\/wp\/v2\/types\/post"}],"author":[{"embeddable":true,"href":"https:\/\/obscom.intervozes.org.br\/index.php?rest_route=\/wp\/v2\/users\/1"}],"replies":[{"embeddable":true,"href":"https:\/\/obscom.intervozes.org.br\/index.php?rest_route=%2Fwp%2Fv2%2Fcomments&post=18427"}],"version-history":[{"count":0,"href":"https:\/\/obscom.intervozes.org.br\/index.php?rest_route=\/wp\/v2\/posts\/18427\/revisions"}],"wp:attachment":[{"href":"https:\/\/obscom.intervozes.org.br\/index.php?rest_route=%2Fwp%2Fv2%2Fmedia&parent=18427"}],"wp:term":[{"taxonomy":"category","embeddable":true,"href":"https:\/\/obscom.intervozes.org.br\/index.php?rest_route=%2Fwp%2Fv2%2Fcategories&post=18427"},{"taxonomy":"post_tag","embeddable":true,"href":"https:\/\/obscom.intervozes.org.br\/index.php?rest_route=%2Fwp%2Fv2%2Ftags&post=18427"}],"curies":[{"name":"wp","href":"https:\/\/api.w.org\/{rel}","templated":true}]}}