{"id":18424,"date":"2007-05-24T20:23:25","date_gmt":"2007-05-24T20:23:25","guid":{"rendered":"https:\/\/obscom.intervozes.org.br\/wordpress\/?p=18424"},"modified":"2007-05-24T20:23:25","modified_gmt":"2007-05-24T20:23:25","slug":"relatorio-critica-distribuicao-de-tecnologia-digital-no-brasil","status":"publish","type":"post","link":"https:\/\/obscom.intervozes.org.br\/?p=18424","title":{"rendered":"Relat\u00f3rio critica distribui\u00e7\u00e3o de tecnologia digital no Brasil"},"content":{"rendered":"<p><span>O Brasil tem uma estrutura de tecnologias de informa&ccedil;&atilde;o e comunica&ccedil;&atilde;o (como telefonia e acesso &agrave; internet) boa, mas muito mal distribu&iacute;da pelo territ&oacute;rio e entre a popula&ccedil;&atilde;o do pa&iacute;s, segundo relat&oacute;rio preparado pela Association for Progressive Communication (Associa&ccedil;&atilde;o para a Comunica&ccedil;&atilde;o Progressiva) e pelo Instituto do Terceiro Mundo.<\/p>\n<p><\/span><span>O estudo, intitulado Monitor da Sociedade Global de Informa&ccedil;&atilde;o (Global Information Society Watch), diz que o &quot;abismo digital&quot; &#8211; o acesso desigual &agrave; tecnologia, que deixa grande parte da popula&ccedil;&atilde;o fora do mundo digital &#8211; &eacute; um problema comum aos pa&iacute;ses em desenvolvimento.<\/span><span>&nbsp;<\/p>\n<p><\/span><span>Das 22 na&ccedil;&otilde;es analisadas no relat&oacute;rio divulgado em Genebra, apenas a Espanha &#8211; que tamb&eacute;m &eacute; o &uacute;nico pa&iacute;s rico da lista &#8211; tem a tecnologia distribu&iacute;da de maneira equilibrada por toda a popula&ccedil;&atilde;o e territ&oacute;rio. <\/span><span>&nbsp;<\/p>\n<p><\/span><span>No caso do Brasil, o relat&oacute;rio diz que houve um efetivo aumento na infra-estrutura de <\/span>comunica&ccedil;&otilde;es desde a privatiza&ccedil;&atilde;o do sistema Telebr&aacute;s mas que o atendimento da popula&ccedil;&atilde;o mais pobre continua muito limitado. O cap&iacute;tulo sobre o Brasil foi preparado pela ONG brasileira Rede de Informa&ccedil;&otilde;es para o Terceiro Setor (Rits).&nbsp;<\/p>\n<p><strong>Privatiza&ccedil;&atilde;o<\/strong>&nbsp;<\/p>\n<p>Embora reconhe&ccedil;a que a privatiza&ccedil;&atilde;o da telefonia ajudou na moderniza&ccedil;&atilde;o do setor, o estudo diz que os ganhos tecnol&oacute;gicos n&atilde;o foram distribu&iacute;dos de maneira equilibrada.&ldquo;Apesar de a telefonia fixa ter sido efetivamente ampliada, os objetivos de presta&ccedil;&atilde;o de servi&ccedil;o universal que estavam presentes nos contratos de concess&atilde;o n&atilde;o foram atingidos&rdquo;, diz o documento. &nbsp;<\/p>\n<p>No caso dos pontos de acesso &agrave; internet instalados pelo governo em escolas e centros comunit&aacute;rios, o estudo destaca que os equipamentos est&atilde;o em 37% dos munic&iacute;pios brasileiros e em todos os Estados do pa&iacute;s.&ldquo;No entanto, a escolha de muitas das escolas para a instala&ccedil;&atilde;o dos pontos de acesso acabou parcialmente prejudicada por quest&otilde;es pol&iacute;ticas&rdquo;.&nbsp;<\/p>\n<p>&ldquo;Mais de 2,4 mil munic&iacute;pios (dos cerca de 5,5 mil que h&aacute; no Brasil) est&atilde;o sendo ignorados pelas empresas privadas de telefonia e de internet. Estas cidades t&ecirc;m apenas servi&ccedil;os de telefonia fixa (porque as telef&ocirc;nicas s&atilde;o obrigadas a faz&ecirc;-lo), mas n&atilde;o t&ecirc;m telefonia celular e nem acesso &agrave; internet.&rdquo;&nbsp;<\/p>\n<p><span><strong>Infra-estrutura<\/strong><\/span><span>&nbsp;<\/p>\n<p><\/span><span>O relat&oacute;rio diz que o governo brasileiro tem que ser mais ativo na instala&ccedil;&atilde;o de <\/span><span>infra-estrutura em &aacute;reas mais isoladas e garantir o acesso &agrave; tecnologia de popula&ccedil;&otilde;es pobres nas &aacute;reas urbanas.<\/span><span>&nbsp;<\/p>\n<p><\/span><span>Entre as sugest&otilde;es est&atilde;o &ldquo;garantir pelo menos acesso compartilhado a computadores em &aacute;reas urbanas pobres&rdquo; e &ldquo;priorizar apoio efetivo a iniciativas de inclus&atilde;o digital&rdquo; nas &aacute;reas rurais.<\/span><span>&nbsp;<\/span><span>O relat&oacute;rio tamb&eacute;m diz que legisla&ccedil;&atilde;o tem que ser criada para impedir que a carteliza&ccedil;&atilde;o do setor de comunica&ccedil;&otilde;es atrapalhe o desenvolvimento e &ldquo;satisfa&ccedil;a apenas o mercado&rdquo;.<\/span><\/p>\n","protected":false},"excerpt":{"rendered":"<p>O Brasil tem uma estrutura de tecnologias de informa&ccedil;&atilde;o e comunica&ccedil;&atilde;o (como telefonia e acesso &agrave; internet) boa, mas muito mal distribu&iacute;da pelo territ&oacute;rio e entre a popula&ccedil;&atilde;o do pa&iacute;s, segundo relat&oacute;rio preparado pela Association for Progressive Communication (Associa&ccedil;&atilde;o para a Comunica&ccedil;&atilde;o Progressiva) e pelo Instituto do Terceiro Mundo. O estudo, intitulado Monitor da Sociedade &hellip; <a href=\"https:\/\/obscom.intervozes.org.br\/?p=18424\" class=\"more-link\">Continue lendo <span class=\"screen-reader-text\">Relat\u00f3rio critica distribui\u00e7\u00e3o de tecnologia digital no Brasil<\/span> <span class=\"meta-nav\">&rarr;<\/span><\/a><\/p>\n","protected":false},"author":1,"featured_media":0,"comment_status":"open","ping_status":"open","sticky":false,"template":"","format":"standard","meta":{"footnotes":""},"categories":[40],"tags":[254],"_links":{"self":[{"href":"https:\/\/obscom.intervozes.org.br\/index.php?rest_route=\/wp\/v2\/posts\/18424"}],"collection":[{"href":"https:\/\/obscom.intervozes.org.br\/index.php?rest_route=\/wp\/v2\/posts"}],"about":[{"href":"https:\/\/obscom.intervozes.org.br\/index.php?rest_route=\/wp\/v2\/types\/post"}],"author":[{"embeddable":true,"href":"https:\/\/obscom.intervozes.org.br\/index.php?rest_route=\/wp\/v2\/users\/1"}],"replies":[{"embeddable":true,"href":"https:\/\/obscom.intervozes.org.br\/index.php?rest_route=%2Fwp%2Fv2%2Fcomments&post=18424"}],"version-history":[{"count":0,"href":"https:\/\/obscom.intervozes.org.br\/index.php?rest_route=\/wp\/v2\/posts\/18424\/revisions"}],"wp:attachment":[{"href":"https:\/\/obscom.intervozes.org.br\/index.php?rest_route=%2Fwp%2Fv2%2Fmedia&parent=18424"}],"wp:term":[{"taxonomy":"category","embeddable":true,"href":"https:\/\/obscom.intervozes.org.br\/index.php?rest_route=%2Fwp%2Fv2%2Fcategories&post=18424"},{"taxonomy":"post_tag","embeddable":true,"href":"https:\/\/obscom.intervozes.org.br\/index.php?rest_route=%2Fwp%2Fv2%2Ftags&post=18424"}],"curies":[{"name":"wp","href":"https:\/\/api.w.org\/{rel}","templated":true}]}}