{"id":18418,"date":"2007-05-23T17:12:46","date_gmt":"2007-05-23T17:12:46","guid":{"rendered":"https:\/\/obscom.intervozes.org.br\/wordpress\/?p=18418"},"modified":"2007-05-23T17:12:46","modified_gmt":"2007-05-23T17:12:46","slug":"anvisa-restringe-publicidade-de-alcool-no-radio-e-televisao","status":"publish","type":"post","link":"https:\/\/obscom.intervozes.org.br\/?p=18418","title":{"rendered":"Anvisa restringe publicidade de \u00e1lcool no r\u00e1dio e televis\u00e3o"},"content":{"rendered":"<p>Foi publicado nesta quarta-feira (23) no Di&aacute;rio Oficial da Uni&atilde;o o decreto que aprova a Pol&iacute;tica Nacional sobre o &Aacute;lcool, que ser&aacute; coordenada pela Secretaria Nacional Antidrogas. O objetivo da pol&iacute;tica &eacute; estabelecer estrat&eacute;gias para o enfrentamento dos problemas relacionados ao consumo do &aacute;lcool, desenvolvendo a&ccedil;&otilde;es para reduzir os danos &agrave; sa&uacute;de e as situa&ccedil;&otilde;es de viol&ecirc;ncia e criminalidade associados ao uso prejudical de bebidas alc&oacute;olicas.&nbsp;<\/p>\n<p>A Pol&iacute;tica Nacional sobre o &Aacute;lcool &eacute; discutida h&aacute; tr&ecirc;s anos com diversos segmentos do governo e ser&aacute; articulada com v&aacute;rios minist&eacute;rios, como o da Sa&uacute;de, e &oacute;rg&atilde;os de governo como a Ag&ecirc;ncia Nacional de Vigil&acirc;ncia Sanit&aacute;ria (Anvisa) e a Funda&ccedil;&atilde;o Nacional do &Iacute;ndio (Funai). &nbsp;<\/p>\n<p>No conjunto das medidas que dever&atilde;o ser adotadas est&aacute; a regulamenta&ccedil;&atilde;o e fiscaliza&ccedil;&atilde;o da publicidade de bebidas alco&oacute;licas, com novas restri&ccedil;&otilde;es de hor&aacute;rios e a inser&ccedil;&atilde;o de advert&ecirc;ncia mais fortes na propaganda de bebidas com mais de 0,5 graus de &aacute;lcool, como cervejas e cooleres. A frase &ldquo;beba com modera&ccedil;&atilde;o&rdquo;, por exemplo, deve ser substitu&iacute;da por advert&ecirc;ncias mais incisivas, como &ldquo;o &aacute;lcool em excesso causa in&uacute;meras doen&ccedil;as como c&acirc;ncer de f&iacute;gado e les&otilde;es cerebrais&rdquo;. &nbsp;<\/p>\n<p><strong>Restri&ccedil;&atilde;o de hor&aacute;rio<br \/><\/strong>A mudan&ccedil;a faz parte da regulamenta&ccedil;&atilde;o que a Anvisa prepara para o pr&oacute;ximo m&ecirc;s. Em rela&ccedil;&atilde;o &agrave; regulamenta&ccedil;&atilde;o da propaganda comercial de bebidas alco&oacute;licas, uma das medidas prev&ecirc; a proibi&ccedil;&atilde;o da veicula&ccedil;&atilde;o de propaganda de bebidas com teor alco&oacute;lico acima de 0,5 graus entre 8h e 20h. As emissoras de r&aacute;dio e televis&atilde;o ter&atilde;o 180 dias para se adaptar &agrave; nova regra. &nbsp;<\/p>\n<p>Tamb&eacute;m est&aacute; prevista a proibi&ccedil;&atilde;o da vincula&ccedil;&atilde;o do consumo de bebidas alco&oacute;licas ao prazer, ao sucesso, &agrave; juventude e aos esportes. O ministro da sa&uacute;de, Jos&eacute; Gomes Tempor&atilde;o, inclusive, defende a proibi&ccedil;&atilde;o da participa&ccedil;&atilde;o de pessoas famosas nas campanhas.&nbsp;<\/p>\n<p>O presidente da Anvisa, Dirceu Raposo de Mello, explica que a inten&ccedil;&atilde;o do governo n&atilde;o &eacute; proibir a propaganda das bebidas. &ldquo;Queremos garantir que o indiv&iacute;duo tenha informa&ccedil;&otilde;es corretas sobre o produto que vai usar e saiba dos danos que o uso excessivo do produto pode levar&rdquo;, afirmou Mello acrescentado que este &eacute; um processo educativo.&nbsp;<\/p>\n<p>De acordo com Mello, a regulamenta&ccedil;&atilde;o estabelecer&aacute; normas tamb&eacute;m para o r&oacute;tulo das bebidas, com o aumento das letras, e tamb&eacute;m para os cartazes, que dever&atilde;o estampar as frases de advert&ecirc;ncia do Minist&eacute;rio da Sa&uacute;de. &nbsp;<\/p>\n<p>O documento da regulamenta&ccedil;&atilde;o &eacute; preparado por um comit&ecirc; t&eacute;cnico da Anvisa que recebeu, em um processo de consulta p&uacute;blica, cr&iacute;ticas de cerca de 150 institui&ccedil;&otilde;es, entre universidades, associa&ccedil;&otilde;es de empresas produtoras de bebidas alco&oacute;licas e sindicatos de publicit&aacute;rios.&nbsp;&nbsp;<\/p>\n<p><strong>Apoio &agrave; medida<\/strong>&nbsp;<br \/>Em nota publicada em seu site, o Idec (Instituto de Defasa do Consumidor) reiterou seu apoio &agrave; medida. Segunda a nota, &ldquo;a corajosa iniciativa de regulamenta&ccedil;&atilde;o da publicidade de bebidas alco&oacute;licas proposta pela Anvisa est&aacute; de acordo com o que disp&otilde;e o C&oacute;digo de Defesa do Consumidor ao proibir a publicidade abusiva (a anti&eacute;tica, de qualquer esp&eacute;cie, como, por exemplo, a que induz o consumidor a um comportamento prejudicial &agrave; sua sa&uacute;de). Nesse caso, a resolu&ccedil;&atilde;o explicita o que j&aacute; est&aacute; proibido pela legisla&ccedil;&atilde;o&rdquo;.&nbsp;<\/p>\n<p>Ainda segundo Idec, &ldquo;como toda medida que contraria interesses, ela suscita rea&ccedil;&otilde;es. Por isso, &eacute; importante que a sociedade, benefici&aacute;ria da medida, tamb&eacute;m se manifeste, quer para apoi&aacute;-la, quer para reafirmar que este &eacute; s&oacute; um passo, ainda pequeno, para que alcance uma patamar m&iacute;nimo de civilidade no setor&rdquo;.&nbsp;<\/p>\n<p><strong>Movimento quer restri&ccedil;&atilde;o maior<br \/><\/strong>Para o psiquiatra coordenador do Movimento Propaganda Sem Bebida, Ronaldo Laranjeiras, a restri&ccedil;&atilde;o da publicidade de bebidas no r&aacute;dio e na televis&atilde;o somente at&eacute; 20h n&atilde;o &eacute; suficiente. Ele pede, sen&atilde;o a proibi&ccedil;&atilde;o, a amplia&ccedil;&atilde;o da restri&ccedil;&atilde;o at&eacute; &agrave;s 22hs. De acordo com o m&eacute;dico, s&atilde;o sugest&otilde;es da Organiza&ccedil;&atilde;o Mundial de Sa&uacute;de (OMS) para prevenir o alcoolismo, o fim da propaganda, o aumento do pre&ccedil;o das bebidas e a proibi&ccedil;&atilde;o da venda para crian&ccedil;as e adolescentes. &nbsp;<\/p>\n<p>Segundo Dirceu Mello, o 5&ordm; Levantamento Nacional sobre o uso de drogas da Secret&aacute;ria Nacional Antidrogas realizado com mais de 48 mil estudantes em 2004, mostrou que crian&ccedil;as come&ccedil;am a beber entre 10 e 12 anos &ldquo;e o consumo tem come&ccedil;ado cada vez mais cedo&rdquo;. O processo de regula&ccedil;&atilde;o da propaganda, segundo Mello, ser&aacute; um processo educativo, &ldquo;assim como foi a campanha de uso do cinto de seguran&ccedil;a, pois, hoje as pessoas t&ecirc;m a consci&ecirc;ncia da import&acirc;ncia do uso do dispositivo&rdquo;.&nbsp;<\/p>\n<p><strong>Resist&ecirc;ncia natural<\/strong><span style=\"color: black\"><br \/>Temendo a perda de receitas, o Conselho Nacional de Auto-Regulamenta&ccedil;&atilde;o Publicit&aacute;ria (Conar), divulgou, na semana passada, nota afirmando que a Anvisa n&atilde;o tem compet&ecirc;ncia para legislar sobre restri&ccedil;&otilde;es &agrave; propaganda comercial de bebidas alco&oacute;licas. Onze entidades assinaram a nota, entre elas associa&ccedil;&otilde;es de anunciantes, ag&ecirc;ncias de publicidade e ve&iacute;culos de comunica&ccedil;&atilde;o. O Conar sustenta que o artigo 220 da Constitui&ccedil;&atilde;o prev&ecirc; que compete &agrave; lei federal impor restri&ccedil;&otilde;es &agrave; propaganda de tabaco, bebidas alco&oacute;licas, medicamentos, agrot&oacute;xicos e terapias. <\/span><\/p>\n<p><span style=\"color: black\">&nbsp;<\/span><span style=\"color: black\">* Com Informa&ccedil;&otilde;es da Ag&ecirc;ncia Brasil&nbsp;<\/span><\/p>\n<p><span style=\"color: black\"><img loading=\"lazy\" decoding=\"async\" src=\"images\/stories\/politica_publicacoes\/c_invertido_pq.png\" alt=\"Active Image\" width=\"15\" height=\"15\" \/><\/span><\/p>\n","protected":false},"excerpt":{"rendered":"<p>No conjunto das medidas que ser\u00e3o adotadas est\u00e1 a regulamenta\u00e7\u00e3o da publicidade de bebidas alco\u00f3licas na TV, com novas restri\u00e7\u00f5es de hor\u00e1rios e a inser\u00e7\u00e3o de advert\u00eancia mais fortes na propaganda de bebidas com mais de 0,5 graus de \u00e1lcool, como cervejas e coolers.<\/p>\n","protected":false},"author":1,"featured_media":0,"comment_status":"open","ping_status":"open","sticky":false,"template":"","format":"standard","meta":{"footnotes":""},"categories":[40],"tags":[251],"_links":{"self":[{"href":"https:\/\/obscom.intervozes.org.br\/index.php?rest_route=\/wp\/v2\/posts\/18418"}],"collection":[{"href":"https:\/\/obscom.intervozes.org.br\/index.php?rest_route=\/wp\/v2\/posts"}],"about":[{"href":"https:\/\/obscom.intervozes.org.br\/index.php?rest_route=\/wp\/v2\/types\/post"}],"author":[{"embeddable":true,"href":"https:\/\/obscom.intervozes.org.br\/index.php?rest_route=\/wp\/v2\/users\/1"}],"replies":[{"embeddable":true,"href":"https:\/\/obscom.intervozes.org.br\/index.php?rest_route=%2Fwp%2Fv2%2Fcomments&post=18418"}],"version-history":[{"count":0,"href":"https:\/\/obscom.intervozes.org.br\/index.php?rest_route=\/wp\/v2\/posts\/18418\/revisions"}],"wp:attachment":[{"href":"https:\/\/obscom.intervozes.org.br\/index.php?rest_route=%2Fwp%2Fv2%2Fmedia&parent=18418"}],"wp:term":[{"taxonomy":"category","embeddable":true,"href":"https:\/\/obscom.intervozes.org.br\/index.php?rest_route=%2Fwp%2Fv2%2Fcategories&post=18418"},{"taxonomy":"post_tag","embeddable":true,"href":"https:\/\/obscom.intervozes.org.br\/index.php?rest_route=%2Fwp%2Fv2%2Ftags&post=18418"}],"curies":[{"name":"wp","href":"https:\/\/api.w.org\/{rel}","templated":true}]}}