{"id":18407,"date":"2007-05-23T11:28:56","date_gmt":"2007-05-23T11:28:56","guid":{"rendered":"https:\/\/obscom.intervozes.org.br\/wordpress\/?p=18407"},"modified":"2007-05-23T11:28:56","modified_gmt":"2007-05-23T11:28:56","slug":"os-pais-da-conferencia-nacional-de-comunicacao","status":"publish","type":"post","link":"https:\/\/obscom.intervozes.org.br\/?p=18407","title":{"rendered":"Os &#8220;pais&#8221; da Confer\u00eancia Nacional de Comunica\u00e7\u00e3o"},"content":{"rendered":"<p><span>A aus&ecirc;ncia do ministro das Comunica&ccedil;&otilde;es foi o fato mais eloq&uuml;ente do I F&oacute;rum Nacional de TVs P&uacute;blicas, realizado recentemente em Bras&iacute;lia. Tanto na cerim&ocirc;nia de abertura &ndash; que contou com a presen&ccedil;a dos ministros da Cultura, da Educa&ccedil;&atilde;o, da Secretaria Geral e da Secretaria de Comunica&ccedil;&atilde;o Social, al&eacute;m dos presidentes da C&acirc;mara dos Deputados e do Senado Federal &ndash; como na de encerramento, da qual participou o pr&oacute;prio presidente da Rep&uacute;blica. O ministro das Comunica&ccedil;&otilde;es, al&eacute;m de n&atilde;o estar presente, sequer foi mencionado por qualquer dos oradores. <\/span><span>&nbsp;<\/p>\n<p><\/span><span>O mesmo aconteceu ao longo das mesas, pain&eacute;is, exposi&ccedil;&otilde;es e debates. Quando um funcion&aacute;rio do Minist&eacute;rio das Comunica&ccedil;&otilde;es, fisicamente presente, participava do debate, era not&oacute;ria uma certa falta de sintonia com o &quot;clima&quot; geral dominante no evento.<\/p>\n<p><\/span><span>O fato &eacute;, sem d&uacute;vida, de um surrealismo tipicamente brasileiro: o ministro das Comunica&ccedil;&otilde;es, e o seu minist&eacute;rio, ausentes ou sem sintonia no F&oacute;rum Nacional que discute &ndash; com o apoio e a presen&ccedil;a do presidente da Rep&uacute;blica &ndash; a implanta&ccedil;&atilde;o de uma rede de televis&atilde;o p&uacute;blica no pa&iacute;s.<\/p>\n<p><\/span><span><strong>Marco regulat&oacute;rio<\/strong><\/span><span>&nbsp;<\/p>\n<p><\/span><span>Um dos temas obviamente tratados durante o I F&oacute;rum Nacional de TVs P&uacute;blicas foi o seu marco regulat&oacute;rio. A cria&ccedil;&atilde;o de uma rede de televis&atilde;o p&uacute;blica envolve, no m&iacute;nimo, uma an&aacute;lise sobre a regula&ccedil;&atilde;o da radiodifus&atilde;o no pa&iacute;s. N&atilde;o h&aacute; como fugir da evid&ecirc;ncia de que uma lei geral de comunica&ccedil;&atilde;o eletr&ocirc;nica de massa &eacute; inadi&aacute;vel e que a constru&ccedil;&atilde;o de um marco regulat&oacute;rio deve contemplar a converg&ecirc;ncia tecnol&oacute;gica dentro dos princ&iacute;pios definidos na Constitui&ccedil;&atilde;o de 1988, inclusive o da complementaridade dos sistemas privado, p&uacute;blico e estatal. A pr&oacute;pria Carta de Bras&iacute;lia, documento final do F&oacute;rum, recomenda &quot;a regulamenta&ccedil;&atilde;o da Constitui&ccedil;&atilde;o Federal em seu cap&iacute;tulo sobre Comunica&ccedil;&atilde;o Social, especificamente os artigos 220, 221 e 223&quot;. <\/span><span>&nbsp;<\/p>\n<p><\/span><span>A reivindica&ccedil;&atilde;o hist&oacute;rica dos movimentos sociais comprometidos com a democratiza&ccedil;&atilde;o da comunica&ccedil;&atilde;o no pa&iacute;s &eacute; que a constru&ccedil;&atilde;o desse marco regulat&oacute;rio para a radiodifus&atilde;o brasileira &ndash; privada, p&uacute;blica e estatal &ndash; se fa&ccedil;a por interm&eacute;dio de uma ampla e democr&aacute;tica Confer&ecirc;ncia Nacional de Comunica&ccedil;&atilde;o, a exemplo do que j&aacute; se fez em outras &aacute;reas de pol&iacute;ticas p&uacute;blicas, como a sa&uacute;de e a educa&ccedil;&atilde;o.&nbsp;<\/span><span>&nbsp;<br \/><\/span><span><br \/>Foi neste contexto que, no dia 15 de maio &ndash; apenas tr&ecirc;s dias ap&oacute;s o encerramento do F&oacute;rum (ao qual n&atilde;o compareceu) &ndash; o ministro das Comunica&ccedil;&otilde;es repetiu o mesmo procedimento que j&aacute; havia adotado ao anunciar uma TV do Executivo, ignorando e atropelando toda a articula&ccedil;&atilde;o que estava em andamento em torno da constru&ccedil;&atilde;o de uma rede p&uacute;blica de televis&atilde;o. <\/span><span>&nbsp;<\/p>\n<p><\/span><span>Agora ele anunciou que &quot;o governo&quot; realizar&aacute;, na segunda semana de agosto, &quot;uma grande confer&ecirc;ncia de comunica&ccedil;&atilde;o&quot; com o prop&oacute;sito de discutir as leis que regem a comunica&ccedil;&atilde;o no Brasil, incluindo a revis&atilde;o do marco regulat&oacute;rio do setor. &quot;Essa confer&ecirc;ncia &eacute; o f&oacute;rum de que precisamos para fazer esse grande debate&quot;, disse. Informou ainda que a confer&ecirc;ncia ser&aacute; realizada em conjunto com a C&acirc;mara dos Deputados, o Senado Federal, a Ag&ecirc;ncia Nacional de Telecomunica&ccedil;&otilde;es e a Universidade de Bras&iacute;lia.<\/span><span>&nbsp;<\/p>\n<p><\/span><span><strong>Jogo de interesses<\/strong><\/span><span>&nbsp;<\/p>\n<p><\/span><span>A quest&atilde;o fundamental que fica ap&oacute;s o an&uacute;ncio do ministro das Comunica&ccedil;&otilde;es &eacute;: qual Confer&ecirc;ncia Nacional de Comunica&ccedil;&atilde;o ser&aacute; essa? <\/span><span>&nbsp;<\/p>\n<p><\/span><span>Um debate plural e democr&aacute;tico, de baixo para cima, envolvendo amplos setores da sociedade civil organizada nos munic&iacute;pios, regi&otilde;es, estados, com a realiza&ccedil;&atilde;o de confer&ecirc;ncias estaduais e regionais preparat&oacute;rias, culminando com um encontro deliberativo nacional? Ou um encontro dos principais players, experts e t&eacute;cnicos do governo para legitimar uma proposta previamente negociada de marco regulat&oacute;rio?<\/span><span>&nbsp;<\/p>\n<p><\/span><span>&Eacute; de se esperar que o ministro das Comunica&ccedil;&otilde;es inclua na organiza&ccedil;&atilde;o da Confer&ecirc;ncia que anunciou &ndash; al&eacute;m dos setores que h&aacute; d&eacute;cadas defendem a necessidade de realiza&ccedil;&atilde;o de uma Confer&ecirc;ncia Nacional de Comunica&ccedil;&atilde;o democr&aacute;tica &ndash;, por exemplo, a Comiss&atilde;o de Direitos Humanos da C&acirc;mara dos Deputados. Essa Comiss&atilde;o, com o apoio e envolvimento de cerca de 50 entidades, est&aacute; articulando, desde o in&iacute;cio do ano, um Encontro Nacional de Comunica&ccedil;&atilde;o, Direitos Humanos e Democracia, previsto para acontecer em junho pr&oacute;ximo, como etapa preparat&oacute;ria de uma Confer&ecirc;ncia Nacional de Comunica&ccedil;&atilde;o.<\/span><span>&nbsp;<\/span><\/p>\n<p><span>Na verdade, o observador atento ao cen&aacute;rio das comunica&ccedil;&otilde;es n&atilde;o deve se deixar surpreender por an&uacute;ncios como o que agora foi feito pelo ministro das Comunica&ccedil;&otilde;es. <\/span><span>&nbsp;<\/span> <\/p>\n<p style=\"margin: 0cm 0cm 0pt\" class=\"MsoNormal\"><span>Em tempos de converg&ecirc;ncia digital, entrada de novos e poderosos atores no mercado e redefini&ccedil;&atilde;o de modelos de neg&oacute;cio, o an&uacute;ncio, em maio, da realiza&ccedil;&atilde;o, em agosto, de uma Confer&ecirc;ncia Nacional de Comunica&ccedil;&atilde;o &ndash; seja l&aacute; o que essa confer&ecirc;ncia venha a ser &ndash; &eacute;, certamente, apenas mais um &quot;movimento&quot; no pesado jogo de interesses que se desenrola para a defini&ccedil;&atilde;o do futuro pr&oacute;ximo das comunica&ccedil;&otilde;es no pa&iacute;s.<\/span><\/p>\n<p style=\"margin: 0cm 0cm 0pt\" class=\"MsoNormal\">&nbsp;<\/p>\n<p><span><\/span>&nbsp;<\/p>\n","protected":false},"excerpt":{"rendered":"<p>A aus&ecirc;ncia do ministro das Comunica&ccedil;&otilde;es foi o fato mais eloq&uuml;ente do I F&oacute;rum Nacional de TVs P&uacute;blicas, realizado recentemente em Bras&iacute;lia. Tanto na cerim&ocirc;nia de abertura &ndash; que contou com a presen&ccedil;a dos ministros da Cultura, da Educa&ccedil;&atilde;o, da Secretaria Geral e da Secretaria de Comunica&ccedil;&atilde;o Social, al&eacute;m dos presidentes da C&acirc;mara dos Deputados &hellip; <a href=\"https:\/\/obscom.intervozes.org.br\/?p=18407\" class=\"more-link\">Continue lendo <span class=\"screen-reader-text\">Os &#8220;pais&#8221; da Confer\u00eancia Nacional de Comunica\u00e7\u00e3o<\/span> <span class=\"meta-nav\">&rarr;<\/span><\/a><\/p>\n","protected":false},"author":1,"featured_media":0,"comment_status":"open","ping_status":"open","sticky":false,"template":"","format":"standard","meta":{"footnotes":""},"categories":[42],"tags":[207],"_links":{"self":[{"href":"https:\/\/obscom.intervozes.org.br\/index.php?rest_route=\/wp\/v2\/posts\/18407"}],"collection":[{"href":"https:\/\/obscom.intervozes.org.br\/index.php?rest_route=\/wp\/v2\/posts"}],"about":[{"href":"https:\/\/obscom.intervozes.org.br\/index.php?rest_route=\/wp\/v2\/types\/post"}],"author":[{"embeddable":true,"href":"https:\/\/obscom.intervozes.org.br\/index.php?rest_route=\/wp\/v2\/users\/1"}],"replies":[{"embeddable":true,"href":"https:\/\/obscom.intervozes.org.br\/index.php?rest_route=%2Fwp%2Fv2%2Fcomments&post=18407"}],"version-history":[{"count":0,"href":"https:\/\/obscom.intervozes.org.br\/index.php?rest_route=\/wp\/v2\/posts\/18407\/revisions"}],"wp:attachment":[{"href":"https:\/\/obscom.intervozes.org.br\/index.php?rest_route=%2Fwp%2Fv2%2Fmedia&parent=18407"}],"wp:term":[{"taxonomy":"category","embeddable":true,"href":"https:\/\/obscom.intervozes.org.br\/index.php?rest_route=%2Fwp%2Fv2%2Fcategories&post=18407"},{"taxonomy":"post_tag","embeddable":true,"href":"https:\/\/obscom.intervozes.org.br\/index.php?rest_route=%2Fwp%2Fv2%2Ftags&post=18407"}],"curies":[{"name":"wp","href":"https:\/\/api.w.org\/{rel}","templated":true}]}}