{"id":18403,"date":"2007-05-21T14:11:04","date_gmt":"2007-05-21T14:11:04","guid":{"rendered":"https:\/\/obscom.intervozes.org.br\/wordpress\/?p=18403"},"modified":"2007-05-21T14:11:04","modified_gmt":"2007-05-21T14:11:04","slug":"radio-digital-sera-tema-de-seminario-na-camara","status":"publish","type":"post","link":"https:\/\/obscom.intervozes.org.br\/?p=18403","title":{"rendered":"R\u00e1dio digital ser\u00e1 tema de semin\u00e1rio na C\u00e2mara"},"content":{"rendered":"<p>A C&acirc;mara promover&aacute; no pr&oacute;ximo dia 29, no audit&oacute;rio Nereu Ramos, semin&aacute;rio para discutir a ado&ccedil;&atilde;o da tecnologia digital na radiodifus&atilde;o brasileira. O evento reunir&aacute; especialistas e parlamentares para debater a implanta&ccedil;&atilde;o do r&aacute;dio digital no Pa&iacute;s a partir da avalia&ccedil;&atilde;o das leis em vigor edo que precisa ser atualizado para que as emissoras e os ouvintes se adaptem &agrave; nova tecnologia. <\/p>\n<p>Com a digitaliza&ccedil;&atilde;o, haver&aacute; uma melhora na qualidade do &aacute;udio &#8211; a r&aacute;dio AM ter&aacute; qualidade de FM, e a FM ter&aacute; som de CD, e ser&aacute; poss&iacute;vel transmitir at&eacute; quatro canais dentro da mesma freq&uuml;&ecirc;ncia. Al&eacute;m disso, com a nova tecnologia, as informa&ccedil;&otilde;es, antes exclusivamente sonoras, passam a ser transmitidas em bits, o que torna poss&iacute;vel &agrave;s emissoras enviar textos e fotos (para aparelhos que tenham visor). <\/p>\n<p>Durante o semin&aacute;rio, os participantes v&atilde;o conferir uma demonstra&ccedil;&atilde;o de transmiss&atilde;o digital e poder&atilde;o avaliar e comparar a diferen&ccedil;a tecnol&oacute;gica entre os sistemas. Grupo de estudo O Minist&eacute;rio das Comunica&ccedil;&otilde;es j&aacute; constituiu o Conselho Consultivo de R&aacute;dio Digital, que vai elaborar o planejamento da escolha do sistema a ser adotado. O grupo tem seis meses para apresentar umrelat&oacute;rio com recomenda&ccedil;&otilde;es de regras para a r&aacute;dio digital brasileira. <\/p>\n<p>H&aacute; interesses diversos na escolha do padr&atilde;o, j&aacute; que o sistema que est&aacute; sendo testado por algumas emissoras no Pa&iacute;s &eacute; o IBOC ( In band on channel ), sistema de propriedade da empresa americana IBiquity, que cobra royalties , mas mant&eacute;m as mesmas freq&uuml;&ecirc;ncias j&aacute; em uso pelas emissoras. A discuss&atilde;o interessa &agrave; ind&uacute;stria, aos radiodifusores comerciais, p&uacute;blicos e comunit&aacute;rios e &agrave; sociedade em geral, j&aacute; que haver&aacute; necessidade de trocar os transmissores das cerca de 5 mil emissoras autorizadas, al&eacute;m dos aparelhos de r&aacute;dio. <\/p>\n<p>Existem 200 milh&otilde;es de receptores no Brasil, entre r&aacute;dios port&aacute;teis, fixos e instalados em carros. A Associa&ccedil;&atilde;o Brasileira de Emissoras de R&aacute;dio e Televis&atilde;o estima que as emissoras de m&eacute;dio porte gastar&atilde;o entre 100 mil e 125 mil d&oacute;lares (aproximadamente R$ 216 mil a R$ 270 mil) com a transi&ccedil;&atilde;o do sistema de r&aacute;dio anal&oacute;gico para o digital. <\/p>\n<p style=\"margin: 0cm 0cm 0pt\" class=\"MsoNormal\"><span><strong>*&nbsp;<\/strong><\/span><\/p>\n<p style=\"margin: 0cm 0cm 0pt\" class=\"MsoNormal\">&nbsp;<\/p>\n<p><span><strong>R&aacute;dio Digital &#8211; uma revolu&ccedil;&atilde;o na radiodifus&atilde;o brasileira <br \/><\/strong><\/span><span>Audit&oacute;rio Nereu Ramos <br \/><\/span><span>Ter&ccedil;a-feira &ndash; 29\/05 <\/span>&nbsp;<\/p>\n<p><span><strong><u>9h &#8211; Sess&atilde;o Oficial de Abertura&nbsp;<br \/><\/u><\/strong><\/span>&#61607;<span> Presidente da C&acirc;mara &ndash; Deputado Arlindo Chinaglia <br \/><\/span>&#61607;<span> Ministro das Comunica&ccedil;&otilde;es &ndash; H&eacute;lio Costa <br \/><\/span>&#61607;<span> Ministro da Comunica&ccedil;&atilde;o Social &ndash; Franklin Martins <br \/><\/span>&#61607;<span> Presidente do Conselho de Altos Estudos &ndash; Deputado Inoc&ecirc;ncio Oliveira <br \/><\/span>&#61607;<span> Presidente da Comiss&atilde;o de Ci&ecirc;ncia e Tecnologia, Comunica&ccedil;&otilde;es e Inform&aacute;tica &#8211; Deputado J&uacute;lio Semeghini <\/span><span>&nbsp;<\/span><span>&nbsp;<\/p>\n<p><\/span><span><strong><u>9h30 &agrave;s 11h &#8211; Painel 1 &#8211; O uso do espectro nos servi&ccedil;os de radiodifus&atilde;o sonora <br \/><\/u><\/strong><\/span><span>Ondas M&eacute;dias. Ondas Tropicais. Ondas Curtas. Frequ&ecirc;ncia Modulada. R&aacute;dios Comunit&aacute;rias. A pol&iacute;tica de concess&otilde;es do governo. Os monop&oacute;lios de comunica&ccedil;&atilde;o (propriedade cruzada). O Plano B&aacute;sico de Radiodifus&atilde;o. Canais dispon&iacute;veis. Como o r&aacute;dio digital pode ampliar\/reorganizar o uso do espectro. <br \/><\/span><span><u>Coordenador: Deputado Walter Pinheiro &ndash; PT \/BA<\/u> <br \/><\/span>&#61607;<span> Ara Apkar Minasian &ndash; Superintendente de Servi&ccedil;os de Comunica&ccedil;&atilde;o de Massa &ndash; Ag&ecirc;ncia Nacional de Telecomunica&ccedil;&otilde;es &#8211; ANATEL <br \/><\/span>&#61607;<span> Zilda Beatriz &ndash; Secret&aacute;ria de Servi&ccedil;os de Comunica&ccedil;&atilde;o Eletr&ocirc;nica do Minist&eacute;rio das Comunica&ccedil;&otilde;es <br \/><\/span>&#61607;<span> Takashi Tome &ndash; Pesquisador do Centro de Pesquisa e Desenvolvimento em Telecomunica&ccedil;&otilde;es &ndash; CPqD <\/span><\/p>\n<p style=\"margin: 0cm 0cm 0pt\" class=\"MsoNormal\">&nbsp;<\/p>\n<p><span><strong><br \/><u>11h &agrave;s 12h30 &#8211; Painel 2 &#8211; Padr&otilde;es digitais e tecnologias associadas <br \/><\/u><\/strong><\/span><span>O padr&atilde;o americano IBOC. Padr&otilde;es europeus DAB (eureka 147), DAB+ e DRM. Padr&atilde;o japon&ecirc;s NISDB-Tsb. Outros padr&otilde;es de transmiss&atilde;o digital. O r&aacute;dio via sat&eacute;lite, por assinatura: Sirius, XM e World Space. <br \/><\/span><span><u>Coordenador: Deputado J&uacute;lio Semeghini &ndash; PSDB\/SP <br \/><\/u><\/span>&#61607;<span> Juliano Maur&iacute;cio de Carvalho &ndash; Professor da Faculdade de Comunica&ccedil;&atilde;o da Unesp <br \/><\/span>&#61607;<span> Ronald Barbosa &ndash; Assessor T&eacute;cnico da Associa&ccedil;&atilde;o Brasileira de Emissoras de R&aacute;dio e Televis&atilde;o \/ Sociedade Brasileira de Engenharia de Televis&atilde;o &ndash; Abert \/ SET <br \/><\/span>&#61607;<span> Humberto Abdalla J&uacute;nior &#8211; Professor Diretor da Faculdade de Tecnologia da UnB <\/span><strong><br \/><u><\/p>\n<p>14h &agrave;s 15h30 &#8211; Painel 3 &#8211; Cen&aacute;rio atual do r&aacute;dio digital no mundo- vantagens e desvantagens <br \/><\/u><\/strong>A experi&ecirc;ncia americana, europ&eacute;ia e asi&aacute;tica. As vantagens e desvantagens de cada sistema. Os testes no Brasil. Funcionamento, equipamentos, metodologias de teste e implementa&ccedil;&atilde;o de uma r&aacute;dio digital. <br \/><u>Coordenador: Deputado Paulo Bornhausen &ndash; PFL\/SC&nbsp;<br \/><\/u>&#61607; N&eacute;lia Del Bianco &ndash; Professora de Comunica&ccedil;&atilde;o UnB <br \/>&#61607; Fernando Ferreira &ndash; Sociedade Brasileira de Engenharia de Televis&atilde;o &ndash; SET <br \/>&#61607; Roberto Pinto Martins &ndash; Secret&aacute;rio de Telecomunica&ccedil;&otilde;es do Minist&eacute;rio das Comunica&ccedil;&otilde;es <\/p>\n<p><strong><br \/><u>15h30 &agrave;s 17h &#8211; Painel 4 &#8211; Aspectos para implanta&ccedil;&atilde;o do r&aacute;dio digital no Brasil <br \/><\/u><\/strong>Crit&eacute;rios para a escolha do padr&atilde;o a ser adotado no Brasil. Legisla&ccedil;&atilde;o em vigor e novas propostas no parlamento. Avalia&ccedil;&atilde;o do Conselho Consultivo de R&aacute;dio Digital. O delay de oito segundos do padr&atilde;o IBOC. A cobran&ccedil;a de royalties pela Ibyquiti. As possibilidades da ind&uacute;stria atender a demanda de receptores e os custos para o consumidor (ouvinte). <br \/><u>Coordenador: Deputado Gustavo Fruet &ndash; PSDB\/PR <br \/><\/u>&#61607;<span> Andr&eacute; Barbosa &ndash; Assessor da Casa Civil <br \/><\/span>&#61607;<span> Orlando Guilhon &ndash; Diretor da R&aacute;dio MEC <br \/><\/span>&#61607;<span> Murilo C&eacute;sar Ramos &ndash; Professor da Faculdade de Comunica&ccedil;&atilde;o da UnB <br \/><\/span>&#61607; Celso Schroder &ndash; F&oacute;rum Nacional pela Democratiza&ccedil;&atilde;o da Comunica&ccedil;&atilde;o &ndash; FNDC <br \/>&#61607; Edilberto de Paula Ribeiro &#8211; Associa&ccedil;&atilde;o das Emissoras de R&aacute;dio e TV do Estado de S&atilde;o Paulo &ndash; AESP &nbsp;<\/p>\n<p><strong><u><br \/>17h &agrave;s 19h &ndash; Painel 5 &#8211; Impacto nas r&aacute;dios comerciais, p&uacute;blicas e comunit&aacute;rias \/ Fontes de financiamentos <br \/><\/u><\/strong>Panorama sobre o mercado de radiodifus&atilde;o sonora. As novas oportunidades de neg&oacute;cios. Os custos da mudan&ccedil;a tecnol&oacute;gica. A possibilidade de exclus&atilde;o das r&aacute;dio pequenas e comunit&aacute;rias. Produ&ccedil;&atilde;o de conte&uacute;do para atender as transmiss&otilde;es em m&uacute;ltiplos canais. De onde vir&atilde;o os recursos de financiamento dos radiodifusores para a implanta&ccedil;&atilde;o da nova tecnologia? <br \/><u>Coordenador: Deputada Maria do Carmo Lara &ndash; PT\/MG<\/u>&nbsp;<br \/>&#61607; Luciano Coutinho &ndash; Banco Nacional de Desenvolvimento Econ&ocirc;mico e Social &ndash; BNDES <br \/>&#61607; Ac&aacute;cio Costa &ndash; R&aacute;dio Mix \/ Escola Superior de Propaganda e Marketing &#8211; ESPM <br \/>&#61607; Emanuel Carneiro &ndash; Diretor da R&aacute;dio Itatiaia &ndash; MG <br \/>&#61607; Jorge Cunha Lima &#8211; Associa&ccedil;&atilde;o Brasileira das Emissoras P&uacute;blicas, Educativas e Culturais &ndash; ABEPEC<br \/>&#61607; Representante da Abra&ccedil;o&nbsp;&nbsp; <\/p>\n","protected":false},"excerpt":{"rendered":"<p>A C&acirc;mara promover&aacute; no pr&oacute;ximo dia 29, no audit&oacute;rio Nereu Ramos, semin&aacute;rio para discutir a ado&ccedil;&atilde;o da tecnologia digital na radiodifus&atilde;o brasileira. O evento reunir&aacute; especialistas e parlamentares para debater a implanta&ccedil;&atilde;o do r&aacute;dio digital no Pa&iacute;s a partir da avalia&ccedil;&atilde;o das leis em vigor edo que precisa ser atualizado para que as emissoras e &hellip; <a href=\"https:\/\/obscom.intervozes.org.br\/?p=18403\" class=\"more-link\">Continue lendo <span class=\"screen-reader-text\">R\u00e1dio digital ser\u00e1 tema de semin\u00e1rio na C\u00e2mara<\/span> <span class=\"meta-nav\">&rarr;<\/span><\/a><\/p>\n","protected":false},"author":1,"featured_media":0,"comment_status":"open","ping_status":"open","sticky":false,"template":"","format":"standard","meta":{"footnotes":""},"categories":[40],"tags":[197],"_links":{"self":[{"href":"https:\/\/obscom.intervozes.org.br\/index.php?rest_route=\/wp\/v2\/posts\/18403"}],"collection":[{"href":"https:\/\/obscom.intervozes.org.br\/index.php?rest_route=\/wp\/v2\/posts"}],"about":[{"href":"https:\/\/obscom.intervozes.org.br\/index.php?rest_route=\/wp\/v2\/types\/post"}],"author":[{"embeddable":true,"href":"https:\/\/obscom.intervozes.org.br\/index.php?rest_route=\/wp\/v2\/users\/1"}],"replies":[{"embeddable":true,"href":"https:\/\/obscom.intervozes.org.br\/index.php?rest_route=%2Fwp%2Fv2%2Fcomments&post=18403"}],"version-history":[{"count":0,"href":"https:\/\/obscom.intervozes.org.br\/index.php?rest_route=\/wp\/v2\/posts\/18403\/revisions"}],"wp:attachment":[{"href":"https:\/\/obscom.intervozes.org.br\/index.php?rest_route=%2Fwp%2Fv2%2Fmedia&parent=18403"}],"wp:term":[{"taxonomy":"category","embeddable":true,"href":"https:\/\/obscom.intervozes.org.br\/index.php?rest_route=%2Fwp%2Fv2%2Fcategories&post=18403"},{"taxonomy":"post_tag","embeddable":true,"href":"https:\/\/obscom.intervozes.org.br\/index.php?rest_route=%2Fwp%2Fv2%2Ftags&post=18403"}],"curies":[{"name":"wp","href":"https:\/\/api.w.org\/{rel}","templated":true}]}}