{"id":18395,"date":"2007-05-17T15:14:31","date_gmt":"2007-05-17T15:14:31","guid":{"rendered":"https:\/\/obscom.intervozes.org.br\/wordpress\/?p=18395"},"modified":"2007-05-17T15:14:31","modified_gmt":"2007-05-17T15:14:31","slug":"governo-do-para-anula-convenio-com-afiliada-da-globo","status":"publish","type":"post","link":"https:\/\/obscom.intervozes.org.br\/?p=18395","title":{"rendered":"Governo do Par\u00e1 anula conv\u00eanio com afiliada da Globo"},"content":{"rendered":"<p><span>O Di&aacute;rio Oficial do Estado do Par&aacute; da &uacute;ltima ter&ccedil;a-feira (15) publicou portaria que torna nulo o conv&ecirc;nio firmado entre a Funda&ccedil;&atilde;o de Telecomunica&ccedil;&otilde;es do Par&aacute; (Funtelpa) e a TV Liberal, afiliada da Rede Globo no estado. Com a anula&ccedil;&atilde;o do conv&ecirc;nio, a Funtelpa vai retomar suas torres da&nbsp;TV Liberal.<\/span><span>&nbsp;<\/p>\n<p><\/span><span>Pelo acordo, a TV Liberal poderia utilizar 78 canais da Funtelpa para retransmitir a programa&ccedil;&atilde;o da Rede Globo em cidades do Par&aacute;. A emissora estatal ainda tinha de pagar, mensalmente, a manuten&ccedil;&atilde;o de servi&ccedil;os para a TV Liberal. O valor da &uacute;ltima fatura &#8211; de janeiro -, corrigido pelo IGP, era pouco mais de R$ 461.000,00. Por recomenda&ccedil;&atilde;o da Procuradoria Geral do Estado o pagamento foi suspenso no come&ccedil;o do ano como medida cautelar do interesse p&uacute;blico, o que se torna agora definitivo. <\/p>\n<p><\/span><span>Segundo a diretoria financeira da estatal, o valor pago &agrave; TV Liberal, durante a vig&ecirc;ncia do conv&ecirc;nio, foi um pouco mais de 35 milh&otilde;es de reais, sem corre&ccedil;&atilde;o monet&aacute;ria.<\/span><span>&nbsp;<\/span><span>A presidente do &oacute;rg&atilde;o, Regina Lima, acatou as sugest&otilde;es do relat&oacute;rio da Comiss&atilde;o de Processo Administrativo institu&iacute;da na Funda&ccedil;&atilde;o para investigar o caso, ap&oacute;s defesa dos interessados. <\/p>\n<p>A portaria determina tamb&eacute;m que seja instaurado processo administrativo contra os ex-gestores da Funtelpa Francisco Cezar Nunes da Silva, que assinou o conv&ecirc;nio em setembro de 1997; Jos&eacute; N&eacute;lio Palheta e Ney Emil da Concei&ccedil;&atilde;o Messias, que renovaram o acordo. <\/p>\n<p>Tamb&eacute;m vai ser instaurado processo administrativo contra a TV Liberal para apurar responsabilidades. E a Funtelpa passa da condi&ccedil;&atilde;o de r&eacute; para autora na A&ccedil;&atilde;o Popular, que tramita na 21&ordf; Vara C&iacute;vel da capital, como forma de ressarcir o Estado dos atos lesivos praticados.&nbsp;<\/p>\n<p><strong>Irregularidades<\/strong> &ndash; Segundo apurou a comiss&atilde;o, o conv&ecirc;nio fere a lei de licita&ccedil;&atilde;o (Lei 8.666\/93) quando se verificam &quot;cl&aacute;usulas que remetem &agrave; seara contratual, e nas quais se descortina a execu&ccedil;&atilde;o de um contrato de presta&ccedil;&atilde;o de servi&ccedil;os remunerados, j&aacute; que, por for&ccedil;a do mesmo, a Funtelpa passou a realizar despesas com pagamento de publicidade e veicula&ccedil;&otilde;es do governo estadual&quot;. <\/p>\n<p>Em outras palavras, o conv&ecirc;nio &eacute; nulo porque foi firmado entre uma empresa governamental e uma empresa privada, retornando a esta resultados lucrativos, o que n&atilde;o &eacute; poss&iacute;vel pois, num conv&ecirc;nio os interesses t&ecirc;m de ser convergentes e n&atilde;o deve haver cl&aacute;usulas de pagamento, como havia no acordo com a TV Liberal: &quot;No caso de n&atilde;o pagamento pela Funtelpa do valor previsto na cl&aacute;usula segunda, a TV Liberal, independente de qualquer aviso pr&eacute;vio ou de notifica&ccedil;&atilde;o, poder&aacute; descontinuar o servi&ccedil;o Libsat, e considerar rescindido o conv&ecirc;nio&quot;, apontava o conv&ecirc;nio declarado nulo.&nbsp;<\/p>\n<p><a href=\"http:\/\/www.pa.gov.br\/downloads\/RELATORIO_FUNTELPA.pdf\">Para ter acesso ao relat&oacute;rio que declarou o conv&ecirc;nio nulo, clique aqui.<\/a><\/span><\/p>\n<p><span><br \/><\/span><span>&nbsp;<\/span><span>&nbsp;<\/span>&nbsp;<img loading=\"lazy\" decoding=\"async\" src=\"images\/stories\/politica_publicacoes\/c_invertido_pq.png\" alt=\"Active Image\" width=\"15\" height=\"15\" \/><\/p>\n","protected":false},"excerpt":{"rendered":"<p>O Di\u00e1rio Oficial do Estado do Par\u00e1 da \u00faltima ter\u00e7a-feira (15) publicou portaria que torna nulo o conv\u00eanio firmado entre a Funda\u00e7\u00e3o de Telecomunica\u00e7\u00f5es do Par\u00e1 (Funtelpa) e a TV Liberal, afiliada da Rede Globo no estado.<\/p>\n","protected":false},"author":1,"featured_media":0,"comment_status":"open","ping_status":"open","sticky":false,"template":"","format":"standard","meta":{"footnotes":""},"categories":[40],"tags":[140],"_links":{"self":[{"href":"https:\/\/obscom.intervozes.org.br\/index.php?rest_route=\/wp\/v2\/posts\/18395"}],"collection":[{"href":"https:\/\/obscom.intervozes.org.br\/index.php?rest_route=\/wp\/v2\/posts"}],"about":[{"href":"https:\/\/obscom.intervozes.org.br\/index.php?rest_route=\/wp\/v2\/types\/post"}],"author":[{"embeddable":true,"href":"https:\/\/obscom.intervozes.org.br\/index.php?rest_route=\/wp\/v2\/users\/1"}],"replies":[{"embeddable":true,"href":"https:\/\/obscom.intervozes.org.br\/index.php?rest_route=%2Fwp%2Fv2%2Fcomments&post=18395"}],"version-history":[{"count":0,"href":"https:\/\/obscom.intervozes.org.br\/index.php?rest_route=\/wp\/v2\/posts\/18395\/revisions"}],"wp:attachment":[{"href":"https:\/\/obscom.intervozes.org.br\/index.php?rest_route=%2Fwp%2Fv2%2Fmedia&parent=18395"}],"wp:term":[{"taxonomy":"category","embeddable":true,"href":"https:\/\/obscom.intervozes.org.br\/index.php?rest_route=%2Fwp%2Fv2%2Fcategories&post=18395"},{"taxonomy":"post_tag","embeddable":true,"href":"https:\/\/obscom.intervozes.org.br\/index.php?rest_route=%2Fwp%2Fv2%2Ftags&post=18395"}],"curies":[{"name":"wp","href":"https:\/\/api.w.org\/{rel}","templated":true}]}}