{"id":18393,"date":"2007-05-17T14:22:58","date_gmt":"2007-05-17T14:22:58","guid":{"rendered":"https:\/\/obscom.intervozes.org.br\/wordpress\/?p=18393"},"modified":"2007-05-17T14:22:58","modified_gmt":"2007-05-17T14:22:58","slug":"fundo-de-telecomunicacoes-incide-sobre-valor-do-servico","status":"publish","type":"post","link":"https:\/\/obscom.intervozes.org.br\/?p=18393","title":{"rendered":"Fundo de telecomunica\u00e7\u00f5es incide sobre valor do servi\u00e7o"},"content":{"rendered":"<p>A contribui&ccedil;&atilde;o para o Fundo de Universaliza&ccedil;&atilde;o dos Servi&ccedil;os de Telecomunica&ccedil;&otilde;es (Fust) n&atilde;o &eacute; cumulativa. Portanto, incide sobre o valor total da presta&ccedil;&atilde;o de servi&ccedil;o. Assim, se a empresa, que recebe o pagamento do consumidor, j&aacute; contribuiu com o valor de 1% de sua receita operacional bruta para o fundo, as operadoras que serviram de interconex&atilde;o n&atilde;o precisam contribuir novamente.<\/p>\n<p>O entendimento &eacute; da 7&ordf; Vara da Justi&ccedil;a Federal do Distrito Federal. Segundo o juiz Jos&eacute; M&aacute;rcio da Silveira e Silva, o Fust &ldquo;n&atilde;o incide sobre a transfer&ecirc;ncia da remunera&ccedil;&atilde;o decorrente da interconex&atilde;o feita de uma prestadora de servi&ccedil;os de telecomunica&ccedil;&otilde;es a outra, e sobre a qual j&aacute; tenha havido o recolhimento por parte da prestadora que emitiu a conta ao usu&aacute;rio&rdquo;.<\/p>\n<p>A interconex&atilde;o &eacute; uma imposi&ccedil;&atilde;o da Lei Geral de Telecomunica&ccedil;&otilde;es, que tem por objetivo permitir a integra&ccedil;&atilde;o das redes de telefonia. Portanto, diferentemente do entendimento da Ag&ecirc;ncia Nacional de Telecomunica&ccedil;&otilde;es (Anatel), a interconex&atilde;o n&atilde;o se constitui em um servi&ccedil;o de telecomunica&ccedil;&atilde;o.<\/p>\n<p>Para o juiz, se a interpreta&ccedil;&atilde;o dada pela Anatel fosse aplicada, haveria um favorecimento &agrave;s empresas que possuem rede pr&oacute;pria. Seria &ldquo;um incentivo ao n&atilde;o compartilhamento das redes e &agrave; inefici&ecirc;ncia, pela duplica&ccedil;&atilde;o de redes, pois certamente as empresas dariam prioridade ao investimento em rede pr&oacute;pria para cobrir todo o territ&oacute;rio nacional com a finalidade de diminuir os custos fiscais e, assim, obter vantagem comparativa sobre outras que necessitassem realizar interconex&atilde;o para prestar seus servi&ccedil;os&rdquo;, afirmou.<\/p>\n<p>J&aacute; o sistema que possibilita transmiss&atilde;o de dados, voz e imagens atrav&eacute;s de circuito digital, chamado de explora&ccedil;&atilde;o industrial de linha dedicada (EILD), n&atilde;o tem essa imposi&ccedil;&atilde;o legal, &ldquo;tratando-se de mera opera&ccedil;&atilde;o comercial entre as operadoras, efetivada exclusivamente em fun&ccedil;&atilde;o de suas estrat&eacute;gias operacionais&rdquo;. Portanto, esse servi&ccedil;o &eacute; considerado de telecomunica&ccedil;&atilde;o e entra na contribui&ccedil;&atilde;o ao Fust.<\/p>\n<p>As empresas de telecomunica&ccedil;&otilde;es entraram com um Mandado de Seguran&ccedil;a para pedir que a contribui&ccedil;&atilde;o ao Fust n&atilde;o fosse obrigat&oacute;ria, uma vez que o tributo n&atilde;o tem sido aplicado, devidamente, pelo governo. Segundo o juiz, o fato de o poder p&uacute;blico n&atilde;o aplicar os recursos do Fust n&atilde;o isenta as empresas de contribuir. &ldquo;A eventual in&eacute;rcia do Poder Executivo no cumprimento dos objetivos delineados pela Lei 9.998\/2000 implica a responsabiliza&ccedil;&atilde;o dos agentes omissos, e n&atilde;o a suspens&atilde;o da exigibilidade do cr&eacute;dito tribut&aacute;rio&rdquo;, afirmou.<\/p>\n<p>J&aacute; no que se refere ao ac&uacute;mulo das contribui&ccedil;&otilde;es, o juiz declarou que &ldquo;a remunera&ccedil;&atilde;o recebida pelas impetrantes decorrente de servi&ccedil;os de interconex&atilde;o, mediante transfer&ecirc;ncia de outra prestadora de servi&ccedil;o de telecomunica&ccedil;&otilde;es, n&atilde;o sofre incid&ecirc;ncia da contribui&ccedil;&atilde;o&rdquo;.<\/p>\n<p>&nbsp;<\/p>\n","protected":false},"excerpt":{"rendered":"<p>A contribui&ccedil;&atilde;o para o Fundo de Universaliza&ccedil;&atilde;o dos Servi&ccedil;os de Telecomunica&ccedil;&otilde;es (Fust) n&atilde;o &eacute; cumulativa. Portanto, incide sobre o valor total da presta&ccedil;&atilde;o de servi&ccedil;o. Assim, se a empresa, que recebe o pagamento do consumidor, j&aacute; contribuiu com o valor de 1% de sua receita operacional bruta para o fundo, as operadoras que serviram de &hellip; <a href=\"https:\/\/obscom.intervozes.org.br\/?p=18393\" class=\"more-link\">Continue lendo <span class=\"screen-reader-text\">Fundo de telecomunica\u00e7\u00f5es incide sobre valor do servi\u00e7o<\/span> <span class=\"meta-nav\">&rarr;<\/span><\/a><\/p>\n","protected":false},"author":1,"featured_media":0,"comment_status":"open","ping_status":"open","sticky":false,"template":"","format":"standard","meta":{"footnotes":""},"categories":[40],"tags":[66],"_links":{"self":[{"href":"https:\/\/obscom.intervozes.org.br\/index.php?rest_route=\/wp\/v2\/posts\/18393"}],"collection":[{"href":"https:\/\/obscom.intervozes.org.br\/index.php?rest_route=\/wp\/v2\/posts"}],"about":[{"href":"https:\/\/obscom.intervozes.org.br\/index.php?rest_route=\/wp\/v2\/types\/post"}],"author":[{"embeddable":true,"href":"https:\/\/obscom.intervozes.org.br\/index.php?rest_route=\/wp\/v2\/users\/1"}],"replies":[{"embeddable":true,"href":"https:\/\/obscom.intervozes.org.br\/index.php?rest_route=%2Fwp%2Fv2%2Fcomments&post=18393"}],"version-history":[{"count":0,"href":"https:\/\/obscom.intervozes.org.br\/index.php?rest_route=\/wp\/v2\/posts\/18393\/revisions"}],"wp:attachment":[{"href":"https:\/\/obscom.intervozes.org.br\/index.php?rest_route=%2Fwp%2Fv2%2Fmedia&parent=18393"}],"wp:term":[{"taxonomy":"category","embeddable":true,"href":"https:\/\/obscom.intervozes.org.br\/index.php?rest_route=%2Fwp%2Fv2%2Fcategories&post=18393"},{"taxonomy":"post_tag","embeddable":true,"href":"https:\/\/obscom.intervozes.org.br\/index.php?rest_route=%2Fwp%2Fv2%2Ftags&post=18393"}],"curies":[{"name":"wp","href":"https:\/\/api.w.org\/{rel}","templated":true}]}}