{"id":18385,"date":"2007-05-16T16:13:04","date_gmt":"2007-05-16T16:13:04","guid":{"rendered":"https:\/\/obscom.intervozes.org.br\/wordpress\/?p=18385"},"modified":"2007-05-16T16:13:04","modified_gmt":"2007-05-16T16:13:04","slug":"sociedade-civil-defende-processo-amplo-e-participativo","status":"publish","type":"post","link":"https:\/\/obscom.intervozes.org.br\/?p=18385","title":{"rendered":"Sociedade civil defende processo amplo e participativo"},"content":{"rendered":"<p style=\"margin: 0cm 0cm 0pt\" class=\"MsoNormal\"><span>A realiza&ccedil;&atilde;o de uma Confer&ecirc;ncia Nacional de Comunica&ccedil;&atilde;o &eacute; demanda antiga dos movimentos e entidades que defendem a democratiza&ccedil;&atilde;o da m&iacute;dia e o direito &agrave; comunica&ccedil;&atilde;o. Nos &uacute;ltimos meses, diversos documentos destas organiza&ccedil;&otilde;es v&ecirc;m defendendo que a confer&ecirc;ncia aconte&ccedil;a nos moldes de outros setores: um processo amplo, representativo e participativo feito com etapas municipais e estaduais. Isso significa empreender tempo e energia em sua constru&ccedil;&atilde;o e considerar as demandas dos diversos segmentos da sociedade na organiza&ccedil;&atilde;o da iniciativa.&nbsp;<\/p>\n<p><\/span><span>Recentemente, a confer&ecirc;ncia despertou interesse no Executivo Federal e do Congresso Nacional, em iniciativas que, aparentemente, n&atilde;o guardam rela&ccedil;&atilde;o entre si. Enquanto o Minist&eacute;rio das Comunica&ccedil;&otilde;es sinaliza a vontade de promover um encontro nacional em agosto deste ano, a Comiss&atilde;o de Direitos Humanos e Minorias (CDHM) da C&acirc;mara dos Deputados est&aacute; articulando, junto a organiza&ccedil;&otilde;es da sociedade civil, associa&ccedil;&otilde;es de profissionais em comunica&ccedil;&atilde;o e &oacute;rg&atilde;os do poder p&uacute;blico, um processo mais longo com in&iacute;cio na realiza&ccedil;&atilde;o do Encontro Nacional de Comunica&ccedil;&atilde;o, Direitos Humanos e Democracia em junho deste ano, em Bras&iacute;lia. A inten&ccedil;&atilde;o da CDHM e das entidades &eacute; usar o evento como espa&ccedil;o preparat&oacute;rio para o processo da confer&ecirc;ncia, cuja realiza&ccedil;&atilde;o ocorreria durante o segundo semestre de 2007 e o primeiro de 2008.<\/p>\n<p><\/span><span>A movimenta&ccedil;&atilde;o em torno do tema se fortaleceu em janeiro deste ano a partir de requerimento apresentado pela deputada Iriny Lopes (PT-ES) na CDHM para a realiza&ccedil;&atilde;o da confer&ecirc;ncia, em parceria com organiza&ccedil;&otilde;es da sociedade civil e com o governo. A finalidade do encontro, segundo o requerimento (56\/2006), &eacute; definir objetivos para o pleno exerc&iacute;cio do direito humano &agrave; comunica&ccedil;&atilde;o, &ldquo;entendido como o direito da pessoa se expressar, manifestando sua identidade civil, pol&iacute;tica, econ&ocirc;mica, social e cultural&rdquo;.<\/span><span>&nbsp;<\/span> <\/p>\n<p style=\"margin: 0cm 0cm 0pt\" class=\"MsoNormal\"><span><br \/>A CDHM passou ent&atilde;o a dialogar com setores que lutam pelos direitos humanos e pelo direito &agrave; comunica&ccedil;&atilde;o na tentativa de construir o processo. &ldquo;Chegamos &agrave; conclus&atilde;o de que era preciso realizar uma confer&ecirc;ncia nos moldes das que s&atilde;o realizadas nos outros setores, como educa&ccedil;&atilde;o e sa&uacute;de e que, para isso, seria preciso realizar um encontro pr&eacute;vio, para fortalecer e ampliar o movimento, e para sinalizar para o governo a necessidade de oficializar a confer&ecirc;ncia nacional para o ano que vem&rdquo;, explica o deputado Luiz Couto (PT-PB), atual presidente da comiss&atilde;o.<\/span><\/p>\n<p><span>&nbsp;<\/span> <\/p>\n<p style=\"margin: 0cm 0cm 0pt\" class=\"MsoNormal\"><span><strong>Amplia&ccedil;&atilde;o da articula&ccedil;&atilde;o<\/strong><\/span><\/p>\n<p style=\"margin: 0cm 0cm 0pt\" class=\"MsoNormal\"><span>O &ldquo;encontro pr&eacute;vio&rdquo; citado pelo deputado tem data prevista para os dias 21 e 22 de junho na capital federal. Para ampliar sua organiza&ccedil;&atilde;o em diversos estados, a comiss&atilde;o organizadora vai realizar uma videoconfer&ecirc;ncia no dia seis de junho pelo sistema Interlegis, com possibilidade de participa&ccedil;&atilde;o em todas as assembl&eacute;ias legislativas do Brasil. O objetivo da reuni&atilde;o &eacute; ampliar a articula&ccedil;&atilde;o, que conta hoje com cerca de 50 entidades. &ldquo;Buscamos aumentar a participa&ccedil;&atilde;o da sociedade civil e &oacute;rg&atilde;os do poder p&uacute;blico em todos os estados, j&aacute; que n&atilde;o h&aacute; recursos para realizar os encontros estaduais, mas reconhecemos ser fundamental que a discuss&atilde;o chegue neste &acirc;mbito&rdquo;, explica Couto. &ldquo;A legitimidade se constr&oacute;i com a ampla participa&ccedil;&atilde;o na constru&ccedil;&atilde;o do processo&rdquo;, diz. Segundo o deputado, o objetivo das videoconfer&ecirc;ncias &eacute; de subsidiar o encontro, que vai discutir formato e teor da confer&ecirc;ncia. Da&iacute; sua import&acirc;ncia. <\/span><\/p>\n<p><span>&nbsp;<\/span> <\/p>\n<p style=\"margin: 0cm 0cm 0pt\" class=\"MsoNormal\"><span>&ldquo;A proposta &eacute; de que fa&ccedil;amos no encontro uma an&aacute;lise do cen&aacute;rio da comunica&ccedil;&atilde;o no Brasil e no mundo, tra&ccedil;ando os desafios para o setor e apontando o papel da confer&ecirc;ncia na supera&ccedil;&atilde;o destes desafios&rdquo;, explica Br&aacute;ulio Ribeiro, da coordena&ccedil;&atilde;o do Intervozes, uma das organiza&ccedil;&otilde;es que participa do processo de di&aacute;logo com a CDHM. &ldquo;Buscaremos, tamb&eacute;m, apontar os temas a serem tratados na confer&ecirc;ncia e propor de que forma o processo deve ser conduzido&rdquo;, completa Ribeiro. &ldquo;&Eacute; um encontro pr&oacute; e pr&eacute;-confer&ecirc;ncia, que visa trazer par&acirc;metros para sua constru&ccedil;&atilde;o. O debate central do encontro &eacute; sobre o formato da confer&ecirc;ncia, que deve ser ampla e participativa e n&atilde;o somente um evento nacional&rdquo;, explica Joaquim Carvalho, coordenador jur&iacute;dico da Abra&ccedil;o &#8211; Associa&ccedil;&atilde;o Brasileira de R&aacute;dios Comunit&aacute;rias. <\/p>\n<p><\/span><span>Br&aacute;ulio Ribeiro ainda explica que, para o Intervozes, a constru&ccedil;&atilde;o de um sistema efetivamente p&uacute;blico de comunica&ccedil;&atilde;o no Brasil e a regula&ccedil;&atilde;o democr&aacute;tica dos setores privado e estatal, debates atualmente em curso nacionalmente, dependem de instrumentos que garantam a participa&ccedil;&atilde;o da sociedade civil na defini&ccedil;&atilde;o e fiscaliza&ccedil;&atilde;o das pol&iacute;ticas para o setor. &ldquo;Por isso, defendemos a realiza&ccedil;&atilde;o de um processo de confer&ecirc;ncias estaduais e municipais que culminem em um evento nacional, a exemplo das que j&aacute; ocorrem em outros setores. As resolu&ccedil;&otilde;es aprovadas devem orientar o Estado na elabora&ccedil;&atilde;o e execu&ccedil;&atilde;o das pol&iacute;ticas, programas e a&ccedil;&otilde;es para o setor&rdquo;, diz.&nbsp;<\/span><span>&nbsp;<\/span> <\/p>\n<p style=\"margin: 0cm 0cm 0pt\" class=\"MsoNormal\"><span><br \/>Outro objetivo do encontro, segundo o deputado Luiz Couto, al&eacute;m de recolher sugest&otilde;es para a confer&ecirc;ncia, &eacute; o de constituir uma comiss&atilde;o que d&ecirc; continuidade ao processo, inclusive levando ao governo as suas sugest&otilde;es. &ldquo;Precisamos dizer ao governo quem somos e com o que estamos preocupados. E o Minist&eacute;rio das Comunica&ccedil;&otilde;es n&atilde;o pode fechar os olhos para este apelo&rdquo;, diz.<\/span><\/p>\n<p style=\"margin: 0cm 0cm 0pt\" class=\"MsoNormal\"><span>O di&aacute;logo entre o processo que est&aacute; correndo na C&acirc;mara e o MiniCom, para Couto, acontecer&aacute; naturalmente: &ldquo;Este &eacute; o &uacute;nico setor do governo que n&atilde;o realizou confer&ecirc;ncia. Nossa inten&ccedil;&atilde;o &eacute; mostrar ao ministro H&eacute;lio Costa para a necessidade de oficializar a convoca&ccedil;&atilde;o da confer&ecirc;ncia para o ano que vem, com Legislativo, Executivo, Minist&eacute;rio P&uacute;blico e principalmente a sociedade civil. Qualquer encontro que seja realizado em outro modelo n&atilde;o pode ser&nbsp; chamado de confer&ecirc;ncia e n&atilde;o tem legitimidade para tal&rdquo;, afirma.<\/span><\/p>\n<p><span><br \/><strong>Iniciativas convergentes<\/strong><\/span> <\/p>\n<p style=\"margin: 0cm 0cm 0pt; text-align: justify\" class=\"MsoNormal\"><span>Em Bras&iacute;lia, no dia 2 de maio, aparentemente alheio ao processo em discuss&atilde;o na CDHM, o ministro das Comunica&ccedil;&otilde;es, H&eacute;lio Costa, prop&ocirc;s que a Frente Parlamentar Mista da Radiodifus&atilde;o, criada recentemente par defender os interesses das emissoras comerciais de r&aacute;dio e televis&atilde;o, fa&ccedil;a um chamamento &agrave; Confer&ecirc;ncia Nacional das Comunica&ccedil;&otilde;es, por ele definida como um espa&ccedil;o &ldquo;para debater as grandes quest&otilde;es do setor&rdquo;. Em discurso proferido na cerim&ocirc;nia de lan&ccedil;amento da Frente na C&acirc;mara dos Deputados, o ministro ressaltou que a Confer&ecirc;ncia seria o f&oacute;rum adequado para o debate sobre a converg&ecirc;ncia digital, TV p&uacute;blica, digitaliza&ccedil;&atilde;o do r&aacute;dio e o marco regulat&oacute;rio. Para ele, a Frente (Parlamentar Mista da Radiodifus&atilde;o) &ldquo;&eacute; o ambiente ideal para que possamos chamar os nossos entendidos, especialistas, e colocarmos no papel uma nova proposta de Lei Geral de Comunica&ccedil;&atilde;o de Massa e a revis&atilde;o da Lei Geral de Telecomunica&ccedil;&otilde;es&rdquo;. <\/span><\/p>\n<p><span>&nbsp;<\/span> <\/p>\n<p style=\"margin: 0cm 0cm 0pt; text-align: justify\" class=\"MsoNormal\"><span>Na avalia&ccedil;&atilde;o de Celso Schr&ouml;der, coordenador-geral do FNDC (F&oacute;rum Nacional pela Democratiza&ccedil;&atilde;o da Comunica&ccedil;&atilde;o), o movimento do MiniCom em favor da confer&ecirc;ncia &eacute; um fator fundamental e positivo. &ldquo;Achamos que esta confer&ecirc;ncia s&oacute; faz sentido se for ampla e representativa. Nesse sentido, &eacute; fundamental a participa&ccedil;&atilde;o do Governo Federal, tamb&eacute;m atrav&eacute;s do Minist&eacute;rio das Comunica&ccedil;&otilde;es&rdquo;. Schr&ouml;der espera que o MiniCom contribua na prepara&ccedil;&atilde;o de um verdadeiro espa&ccedil;o p&uacute;blico para o debate sobre as pol&iacute;ticas de comunica&ccedil;&atilde;o no pa&iacute;s.<\/span><\/p>\n<p><span><br \/><strong>Tempos distintos<\/strong><\/span> <\/p>\n<p style=\"margin: 0cm 0cm 0pt\" class=\"MsoNormal\"><span>Br&aacute;ulio Ribeiro, do Intervozes, considera a confer&ecirc;ncia como o espa&ccedil;o mais leg&iacute;timo para construir grandes opini&otilde;es sobre o futuro do setor, mas alerta que estas posi&ccedil;&otilde;es s&oacute; ter&atilde;o legitimidade se forem fruto de ampla participa&ccedil;&atilde;o da sociedade, a partir de intensas discuss&otilde;es em munic&iacute;pios e estados. Para que isso seja garantido, acrescenta, &eacute; invi&aacute;vel realizar a etapa nacional da confer&ecirc;ncia j&aacute; no m&ecirc;s de agosto, como prop&otilde;e o ministro H&eacute;lio Costa. &ldquo;A iniciativa &eacute; positiva, mas pode se tornar desastrosa se o Minist&eacute;rio das Comunica&ccedil;&otilde;es manter a id&eacute;ia de fazer a confer&ecirc;ncia em agosto. A data foi proposta, inclusive, sem nenhuma consulta aos outros segmentos, mas achamos que ainda &eacute; poss&iacute;vel construir um di&aacute;logo mais efetivo&rdquo;, diz.<\/span><\/p>\n<p><span>&nbsp;<\/span> <\/p>\n<p style=\"margin: 0cm 0cm 0pt\" class=\"MsoNormal\"><span>Joaquim Carvalho, da Abra&ccedil;o, endossa a cr&iacute;tica &agrave; iniciativa anunciada pelo Minist&eacute;rio das Comunica&ccedil;&otilde;es, &ldquo;se isso acontecer, n&atilde;o ser&aacute; um encontro leg&iacute;timo nem legitimado pela sociedade, mas uma imposi&ccedil;&atilde;o governamental, que &eacute; tudo o que uma confer&ecirc;ncia n&atilde;o deve ser&rdquo;, diz.<\/span><\/p>\n<p><span>&nbsp;<\/span> <\/p>\n<p style=\"margin: 0cm 0cm 0pt\" class=\"MsoNormal\"><span>Enquanto seguem os debates sobre a Confer&ecirc;ncia, o Encontro Nacional de Comunica&ccedil;&atilde;o, Direitos Humanos e Democracia est&aacute; confirmado para os dias 21 e 22 de junho deste ano, em Bras&iacute;lia.<\/span><\/p>\n<p><span>&nbsp;<\/span><span>&nbsp;<\/span> <\/p>\n<p><\/p>\n<p style=\"margin: 0cm 0cm 0pt\" class=\"MsoNormal\"><span>* Com informa&ccedil;&otilde;es do FNDC.<\/span><\/p>\n<p style=\"margin: 0cm 0cm 0pt\" class=\"MsoNormal\">&nbsp;<\/p>\n<p style=\"margin: 0cm 0cm 0pt\" class=\"MsoNormal\"><span><img loading=\"lazy\" decoding=\"async\" src=\"images\/stories\/politica_publicacoes\/c_invertido_pq.png\" alt=\"Active Image\" width=\"15\" height=\"15\" \/><\/span><\/p>\n","protected":false},"excerpt":{"rendered":"<p>Reivindica\u00e7\u00e3o hist\u00f3rica da sociedade civil, confer\u00eancia entra na pauta do governo e da C\u00e2mara dos Deputados em iniciativas desconexas. Movimentos defendem processo amplo e questionam proposta do Minist\u00e9rio das Comunica\u00e7\u00f5es de realizar encontro em agosto. <\/p>\n","protected":false},"author":1,"featured_media":0,"comment_status":"open","ping_status":"open","sticky":false,"template":"","format":"standard","meta":{"footnotes":""},"categories":[40],"tags":[242],"_links":{"self":[{"href":"https:\/\/obscom.intervozes.org.br\/index.php?rest_route=\/wp\/v2\/posts\/18385"}],"collection":[{"href":"https:\/\/obscom.intervozes.org.br\/index.php?rest_route=\/wp\/v2\/posts"}],"about":[{"href":"https:\/\/obscom.intervozes.org.br\/index.php?rest_route=\/wp\/v2\/types\/post"}],"author":[{"embeddable":true,"href":"https:\/\/obscom.intervozes.org.br\/index.php?rest_route=\/wp\/v2\/users\/1"}],"replies":[{"embeddable":true,"href":"https:\/\/obscom.intervozes.org.br\/index.php?rest_route=%2Fwp%2Fv2%2Fcomments&post=18385"}],"version-history":[{"count":0,"href":"https:\/\/obscom.intervozes.org.br\/index.php?rest_route=\/wp\/v2\/posts\/18385\/revisions"}],"wp:attachment":[{"href":"https:\/\/obscom.intervozes.org.br\/index.php?rest_route=%2Fwp%2Fv2%2Fmedia&parent=18385"}],"wp:term":[{"taxonomy":"category","embeddable":true,"href":"https:\/\/obscom.intervozes.org.br\/index.php?rest_route=%2Fwp%2Fv2%2Fcategories&post=18385"},{"taxonomy":"post_tag","embeddable":true,"href":"https:\/\/obscom.intervozes.org.br\/index.php?rest_route=%2Fwp%2Fv2%2Ftags&post=18385"}],"curies":[{"name":"wp","href":"https:\/\/api.w.org\/{rel}","templated":true}]}}