{"id":18381,"date":"2007-05-16T11:59:19","date_gmt":"2007-05-16T11:59:19","guid":{"rendered":"https:\/\/obscom.intervozes.org.br\/wordpress\/?p=18381"},"modified":"2007-05-16T11:59:19","modified_gmt":"2007-05-16T11:59:19","slug":"o-fato-a-noticia-e-o-pedigree-midia-pernambucana-vive-dias-de-censura","status":"publish","type":"post","link":"https:\/\/obscom.intervozes.org.br\/?p=18381","title":{"rendered":"O fato, a not\u00edcia e o pedigree: m\u00eddia pernambucana vive dias de censura"},"content":{"rendered":"<p style=\"margin: 0cm 0cm 0pt\" class=\"MsoNormal\"><span>Dia 3 de maio. Dia Mundial da Liberdade de Imprensa. H&aacute; tempos a data &eacute; festejada pela Associa&ccedil;&atilde;o Nacional dos Jornais, que abriga propriet&aacute;rios de ve&iacute;culos impressos. Faz parte da agenda do empresariado fazer com que a popula&ccedil;&atilde;o brasileira acredite que neste pa&iacute;s existe realmente um ambiente prop&iacute;cio a tal liberdade.<\/span><\/p>\n<p><span>&nbsp;<\/span> <\/p>\n<p style=\"margin: 0cm 0cm 0pt\" class=\"MsoNormal\"><span>Dia 4 de maio. Logo cedo, antes de os notici&aacute;rios da tev&ecirc; entrarem no ar, uma a&ccedil;&atilde;o da Pol&iacute;cia Federal paraibana prendeu v&aacute;rios homens em Pernambuco, acusados de crime contra a ordem econ&ocirc;mica e forma&ccedil;&atilde;o de quadrilha. Entre eles estava Marcelo Tavares de Melo, presidente do grupo Tavares de Melo. O empres&aacute;rio era (e &eacute;) suspeito de ser l&iacute;der de um cartel que controlava os pre&ccedil;os da maior parte dos postos de gasolina em Jo&atilde;o Pessoa.&nbsp; <\/span><\/p>\n<p><span>&nbsp;<\/span> <\/p>\n<p style=\"margin: 0cm 0cm 0pt\" class=\"MsoNormal\"><span>S&oacute; que Tavares de Melo tamb&eacute;m &eacute; genro de Jo&atilde;o Carlos Paes Mendon&ccedil;a, dono do sistema de comunica&ccedil;&atilde;o que envolve o Jornal do Commercio, JCOnline, TV Jornal, R&aacute;dio Jornal e R&aacute;dio CBN\/Recife. Tido como um grande empreendedor e orgulho para o estado, Paes Mendon&ccedil;a conquistou fama e fortuna &agrave; frente da rede de supermercados Bompre&ccedil;o &ndash; recentemente vendida ao grupo Wall Mart.<\/span><\/p>\n<p><span>&nbsp;<\/span> <\/p>\n<p style=\"margin: 0cm 0cm 0pt\" class=\"MsoNormal\"><span>O telejornal matutino Bom Dia Pernambuco, transmitido pela TV Globo, n&atilde;o perdeu tempo. Deu a not&iacute;cia da pris&atilde;o, disse o nome dos envolvidos e mostrou o momento em que, escondendo o rosto, o empres&aacute;rio era levado de seu apartamento, na avenida Boa Viagem, beira-mar, o metro quadrado mais caro da Regi&atilde;o Metropolitana do Recife. J&aacute; o TV Jornal Manh&atilde;, da TV que pertence a JCPM, foi mais comedido. N&atilde;o se furtou de dar a not&iacute;cia, mas omitiu os nomes dos envolvidos, como tamb&eacute;m fez, em princ&iacute;pio, a CBN.<\/span><\/p>\n<p><span>&nbsp;<\/span> <\/p>\n<p style=\"margin: 0cm 0cm 0pt\" class=\"MsoNormal\"><span>As demais empresas de comunica&ccedil;&atilde;o, de capital local, ficaram atordoadas. Como preservar o interesse p&uacute;blico sem ferir o interesse comercial de um grande empres&aacute;rio, dono de empresas de comunica&ccedil;&atilde;o, investidor do mercado imobili&aacute;rio? N&atilde;o faltaram reuni&otilde;es em tudo o que &eacute; de reda&ccedil;&atilde;o. Mesmo os blogs que pertencem &agrave;s empresas, normalmente menos regulados comercialmente, foram impedidos de publicar coisa alguma num primeiro momento. Pior: at&eacute; coment&aacute;rios referentes ao fato, postados por leitores de alguns sites, acabaram sendo apagados por seus moderadores.<\/span><\/p>\n<p style=\"margin: 0cm 0cm 0pt\" class=\"MsoNormal\"><span><br \/>Jornalistas se co&ccedil;avam para apurar o fato, mesmo sem saber se conseguiriam publicar alguma coisa. Enquanto os jornais discutiam o que fazer, alguns sites como o PE360graus (<a href=\"http:\/\/www.pe360graus.com\/\">www.pe360graus.com<\/a>), da Globo e o blog independente Acerto as Contas (<a href=\"http:\/\/www.acertodecontas.blog.br\/\">www.acertodecontas.blog.br<\/a>), continuaram em cima do fato. Dos sites ligados a jornais, apenas o Pernambuco.com, dos Diarios Associados, publicou alguma coisa.<\/p>\n<p><\/span><span>At&eacute; o in&iacute;cio da noite, n&atilde;o se sabia quem ia (ou se ia) publicar o qu&ecirc;. Tanta era a confus&atilde;o nas reda&ccedil;&otilde;es que, ouvindo suas &ndash; muitas &ndash; fontes na imprensa pernambucana, o jornalista Ricardo Noblat publicou em seu blog: <\/p>\n<p><\/span><em><span>&ldquo;Est&aacute; no site da TV Globo Nordeste o que ficar&aacute; de fora das edi&ccedil;&otilde;es de amanh&atilde; dos jornais de Pernambuco &#8211; e o que foi proibido de ser divulgado pelos blogs abrigados nos portais desses mesmos jornais: &quot;Agentes da Pol&iacute;cia Federal prenderam, nesta sexta-feira (4), sete empres&aacute;rios pernambucanos acusados de montar, na Para&iacute;ba, um esquema para vender combust&iacute;vel a pre&ccedil;o &uacute;nico. A atividade, que caracterizaria forma&ccedil;&atilde;o de cartel, &eacute; ilegal pelas leis brasileiras&rdquo;. link: <\/span><span>http:\/\/oglobo.globo.com\/pais\/noblat\/post.asp?cod_Post=57009<\/span><\/em><\/p>\n<p><span>&nbsp;<\/span> <\/p>\n<p style=\"margin: 0cm 0cm 0pt\" class=\"MsoNormal\"><span>S&aacute;bado, dia 5. Cada jornal decidiu por um encaminhamento. O Diario de Pernambuco deu destaque ao caso, colocando-o na primeira p&aacute;gina e dando, num quadro, o nome de todos os envolvidos. O Jornal do Commercio, de JCPM, foi mais comedido. Chamada pequena na primeira p&aacute;gina, mat&eacute;ria escondida quase num rodap&eacute; &ndash; sendo que 40% do texto &eacute; a fala do advogado de Tavares de Melo, negando as acusa&ccedil;&otilde;es. A Folha de Pernambuco omitiu-se completamente. Para os editores do jornal, nada aconteceu.<\/span><\/p>\n<p><span>&nbsp;<\/span> <\/p>\n<p style=\"margin: 0cm 0cm 0pt\" class=\"MsoNormal\"><span>O curioso &eacute; que, desde o domingo, dia 6, j&aacute; n&atilde;o se fala mais no assunto. Com a exce&ccedil;&atilde;o das empresas ligadas &agrave; Rede Globo e aos blogs independentes, nenhum grande ve&iacute;culo de comunica&ccedil;&atilde;o parece acompanhar o caso. Como andam as investiga&ccedil;&otilde;es da pol&iacute;cia? Como foram os depoimentos? Quem permanece preso? Quem foi solto? Algu&eacute;m deu alguma declara&ccedil;&atilde;o? Algu&eacute;m foi convidado a dar alguma declara&ccedil;&atilde;o? O dinheiro encontrado no escrit&oacute;rio da empresa era de origem legal?<\/span><\/p>\n<p><span>&nbsp;<\/span> <\/p>\n<p style=\"margin: 0cm 0cm 0pt\" class=\"MsoNormal\"><span>&Eacute; assunto demais para apura&ccedil;&atilde;o de menos.<\/span><\/p>\n<p><span>&nbsp;<\/span> <\/p>\n<p style=\"margin: 0cm 0cm 0pt\" class=\"MsoNormal\"><span>Na &uacute;ltima segunda-feira, dia 7, a Folha de Pernambuco (www.folhape.com.br) publicou um artigo bem escrito e assinado pelo renomado jurista Jos&eacute; Paulo Cavalcanti Filho. Intitulado &ldquo;Algemas do autoritarismo&rdquo;, o advogado, sem citar nomes, critica a a&ccedil;&atilde;o da pol&iacute;cia &ndash; com bons argumentos. No final, um par&aacute;grafo interessante:<\/span><\/p>\n<p><span><br \/><em>&ldquo;<\/em><\/span><span><em>P.S. A Folha de Pernambuco segundo fui informado, como ato de resist&ecirc;ncia a esse arb&iacute;trio, decidiu nesse caso de agora preservar a vida privada dos acusados. E deixou de publicar fatos que, em seu entender, foram apenas manifesta&ccedil;&otilde;es de arb&iacute;trio.&nbsp; Como um gesto de advert&ecirc;ncia. Mas estar&aacute; atenta ao desenvolver do processo, at&eacute; seu fim. Se os acusados forem julgados e condenados, a mat&eacute;ria ser&aacute; publicada com destaque. Expondo o nome dos criminosos e seus delitos. Na primeira p&aacute;gina, claro. Mas, se nada vier a ser provado, e ent&atilde;o n&atilde;o ter&aacute; contribu&iacute;do para arranhar (ainda mais) a vida de pessoas inocentes e de suas fam&iacute;lias. Tudo como deveria ocorrer, sempre, nas boas democracias&rdquo;.<\/em><\/span><span><em>&nbsp;<br \/><\/em><br \/><\/span><span>Jornal not&oacute;rio por publicar textos e fotos quando pessoas de baixa renda s&atilde;o presas sob suspeita de qualquer crime, seria fant&aacute;stico se a Folha de Pernambuco adotasse, de uma vez, esse novo crit&eacute;rio em sua linha editorial.<\/span><span>&nbsp;<\/span><span>O mesmo artigo foi publicado na mesma semana pelo Jornal do Commercio. <\/p>\n<p>Um caso rar&iacute;ssimo em que um texto de opini&atilde;o aparece em dois ve&iacute;culos &ldquo;concorrentes&rdquo; em dias diferentes e pr&oacute;ximos. Um detalhe: at&eacute; o ano passado, Jos&eacute; Paulo era colaborador freq&uuml;ente do JC. Deixou de escrever para o jornal de JCPM depois que o peri&oacute;dico publicou uma reportagem especial sobre trabalho escravo em que a fazenda de um parente seu foi inclu&iacute;da como sendo um dos destinos de trabalhadores que sofriam maus tratos.<\/span><span>&nbsp;<\/p>\n<p><\/span><span>&Agrave; NOITINHA &ndash; Sem muito alarde, Marcelo Tavares de Melo foi solto no &uacute;ltimo final de semana. A investiga&ccedil;&atilde;o, por&eacute;m, continua. O empres&aacute;rio continua respondendo em liberdade pelos crimes de que &eacute; suspeito. Mas se voc&ecirc; quiser saber o que est&aacute; acontecendo, esque&ccedil;a os jornais.<\/span> <\/p>\n<div><\/p>\n<hr \/>\n<div id=\"ftn1\">\n<p style=\"margin: 0cm 0cm 0pt\" class=\"MsoFootnoteText\">*<span>&nbsp;Jornalista, integrante do Centro de Cultura Luiz Freire, editor do site Ombuds PE (www.ombudspe.org.br) e articulador estadual do Movimento Nacional de Direitos Humanos.<\/span><\/p>\n<p style=\"margin: 0cm 0cm 0pt\" class=\"MsoFootnoteText\">&nbsp;<\/p>\n<p style=\"margin: 0cm 0cm 0pt\" class=\"MsoFootnoteText\">&nbsp;<\/p>\n<p style=\"margin: 0cm 0cm 0pt\" class=\"MsoFootnoteText\"><span><img loading=\"lazy\" decoding=\"async\" src=\"images\/stories\/politica_publicacoes\/c_invertido_pq.png\" alt=\"Active Image\" width=\"15\" height=\"15\" \/><\/span><\/p>\n<\/div>\n<\/div>\n","protected":false},"excerpt":{"rendered":"<p>Dia Mundial da Liberdade de Imprensa. H\u00e1 tempos a data \u00e9 festejada pela Associa\u00e7\u00e3o Nacional dos Jornais, que abriga propriet\u00e1rios de ve\u00edculos impressos. Faz parte da agenda fazer com que a popula\u00e7\u00e3o brasileira acredite que neste pa\u00eds existe a tal liberdade.<\/p>\n","protected":false},"author":1,"featured_media":0,"comment_status":"open","ping_status":"open","sticky":false,"template":"","format":"standard","meta":{"footnotes":""},"categories":[42],"tags":[215],"_links":{"self":[{"href":"https:\/\/obscom.intervozes.org.br\/index.php?rest_route=\/wp\/v2\/posts\/18381"}],"collection":[{"href":"https:\/\/obscom.intervozes.org.br\/index.php?rest_route=\/wp\/v2\/posts"}],"about":[{"href":"https:\/\/obscom.intervozes.org.br\/index.php?rest_route=\/wp\/v2\/types\/post"}],"author":[{"embeddable":true,"href":"https:\/\/obscom.intervozes.org.br\/index.php?rest_route=\/wp\/v2\/users\/1"}],"replies":[{"embeddable":true,"href":"https:\/\/obscom.intervozes.org.br\/index.php?rest_route=%2Fwp%2Fv2%2Fcomments&post=18381"}],"version-history":[{"count":0,"href":"https:\/\/obscom.intervozes.org.br\/index.php?rest_route=\/wp\/v2\/posts\/18381\/revisions"}],"wp:attachment":[{"href":"https:\/\/obscom.intervozes.org.br\/index.php?rest_route=%2Fwp%2Fv2%2Fmedia&parent=18381"}],"wp:term":[{"taxonomy":"category","embeddable":true,"href":"https:\/\/obscom.intervozes.org.br\/index.php?rest_route=%2Fwp%2Fv2%2Fcategories&post=18381"},{"taxonomy":"post_tag","embeddable":true,"href":"https:\/\/obscom.intervozes.org.br\/index.php?rest_route=%2Fwp%2Fv2%2Ftags&post=18381"}],"curies":[{"name":"wp","href":"https:\/\/api.w.org\/{rel}","templated":true}]}}