{"id":18379,"date":"2007-05-15T21:01:25","date_gmt":"2007-05-15T21:01:25","guid":{"rendered":"https:\/\/obscom.intervozes.org.br\/wordpress\/?p=18379"},"modified":"2007-05-15T21:01:25","modified_gmt":"2007-05-15T21:01:25","slug":"diretor-da-mtv-defende-classificacao-indicativa","status":"publish","type":"post","link":"https:\/\/obscom.intervozes.org.br\/?p=18379","title":{"rendered":"Diretor da MTV defende classifica\u00e7\u00e3o indicativa"},"content":{"rendered":"<p>Bras&iacute;lia &#8211; A emissora de televis&atilde;o MTV adotou desde s&aacute;bado (12) as novas regras para a classifica&ccedil;&atilde;o indicativa de programas televisivos do Minist&eacute;rio da Justi&ccedil;a. Apesar do adiamento da entrada em vigor de tr&ecirc;s artigos e da suspens&atilde;o de um outro, a portaria que trata do tema passou a vigorar desde ontem (13). A norma determina que seja divulgada nos programas a classifica&ccedil;&atilde;o por faixa et&aacute;ria e por hor&aacute;rio, por meio de s&iacute;mbolos padronizados, incluindo informa&ccedil;&otilde;es na Linguagem Brasileira de Sinais (Libras).&nbsp;<\/p>\n<p>O diretor de programa&ccedil;&atilde;o da emissora, Zico G&oacute;es, disse que as novas normas n&atilde;o s&atilde;o uma &quot;novidade&quot;, como argumentam algumas emissoras que s&atilde;o contra a medida. Segundo ele, a portaria, publicada em fevereiro regulamenta normas definidas pela Constitui&ccedil;&atilde;o e discutidas com a sociedade &quot;a exaust&atilde;o&quot;. &quot;Isso n&atilde;o foi uma coisa que caiu do c&eacute;u, n&atilde;o foi uma canetada do Minist&eacute;rio da Justi&ccedil;a&quot;, afirmou, acrescentando que t&atilde;o pouco as normas podem ser consideradas com censura.&nbsp;<\/p>\n<p>&ldquo;Aceitamos [a classifica&ccedil;&atilde;o indicativa] porque concordamos. Sempre discutimos com o minist&eacute;rio a adequa&ccedil;&atilde;o dos crit&eacute;rios. Quem n&atilde;o quis debater na &eacute;poca tinha outros interesses&rdquo;, disse G&oacute;es. &ldquo;Entendemos que a motiva&ccedil;&atilde;o n&atilde;o &eacute; controle do governo e achamos que a portaria est&aacute; certa e serve para proteger crian&ccedil;as e adolescentes.&rdquo;&nbsp;<\/p>\n<p>O diretor da MTV cita que em outros pa&iacute;ses como Estados Unidos e Inglaterra n&atilde;o existem portarias de classifica&ccedil;&atilde;o de programas televisivos como a brasileira. No entanto, o controle da social sobre o conte&uacute;do da TV &eacute; maior. &ldquo;Nesses lugares o controle &eacute; enorme, muitas vezes s&atilde;o sociedades at&eacute; mais conservadoras. Nos Estados Unidos, por exemplo, n&atilde;o passam palavr&otilde;es no ar.&rdquo;&nbsp;<\/p>\n<p><span>Zico G&oacute;es informou que desde fevereiro, quando a portaria da classifica&ccedil;&atilde;o indicativa foi publicada, a emissora procurou se adequar as novas regras. &ldquo;Deu trabalho, mas j&aacute; est&aacute;vamos esperando por isso.&rdquo;<\/span><span>&nbsp;<\/p>\n<p><\/span><span>A &eacute;poca, a emissora exibia s&iacute;mbolos estipulados pelo Minist&eacute;rio da Justi&ccedil;a na grade da programa&ccedil;&atilde;o. <\/span>Com a entrada em vigor de parte da portaria, a MTV ampliou a exibi&ccedil;&atilde;o dos s&iacute;mbolos e adotou libras nas indica&ccedil;&otilde;es.&nbsp;<\/p>\n<p>O processo que definiu a classifica&ccedil;&atilde;o de programa televisivos come&ccedil;ou h&aacute; tr&ecirc;s anos no Minist&eacute;rio da Justi&ccedil;a. Um grupo de trabalho formado por representantes do governo federal, de emissoras de televis&atilde;o e da sociedade civil discutiu as novas regras, que ainda foram debatidas em audi&ecirc;ncias e consultas p&uacute;blicas. Normas de classifica&ccedil;&atilde;o indicativa de programa&ccedil;&atilde;o para o cinema foram publicadas em julho de 2006. <\/p>\n<p>&nbsp;<img loading=\"lazy\" decoding=\"async\" src=\"images\/stories\/politica_publicacoes\/c_invertido_pq.png\" alt=\"Active Image\" width=\"15\" height=\"15\" \/><\/p>\n<p>&nbsp;<\/p>\n","protected":false},"excerpt":{"rendered":"<p>A MTV adotou desde s\u00e1bado (12) as novas regras para a classifica\u00e7\u00e3o indicativa de programas televisivos. Apesar do adiamento da entrada em vigor de tr\u00eas artigos e da suspens\u00e3o de um outro, a portaria que trata do tema passou a vigorar em 13\/5.<\/p>\n","protected":false},"author":1,"featured_media":0,"comment_status":"open","ping_status":"open","sticky":false,"template":"","format":"standard","meta":{"footnotes":""},"categories":[40],"tags":[165],"_links":{"self":[{"href":"https:\/\/obscom.intervozes.org.br\/index.php?rest_route=\/wp\/v2\/posts\/18379"}],"collection":[{"href":"https:\/\/obscom.intervozes.org.br\/index.php?rest_route=\/wp\/v2\/posts"}],"about":[{"href":"https:\/\/obscom.intervozes.org.br\/index.php?rest_route=\/wp\/v2\/types\/post"}],"author":[{"embeddable":true,"href":"https:\/\/obscom.intervozes.org.br\/index.php?rest_route=\/wp\/v2\/users\/1"}],"replies":[{"embeddable":true,"href":"https:\/\/obscom.intervozes.org.br\/index.php?rest_route=%2Fwp%2Fv2%2Fcomments&post=18379"}],"version-history":[{"count":0,"href":"https:\/\/obscom.intervozes.org.br\/index.php?rest_route=\/wp\/v2\/posts\/18379\/revisions"}],"wp:attachment":[{"href":"https:\/\/obscom.intervozes.org.br\/index.php?rest_route=%2Fwp%2Fv2%2Fmedia&parent=18379"}],"wp:term":[{"taxonomy":"category","embeddable":true,"href":"https:\/\/obscom.intervozes.org.br\/index.php?rest_route=%2Fwp%2Fv2%2Fcategories&post=18379"},{"taxonomy":"post_tag","embeddable":true,"href":"https:\/\/obscom.intervozes.org.br\/index.php?rest_route=%2Fwp%2Fv2%2Ftags&post=18379"}],"curies":[{"name":"wp","href":"https:\/\/api.w.org\/{rel}","templated":true}]}}