{"id":18377,"date":"2007-05-15T17:43:27","date_gmt":"2007-05-15T17:43:27","guid":{"rendered":"https:\/\/obscom.intervozes.org.br\/wordpress\/?p=18377"},"modified":"2014-09-07T02:53:26","modified_gmt":"2014-09-07T02:53:26","slug":"padrao-norte-americano-nao-serve-para-o-brasil-diz-frente","status":"publish","type":"post","link":"https:\/\/obscom.intervozes.org.br\/?p=18377","title":{"rendered":"Padr\u00e3o norte-americano n\u00e3o serve para o Brasil, diz Frente"},"content":{"rendered":"<p><span>A Frente Nacional por um Sistema Democr&aacute;tico de R&aacute;dio e TV Digital apresentou na &uacute;ltima segunda-feira (14\/05) documento em resposta &agrave; Consulta P&uacute;blica n&ordm; 771, da Ag&ecirc;ncia Nacional de Telecomunica&ccedil;&otilde;es (Anatel), que prop&otilde;e Crit&eacute;rios e Procedimentos para Avalia&ccedil;&atilde;o do Sistema de R&aacute;dio Digital IBOC. Foi a primeira vez que a Anatel colocou sob consulta o tema da digitaliza&ccedil;&atilde;o dos sistemas de r&aacute;dio.<\/p>\n<p><\/span><span>Entre outras quest&otilde;es, o texto <\/span><span>aponta que n&atilde;o h&aacute; justificativas para a Consulta se referir exclusivamente ao padr&atilde;o norte-americana IBOC, j&aacute; que o padr&atilde;o livre DRM (<\/span><span>Digital Radio Mondiale<\/span><span>) tamb&eacute;m recebeu autoriza&ccedil;&atilde;o da pr&oacute;pria Anatel para ser testado.&nbsp;<\/p>\n<p><\/span><span>Especificamente em rela&ccedil;&atilde;o ao padr&atilde;o, o documento destaca a preocupa&ccedil;&atilde;o das entidades na interfer&ecirc;ncia que uma emissora IBOC causa em outras emissoras de baixa pot&ecirc;ncia, notadamente em r&aacute;dios comunit&aacute;rias. Outra quest&atilde;o que afeta diretamente a sobreviv&ecirc;ncia de algumas r&aacute;dios &eacute; o fato do padr&atilde;o&nbsp;ser propriet&aacute;rio e possui uma l&oacute;gica de licenciamento que &eacute; &ldquo;economicamente invi&aacute;vel para emissoras p&uacute;blicas e mesmo as comerciais de pequeno porte&rdquo;. <br \/><\/span><span><strong><br \/>Fato consumado e metodologia<\/strong><\/span> <\/p>\n<p><span>O documento das entidades tamb&eacute;m alerta sobre o potencial &ldquo;fato consumado&quot;, na medida em que as grandes emissoras j&aacute; est&atilde;o comprando equipamentos pertencentes ao padr&atilde;o norte-americano. As entidades da Frente afirmam que &ldquo;num futuro pr&oacute;ximo, esse parque de transmissores &lsquo;j&aacute; instalados&rsquo; pode se tornar um argumento para inviabilizar a defini&ccedil;&atilde;o por qualquer outro padr&atilde;o&rdquo;. <\/p>\n<p><\/span><span>Outra quest&atilde;o apontada pelas entidades se refere &agrave; metodologia de avalia&ccedil;&atilde;o, que &ldquo;<\/span><span>indica a realiza&ccedil;&atilde;o de testes pulverizados, em lugar de um teste mais amplo realizado por um cons&oacute;rcio de entidades&rdquo;, citando como exemplo a ser seguido o m&eacute;todo realizado com a TV Digital <\/span><span>em S&atilde;o Paulo. Ainda<\/span><span> no &acirc;mbito da metodologia, <\/span><span>o documento critica a falta de clareza em rela&ccedil;&atilde;o &agrave; amostragem nas diversas etapas dos testes. &ldquo;<\/span><span>Na falta deste plano, qualquer resultado &lsquo;quantitativo&rsquo; ter&aacute; um aspecto tecnicamente fr&aacute;gil, pois um resultado num caso espec&iacute;fico n&atilde;o ser&aacute; indicador seguro de que aquele comportamento se dar&aacute; em todas ou pelo menos na maioria das situa&ccedil;&otilde;es&rdquo;.<\/p>\n<p><\/span><span>A Frente tamb&eacute;m reivindica transpar&ecirc;ncia, equidade e publicidade na realiza&ccedil;&atilde;o dos testes, por meio de uma maior participa&ccedil;&atilde;o de outros atores da sociedade. Ela tamb&eacute;m questiona o fato da Consulta tratar o tema como <\/span><span>&ldquo;<\/span><span>uma mera substitui&ccedil;&atilde;o dos receptores anal&oacute;gicos por outros de melhor qualidade, digitais<\/span><span>&rdquo;<\/span><span>.<\/span><span> De acordo com o documento, &ldquo;t<\/span><span>rata-se<\/span><span> <\/span><span>de uma mudan&ccedil;a de paradigmas<\/span><span> (&#8230;) <\/span><span>rumo a um mundo mais<\/span><span> convergente e integrado&rdquo;. <\/p>\n<p><\/span><span>O documento &eacute; assinado pelas entidades do Grupo de Trabalho Nacional da Frente: <\/span><span>Intervozes &#8211; Coletivo Brasil de Comunica&ccedil;&atilde;o Social; Fittel &#8211; Federa&ccedil;&atilde;o Interestadual dos Trabalhadores em Telecomunica&ccedil;&otilde;es; Sintpq &ndash; Sindicato dos Trabalhadores em Pesquisa, Ci&ecirc;ncia e Tecnologia <\/span><span>&#8211;<\/span><span> SP; Amarc &#8211; Associa&ccedil;&atilde;o Mundial de R&aacute;dios Comunit&aacute;rias &ndash; Brasil; Abra&ccedil;o &#8211; Associa&ccedil;&atilde;o Brasileira de R&aacute;dios Comunit&aacute;rias; FNDC &#8211; F&oacute;rum Nacional pela Democratiza&ccedil;&atilde;o da Comunica&ccedil;&atilde;o e; Comunicativistas (RJ).<\/span><\/p>\n<p style=\"margin: 2.85pt 0cm; text-align: justify\" class=\"MsoNormal\"><a href=\"http:\/\/localhost\/intervozes_direitoacomunicacao\/wordpress\/?p=18099\">&nbsp;Para&nbsp;fazer o download do documento, clique aqui.<\/a><\/p>\n<p style=\"margin: 2.85pt 0cm; text-align: justify\" class=\"MsoNormal\">&nbsp;<\/p>\n<p><span>&nbsp;<img loading=\"lazy\" decoding=\"async\" src=\"images\/stories\/politica_publicacoes\/c_invertido_pq.png\" alt=\"Active Image\" width=\"15\" height=\"15\" \/><\/span><span>&nbsp;<\/span><\/p>\n","protected":false},"excerpt":{"rendered":"<p>Em resposta \u00e0 consulta da Anatel, Frente Nacional por um Sistema Democr\u00e1tico de R\u00e1dio e TV Digital apresenta documento com duras cr\u00edticas ao padr\u00e3o norte-americano de r\u00e1dio digital, \u00e0 metodologia de avalia\u00e7\u00e3o e ao fato de outros padr\u00f5es n\u00e3o constarem da consulta.<\/p>\n","protected":false},"author":1,"featured_media":0,"comment_status":"open","ping_status":"open","sticky":false,"template":"","format":"standard","meta":{"footnotes":""},"categories":[40],"tags":[236],"_links":{"self":[{"href":"https:\/\/obscom.intervozes.org.br\/index.php?rest_route=\/wp\/v2\/posts\/18377"}],"collection":[{"href":"https:\/\/obscom.intervozes.org.br\/index.php?rest_route=\/wp\/v2\/posts"}],"about":[{"href":"https:\/\/obscom.intervozes.org.br\/index.php?rest_route=\/wp\/v2\/types\/post"}],"author":[{"embeddable":true,"href":"https:\/\/obscom.intervozes.org.br\/index.php?rest_route=\/wp\/v2\/users\/1"}],"replies":[{"embeddable":true,"href":"https:\/\/obscom.intervozes.org.br\/index.php?rest_route=%2Fwp%2Fv2%2Fcomments&post=18377"}],"version-history":[{"count":1,"href":"https:\/\/obscom.intervozes.org.br\/index.php?rest_route=\/wp\/v2\/posts\/18377\/revisions"}],"predecessor-version":[{"id":27738,"href":"https:\/\/obscom.intervozes.org.br\/index.php?rest_route=\/wp\/v2\/posts\/18377\/revisions\/27738"}],"wp:attachment":[{"href":"https:\/\/obscom.intervozes.org.br\/index.php?rest_route=%2Fwp%2Fv2%2Fmedia&parent=18377"}],"wp:term":[{"taxonomy":"category","embeddable":true,"href":"https:\/\/obscom.intervozes.org.br\/index.php?rest_route=%2Fwp%2Fv2%2Fcategories&post=18377"},{"taxonomy":"post_tag","embeddable":true,"href":"https:\/\/obscom.intervozes.org.br\/index.php?rest_route=%2Fwp%2Fv2%2Ftags&post=18377"}],"curies":[{"name":"wp","href":"https:\/\/api.w.org\/{rel}","templated":true}]}}