{"id":18369,"date":"2007-05-15T13:01:31","date_gmt":"2007-05-15T13:01:31","guid":{"rendered":"https:\/\/obscom.intervozes.org.br\/wordpress\/?p=18369"},"modified":"2007-05-15T13:01:31","modified_gmt":"2007-05-15T13:01:31","slug":"tv-publica-webtv-o-debate-estrategico-que-nao-houve","status":"publish","type":"post","link":"https:\/\/obscom.intervozes.org.br\/?p=18369","title":{"rendered":"TV p\u00fablica: WebTV, o debate estrat\u00e9gico que n\u00e3o houve"},"content":{"rendered":"<p><span>O debate sobre a TV P&uacute;blica no Brasil passou ao largo de uma quest&atilde;o estrat&eacute;gica. Tudo indica que as diferen&ccedil;as entre internet e televis&atilde;o digital tendem a diminuir cada vez mais e que boa parte da discuss&atilde;o atual pode ficar sem sentido muito antes da mudan&ccedil;a de padr&atilde;o t&eacute;cnico no sistema brasileiro de TV.<\/span><span>&nbsp;<\/p>\n<p><\/span><span>O novo padr&atilde;o de televis&atilde;o e a internet usam sinais digitais, portanto as imagens podem ser visualizadas tanto no aparelho da sala como no computador. A badalada interatividade, que d&aacute; ao usu&aacute;rio o poder de interferir na programa&ccedil;&atilde;o, &eacute; tamb&eacute;m id&ecirc;ntica tanto na TV como no PC, porque s&atilde;o sinais digitais enviados para o emissor usando o que os t&eacute;cnicos chamam de canal de retorno.<\/span><span>&nbsp;<\/p>\n<p><\/span><span>A briga pela aloca&ccedil;&atilde;o de canais no espectro digital tem a ver com o uso de faixas de transmiss&atilde;o, mais ou menos como &eacute; agora, s&oacute; que com uma qualidade de imagem e amplitude de freq&uuml;&ecirc;ncias, muito maiores. Mas esta briga pode tornar-se in&oacute;cua se os usu&aacute;rios decidirem ver televis&atilde;o atrav&eacute;s de uma webtv, que &eacute; um site da internet que transmite programas de televis&atilde;o. Qualquer um pode montar uma webtv sem ter que disputar uma freq&uuml;&ecirc;ncia concedida pelo governo.<\/span><span>&nbsp;<\/p>\n<p><\/span><span>Para ter acesso &agrave; televis&atilde;o digital os usu&aacute;rios nas grandes cidades podem escolher o sinal aberto recebido via antena ou o sinal por cabo e telefone (banda larga) para visualiza&ccedil;&atilde;o num monitor acoplado a um computador. <\/span><span>&nbsp;<\/p>\n<p><\/span><span>O usu&aacute;rio &eacute; que ter&aacute; a palavra final sobre quando e onde vai sintonizar a TV digital. Pode ent&atilde;o surgir uma situa&ccedil;&atilde;o curiosa e que n&atilde;o est&aacute; sendo levada em conta nos debates sobre a nova TV. <\/span><span>&nbsp;<\/p>\n<p><\/span><span>O usu&aacute;rio poder&aacute; assistir &agrave; TV digital, na sua sala de estar, da mesma forma que utiliza o seu receptor anal&oacute;gico atual porque o que ele quer &eacute; entretenimento, quer ver novelas, um filme, uma partida de futebol, um show e por a&iacute; vai. Ele quer sentir-se num cinema, num teatro, num est&aacute;dio ou num espa&ccedil;o musical. Este &eacute; o espa&ccedil;o onde a fam&iacute;lia e os amigos se re&uacute;nem para assistir juntos a um mesmo programa.<\/span><span>&nbsp;<\/p>\n<p><\/span><span>Quando o usu&aacute;rio desejar interatividade, muito provavelmente vai para o seu computador, onde ele adota uma postura diferente do sof&aacute; da sala. &Eacute; natural, porque manipular um mouse e um teclado &eacute; muito mais c&ocirc;modo numa cadeira ou poltrona de escrit&oacute;rio. Al&eacute;m do mais, a interatividade &eacute; quase sempre uma atitude individual. Vai ser muito dif&iacute;cil algu&eacute;m tentar acessar a conta banc&aacute;ria na TV da sala de jantar enquanto o resto da fam&iacute;lia quer ver novela, filme ou um jogo de futebol.<\/span><span>&nbsp;<\/p>\n<p><\/span><span>Quando se leva em conta todos estes fatores percebe-se que a discuss&atilde;o sobre canais digitais na verdade pode tornar-se in&oacute;cua porque a amplia&ccedil;&atilde;o da malha de banda larga para uso por computadores pode resultar t&atilde;o ou mais importante do que toda a complicada divis&atilde;o de freq&uuml;&ecirc;ncias entre emissoras de TV, grupos de comunica&ccedil;&atilde;o, organiza&ccedil;&otilde;es da sociedade civil e governos.<\/span><span>&nbsp;<\/p>\n<p><\/span><span>Se o mesmo sinal que serve para fluxo de dados tamb&eacute;m pode ser usado para transmitir imagens de v&iacute;deo, ent&atilde;o &eacute; prefer&iacute;vel ampliar a rede de banda larga porque ela &eacute; estrategicamente mais importante na medida em que &eacute; uma alavanca de crescimento econ&ocirc;mico. <\/span><span>&nbsp;<\/p>\n<p><\/span><span>Uma internet r&aacute;pida, democr&aacute;tica e barata &eacute; essencial para a ind&uacute;stria, com&eacute;rcio, agricultura, ensino, pesquisa e setor de servi&ccedil;os. Mais ainda quando se sabe que a tend&ecirc;ncia no universo da comunica&ccedil;&atilde;o &eacute; a converg&ecirc;ncia de meios, na qual a televis&atilde;o acabar&aacute; se combinando com a comunica&ccedil;&atilde;o textual, com o r&aacute;dio e com os sistemas interativos.<\/span><span>&nbsp;<\/p>\n<p><\/span><span>Ao pensar na televis&atilde;o p&uacute;blica, n&atilde;o se pode deixar de lado este contexto, porque s&atilde;o grandes as possibilidades de que muitos dos pontos que hoje dividem opini&otilde;es tornem-se obsoletos com o avan&ccedil;o das tecnologias e a redefini&ccedil;&atilde;o dos comportamentos do p&uacute;blico.<\/span><span>&nbsp;<\/span> <\/p>\n<p style=\"margin: 0cm 0cm 0pt\" class=\"MsoNormal\"><span><br \/>Enquanto brigamos por freq&uuml;&ecirc;ncias, as empresas de telecomunica&ccedil;&otilde;es e os conglomerados de comunica&ccedil;&otilde;es monopolizam a rede de banda larga da internet e freiam a democratiza&ccedil;&atilde;o deste espa&ccedil;o que &eacute; muito mais estrat&eacute;gico para o desenvolvimento do pa&iacute;s e de todos n&oacute;s. <\/span><\/p>\n<p style=\"margin: 0cm 0cm 0pt\" class=\"MsoNormal\">&nbsp;<\/p>\n<p><span>&nbsp;<img loading=\"lazy\" decoding=\"async\" src=\"images\/stories\/politica_publicacoes\/c_invertido_pq.png\" alt=\"Active Image\" width=\"15\" height=\"15\" \/><\/span><span>&nbsp;&nbsp; <\/span><\/p>\n","protected":false},"excerpt":{"rendered":"<p>O debate sobre a TV P&uacute;blica no Brasil passou ao largo de uma quest&atilde;o estrat&eacute;gica. Tudo indica que as diferen&ccedil;as entre internet e televis&atilde;o digital tendem a diminuir cada vez mais e que boa parte da discuss&atilde;o atual pode ficar sem sentido muito antes da mudan&ccedil;a de padr&atilde;o t&eacute;cnico no sistema brasileiro de TV.&nbsp; O &hellip; <a href=\"https:\/\/obscom.intervozes.org.br\/?p=18369\" class=\"more-link\">Continue lendo <span class=\"screen-reader-text\">TV p\u00fablica: WebTV, o debate estrat\u00e9gico que n\u00e3o houve<\/span> <span class=\"meta-nav\">&rarr;<\/span><\/a><\/p>\n","protected":false},"author":1,"featured_media":0,"comment_status":"open","ping_status":"open","sticky":false,"template":"","format":"standard","meta":{"footnotes":""},"categories":[42],"tags":[53],"_links":{"self":[{"href":"https:\/\/obscom.intervozes.org.br\/index.php?rest_route=\/wp\/v2\/posts\/18369"}],"collection":[{"href":"https:\/\/obscom.intervozes.org.br\/index.php?rest_route=\/wp\/v2\/posts"}],"about":[{"href":"https:\/\/obscom.intervozes.org.br\/index.php?rest_route=\/wp\/v2\/types\/post"}],"author":[{"embeddable":true,"href":"https:\/\/obscom.intervozes.org.br\/index.php?rest_route=\/wp\/v2\/users\/1"}],"replies":[{"embeddable":true,"href":"https:\/\/obscom.intervozes.org.br\/index.php?rest_route=%2Fwp%2Fv2%2Fcomments&post=18369"}],"version-history":[{"count":0,"href":"https:\/\/obscom.intervozes.org.br\/index.php?rest_route=\/wp\/v2\/posts\/18369\/revisions"}],"wp:attachment":[{"href":"https:\/\/obscom.intervozes.org.br\/index.php?rest_route=%2Fwp%2Fv2%2Fmedia&parent=18369"}],"wp:term":[{"taxonomy":"category","embeddable":true,"href":"https:\/\/obscom.intervozes.org.br\/index.php?rest_route=%2Fwp%2Fv2%2Fcategories&post=18369"},{"taxonomy":"post_tag","embeddable":true,"href":"https:\/\/obscom.intervozes.org.br\/index.php?rest_route=%2Fwp%2Fv2%2Ftags&post=18369"}],"curies":[{"name":"wp","href":"https:\/\/api.w.org\/{rel}","templated":true}]}}