{"id":18363,"date":"2007-05-14T11:38:30","date_gmt":"2007-05-14T11:38:30","guid":{"rendered":"https:\/\/obscom.intervozes.org.br\/wordpress\/?p=18363"},"modified":"2007-05-14T11:38:30","modified_gmt":"2007-05-14T11:38:30","slug":"novas-regras-entram-em-vigor-so-parcialmente","status":"publish","type":"post","link":"https:\/\/obscom.intervozes.org.br\/?p=18363","title":{"rendered":"Novas regras entram em vigor s\u00f3 parcialmente"},"content":{"rendered":"<p><span>Embora o artigo 19 da Portaria 264 (que define a vincula&ccedil;&atilde;o entre faixa et&aacute;ria e hor&aacute;ria) esteja suspenso por liminar obtida pela Associa&ccedil;&atilde;o Brasileira de Emissoras de R&aacute;dio e Televis&atilde;o (Abert) no Supremo Tribunal de Justi&ccedil;a (STJ), a nova Classifica&ccedil;&atilde;o Indicativa entrou em vigor no &uacute;ltimo domingo, 13\/05. <\/span><span>&nbsp;<\/span> <\/p>\n<p style=\"margin: 0cm 0cm 0pt\" class=\"MsoNormal\"><span>Na &uacute;ltima semana, pressionado pelas emissoras de televis&atilde;o, o Minist&eacute;rio da Justi&ccedil;a afirmou que ampliar&aacute; a discuss&atilde;o sobre tr&ecirc;s artigos da portaria que define novas regras para a classifica&ccedil;&atilde;o indicativa para a televis&atilde;o. No prazo de 45 dias, representantes de emissoras, da sociedade civil e de entidades de defesa dos direitos humanos e da inf&acirc;ncia dever&atilde;o debater a padroniza&ccedil;&atilde;o dos s&iacute;mbolos que informam a classifica&ccedil;&atilde;o indicativa dos programas de TV, a necessidade de informar a faixa et&aacute;ria em chamadas e traillers da programa&ccedil;&atilde;o e a reclassifica&ccedil;&atilde;o cautelar conforme est&aacute; previsto na portaria.&nbsp;<\/span><span>&ldquo;O Minist&eacute;rio est&aacute; concedendo prazo para que se busque um entendimento e para demonstrar que estamos dispostos ao di&aacute;logo&rdquo;, ressaltou o secret&aacute;rio Nacional de Justi&ccedil;a, Ant&ocirc;nio Biscaia. <\/span><\/p>\n<p><span><br \/>A decis&atilde;o do Minist&eacute;rio da Justi&ccedil;a de estender as discuss&otilde;es sobre dois artigos da portaria foi uma resposta ao pedido de reconsidera&ccedil;&atilde;o de pontos considerados como negativos pela Associa&ccedil;&atilde;o Brasileira de Emissoras de R&aacute;dio e TV (Abert) e do manifesto apresentado pela Abert, Associa&ccedil;&atilde;o Nacional de Jornais (ANJ) e Associa&ccedil;&atilde;o Nacional de Editores de Revistas (Aner). Ser&atilde;o debatidos os artigos 15, 20 e 21 da portaria 264, de 12 de fevereiro de 2007. <\/span><span>&nbsp;<\/span> <\/p>\n<p style=\"margin: 0cm 0cm 0pt\" class=\"MsoNormal\"><span><br \/>Na defesa do texto original, o Minist&eacute;rio da Justi&ccedil;a contar&aacute; com o apoio das organiza&ccedil;&otilde;es da sociedade civil que defendem a democratiza&ccedil;&atilde;o das comunica&ccedil;&otilde;es e os direitos das crian&ccedil;as e adolescentes, estes &uacute;ltimos os grandes prejudicados caso a portaria seja enfraquecido ou a liminar da Abert seja mantida. <\/span><\/p>\n<p style=\"margin: 0cm 0cm 0pt\" class=\"MsoNormal\">&nbsp;<\/p>\n<p style=\"margin: 0cm 0cm 0pt\" class=\"MsoNormal\">&nbsp;<\/p>\n<p><span><font size=\"3\"><img loading=\"lazy\" decoding=\"async\" src=\"images\/stories\/politica_publicacoes\/c_invertido_pq.png\" alt=\"Active Image\" width=\"15\" height=\"15\" \/><\/font><\/span><\/p>\n","protected":false},"excerpt":{"rendered":"<p>Embora o artigo 19 da Portaria 264 esteja suspenso por liminar obtida pela Associa\u00e7\u00e3o Brasileira de Emissoras de R\u00e1dio e Televis\u00e3o (Abert) no Supremo Tribunal de Justi\u00e7a (STJ), a nova Classifica\u00e7\u00e3o Indicativa entrou em vigor no \u00faltimo domingo, 13\/05.    <\/p>\n","protected":false},"author":1,"featured_media":0,"comment_status":"open","ping_status":"open","sticky":false,"template":"","format":"standard","meta":{"footnotes":""},"categories":[40],"tags":[111],"_links":{"self":[{"href":"https:\/\/obscom.intervozes.org.br\/index.php?rest_route=\/wp\/v2\/posts\/18363"}],"collection":[{"href":"https:\/\/obscom.intervozes.org.br\/index.php?rest_route=\/wp\/v2\/posts"}],"about":[{"href":"https:\/\/obscom.intervozes.org.br\/index.php?rest_route=\/wp\/v2\/types\/post"}],"author":[{"embeddable":true,"href":"https:\/\/obscom.intervozes.org.br\/index.php?rest_route=\/wp\/v2\/users\/1"}],"replies":[{"embeddable":true,"href":"https:\/\/obscom.intervozes.org.br\/index.php?rest_route=%2Fwp%2Fv2%2Fcomments&post=18363"}],"version-history":[{"count":0,"href":"https:\/\/obscom.intervozes.org.br\/index.php?rest_route=\/wp\/v2\/posts\/18363\/revisions"}],"wp:attachment":[{"href":"https:\/\/obscom.intervozes.org.br\/index.php?rest_route=%2Fwp%2Fv2%2Fmedia&parent=18363"}],"wp:term":[{"taxonomy":"category","embeddable":true,"href":"https:\/\/obscom.intervozes.org.br\/index.php?rest_route=%2Fwp%2Fv2%2Fcategories&post=18363"},{"taxonomy":"post_tag","embeddable":true,"href":"https:\/\/obscom.intervozes.org.br\/index.php?rest_route=%2Fwp%2Fv2%2Ftags&post=18363"}],"curies":[{"name":"wp","href":"https:\/\/api.w.org\/{rel}","templated":true}]}}