{"id":18361,"date":"2007-05-11T19:13:55","date_gmt":"2007-05-11T19:13:55","guid":{"rendered":"https:\/\/obscom.intervozes.org.br\/wordpress\/?p=18361"},"modified":"2007-05-11T19:13:55","modified_gmt":"2007-05-11T19:13:55","slug":"133-emissoras-estao-aptas-para-legalizacao-em-sp","status":"publish","type":"post","link":"https:\/\/obscom.intervozes.org.br\/?p=18361","title":{"rendered":"133 emissoras est\u00e3o aptas para legaliza\u00e7\u00e3o em SP"},"content":{"rendered":"<p style=\"margin: 0cm 0cm 0pt\" class=\"MsoNormal\"><span>Das 287 entidades que responderam ao Aviso de Habilita&ccedil;&atilde;o para Radiodifus&atilde;o Comunit&aacute;ria em S&atilde;o Paulo, 133 foram declaradas aptas pelo Minist&eacute;rio das Comunica&ccedil;&otilde;es a seguir no processo de legaliza&ccedil;&atilde;o ou instala&ccedil;&atilde;o de r&aacute;dios comunit&aacute;rias. O Aviso, publicado pelo minist&eacute;rio em dezembro &uacute;ltimo, foi fruto da mobiliza&ccedil;&atilde;o dos movimentos sociais e representantes do legislativo e executivo paulistano para definir procedimentos transparentes na distribui&ccedil;&atilde;o das licen&ccedil;as e utilizar de forma democr&aacute;tica e efetiva o espectro de r&aacute;dio na maior cidade do pa&iacute;s.<\/span><\/p>\n<p><span>&nbsp;<\/span> <\/p>\n<p style=\"margin: 0cm 0cm 0pt\" class=\"MsoNormal\"><span>O an&uacute;ncio sobre o resultado da an&aacute;lise documental foi feito por um representante do minist&eacute;rio durante a 10&ordf; Mesa de Trabalho em Apoio &agrave;s R&aacute;dios Comunit&aacute;rias, realizada na C&acirc;mara Municipal de S&atilde;o Paulo. Os 133 processos passa, agora, por uma segunda fase de an&aacute;lise. <\/span><\/p>\n<p><span>&nbsp;<\/span> <\/p>\n<p style=\"margin: 0cm 0cm 0pt\" class=\"MsoNormal\"><span>J&aacute; os demais 154 pedidos podem ser objeto de recurso. Destes, 131 foram reprovados porque a entidade proponente n&atilde;o enviou a documenta&ccedil;&atilde;o necess&aacute;ria e outros 2 estavam com a documenta&ccedil;&atilde;o incompleta. Al&eacute;m da quest&atilde;o burocr&aacute;tica, 21 pedidos de habilita&ccedil;&atilde;o n&atilde;o foram aprovados porque a emissora ou a proposta de emissora n&atilde;o poderia ser caracterizada como r&aacute;dio comunit&aacute;ria.A lei 9.612\/98, que estabelece os limites da radiodifus&atilde;o comunit&aacute;ria, disp&otilde;e que as emissoras n&atilde;o podem ter car&aacute;ter religioso ou finalidade restrita ou espec&iacute;fica.<\/span><\/p>\n<p><span><br \/>A lista das entidades que seguem dentro do processo de habilita&ccedil;&atilde;o ainda n&atilde;o foi publicada no site do MiniCom. J&aacute; a lista dos processos arquivados pode ser consultada extra-oficialmente&nbsp;<a href=\"http:\/\/www.obore.com\/utilitarios\/editor2.0\/UserFiles\/File\/rel_proc_sp_munic_cad_aviso_arquivados_20070507.pdf\">clicando aqui<\/a>.<\/span><span>&nbsp;<\/span> <\/p>\n<p><span>Topografia<\/span><span> &ndash; A quest&atilde;o da distribui&ccedil;&atilde;o geogr&aacute;fica das licen&ccedil;as de funcionamento de r&aacute;dios comunit&aacute;rias segue em disputa. O diretor do Departamento de Outorga de Servi&ccedil;os de Comunica&ccedil;&atilde;o Eletr&ocirc;nica do Minist&eacute;rio das Comunica&ccedil;&otilde;es, Carlos Alberto Freire Resende, presente &agrave; mesa em S&atilde;o Paulo, afirma que o &oacute;rg&atilde;o vai usar um mapa plano da cidade para estabelecer os 4 km de raio que devem separar as emissoras. Segundo Resende, este &eacute; o mapa disponibilizado pela Anatel (Ag&ecirc;ncia Nacional de Telecomunica&ccedil;&otilde;es).<\/span><\/p>\n<p><span>Para as entidades solicitantes, legisladores e t&eacute;cnicos, este pode ser considerado um problema grave. O mapa plano impede que sejam considerados os limites de sinal impostos pelos acidentes geogr&aacute;ficos (morros) e as grandes constru&ccedil;&otilde;es (como pr&eacute;dios muito altos). Por conta destas interrup&ccedil;&otilde;es, &eacute; poss&iacute;vel que mais de uma emissora possa funcionar sem interferir no sinal de outra mesmo que a dist&acirc;ncia f&iacute;sica, no plano, entre elas n&atilde;o seja de 4 km.<br \/><\/span><\/p>\n<p style=\"margin: 0cm 0cm 0pt\" class=\"MsoNormal\">&nbsp;<\/p>\n<p style=\"margin: 0cm 0cm 0pt\" class=\"MsoNormal\"><span><img loading=\"lazy\" decoding=\"async\" src=\"images\/stories\/politica_publicacoes\/c_invertido_pq.png\" alt=\"Active Image\" width=\"15\" height=\"15\" \/><\/span><\/p>\n","protected":false},"excerpt":{"rendered":"<p>Das 287 entidades que responderam ao Aviso de Habilita\u00e7\u00e3o para Radiodifus\u00e3o Comunit\u00e1ria em S\u00e3o Paulo, 133 foram declaradas aptas pelo Minist\u00e9rio das Comunica\u00e7\u00f5es a seguir no processo de legaliza\u00e7\u00e3o ou instala\u00e7\u00e3o de r\u00e1dios comunit\u00e1rias. <\/p>\n","protected":false},"author":1,"featured_media":0,"comment_status":"open","ping_status":"open","sticky":false,"template":"","format":"standard","meta":{"footnotes":""},"categories":[40],"tags":[200],"_links":{"self":[{"href":"https:\/\/obscom.intervozes.org.br\/index.php?rest_route=\/wp\/v2\/posts\/18361"}],"collection":[{"href":"https:\/\/obscom.intervozes.org.br\/index.php?rest_route=\/wp\/v2\/posts"}],"about":[{"href":"https:\/\/obscom.intervozes.org.br\/index.php?rest_route=\/wp\/v2\/types\/post"}],"author":[{"embeddable":true,"href":"https:\/\/obscom.intervozes.org.br\/index.php?rest_route=\/wp\/v2\/users\/1"}],"replies":[{"embeddable":true,"href":"https:\/\/obscom.intervozes.org.br\/index.php?rest_route=%2Fwp%2Fv2%2Fcomments&post=18361"}],"version-history":[{"count":0,"href":"https:\/\/obscom.intervozes.org.br\/index.php?rest_route=\/wp\/v2\/posts\/18361\/revisions"}],"wp:attachment":[{"href":"https:\/\/obscom.intervozes.org.br\/index.php?rest_route=%2Fwp%2Fv2%2Fmedia&parent=18361"}],"wp:term":[{"taxonomy":"category","embeddable":true,"href":"https:\/\/obscom.intervozes.org.br\/index.php?rest_route=%2Fwp%2Fv2%2Fcategories&post=18361"},{"taxonomy":"post_tag","embeddable":true,"href":"https:\/\/obscom.intervozes.org.br\/index.php?rest_route=%2Fwp%2Fv2%2Ftags&post=18361"}],"curies":[{"name":"wp","href":"https:\/\/api.w.org\/{rel}","templated":true}]}}