{"id":18360,"date":"2007-05-11T12:13:13","date_gmt":"2007-05-11T12:13:13","guid":{"rendered":"https:\/\/obscom.intervozes.org.br\/wordpress\/?p=18360"},"modified":"2007-05-11T12:13:13","modified_gmt":"2007-05-11T12:13:13","slug":"emissoras-publicas-terao-de-dividir-canais-durante-transicao-diz-minicom","status":"publish","type":"post","link":"https:\/\/obscom.intervozes.org.br\/?p=18360","title":{"rendered":"Emissoras p\u00fablicas ter\u00e3o de dividir canais durante transi\u00e7\u00e3o, diz Minicom"},"content":{"rendered":"<p><span>Bras&iacute;lia &#8211; O Minist&eacute;rio das Comunica&ccedil;&otilde;es sugere que as emissoras p&uacute;blicas dividam canais anal&oacute;gicos enquanto durar a transi&ccedil;&atilde;o para a TV digital. Segundo o diretor de Ind&uacute;stria, Ci&ecirc;ncia e Tecnologia do Minist&eacute;rio das Comunica&ccedil;&otilde;es, Igor Villas Boas, o projeto de expans&atilde;o das emissoras do campo p&uacute;blico precisa ser pensado mais no &quot;atacado&quot; que no &quot;varejo&quot; durante este per&iacute;odo. H&aacute; no Brasil atualmente uma escassez de canais para serem usados, principalmente em grande centros urbanos. Com o processo de digitaliza&ccedil;&atilde;o isso deve ser resolvido, mas s&oacute; ser&aacute; conclu&iacute;do em 2016.<\/span><span>&nbsp;<\/p>\n<p><\/span><span>&quot;A concess&atilde;o de novos canais anal&oacute;gicos est&aacute; permitida at&eacute; 2013. N&atilde;o h&aacute; proibi&ccedil;&atilde;o jur&iacute;dica [para novas concess&otilde;es], mas de disponibilidade efetivamente na pra&ccedil;a. Quanto mais voc&ecirc; oferecer canais anal&oacute;gicos, maior &eacute; a dificuldade de parear com digitais. Isso n&atilde;o &eacute; uma regra geral para o pa&iacute;s. H&aacute; pra&ccedil;as, n&atilde;o capitais especialmente, e algumas capitais, em que esse espa&ccedil;o existe ainda, basta para isso que as entidades interessadas, desde que enquadr&aacute;veis pela legisla&ccedil;&atilde;o vigente, apresentarem seus pleitos ao Minist&eacute;rio das Comunica&ccedil;&otilde;es, que vai fazer a avalia&ccedil;&atilde;o para a concess&atilde;o&quot;, explicou.<\/span><span>&nbsp;<\/p>\n<p><\/span><span>Villas Boas afirma que os canais anal&oacute;gicos, que &quot;eventualmente&quot; vierem a ser consignados a novas concess&otilde;es, devem ter um correspondente no espectro digital, o que ele chama de &quot;pareamento&quot;, para facilitar a transi&ccedil;&atilde;o e acesso do p&uacute;blico. &quot;N&atilde;o &eacute; poss&iacute;vel imaginar a concess&atilde;o de novos canais anal&oacute;gicos que n&atilde;o estejam pareados. Esse &eacute; mais um desfaio ent&atilde;o&quot;, disse em entrevista no F&oacute;rum Nacional de TVs P&uacute;blicas, que segue at&eacute; amanh&atilde; (11) em Bras&iacute;lia.<\/span><span>&nbsp;<\/span> <\/p>\n<p style=\"margin: 0cm 0cm 0pt\" class=\"MsoNormal\"><span><br \/>No caso das emissoras comunit&aacute;rias, educativas e universit&aacute;rias, o diretor do Minicom sugere que se adote o conceito da multiprograma&ccedil;&atilde;o. &quot;Nesse projeto do campo p&uacute;blico &eacute; preciso que se fa&ccedil;a mais no atacado que no varejo. Para resolver esse problema, para que as diversas TVs comunit&aacute;rias, TVs educativas, TVs universit&aacute;rias tenham condi&ccedil;&atilde;o de entrar todas elas no ar, ainda em anal&oacute;gico, porque o per&iacute;odo de transi&ccedil;&atilde;o vai ser longo mesmo, &eacute; preciso que elas achem uma solu&ccedil;&atilde;o de entrar no atacado. Quer dizer, explorando a multiprograma&ccedil;&atilde;o e n&atilde;o cuidando cada uma de conseguir o seu canal anal&oacute;gico&quot;, afirmou.<br \/><\/span><\/p>\n<p style=\"margin: 0cm 0cm 0pt\" class=\"MsoNormal\">&nbsp;<\/p>\n<p><span><font size=\"3\"><img loading=\"lazy\" decoding=\"async\" src=\"images\/stories\/politica_publicacoes\/c_invertido_pq.png\" alt=\"Active Image\" width=\"15\" height=\"15\" \/><\/font><\/span><\/p>\n","protected":false},"excerpt":{"rendered":"<p>Bras&iacute;lia &#8211; O Minist&eacute;rio das Comunica&ccedil;&otilde;es sugere que as emissoras p&uacute;blicas dividam canais anal&oacute;gicos enquanto durar a transi&ccedil;&atilde;o para a TV digital. Segundo o diretor de Ind&uacute;stria, Ci&ecirc;ncia e Tecnologia do Minist&eacute;rio das Comunica&ccedil;&otilde;es, Igor Villas Boas, o projeto de expans&atilde;o das emissoras do campo p&uacute;blico precisa ser pensado mais no &quot;atacado&quot; que no &quot;varejo&quot; &hellip; <a href=\"https:\/\/obscom.intervozes.org.br\/?p=18360\" class=\"more-link\">Continue lendo <span class=\"screen-reader-text\">Emissoras p\u00fablicas ter\u00e3o de dividir canais durante transi\u00e7\u00e3o, diz Minicom<\/span> <span class=\"meta-nav\">&rarr;<\/span><\/a><\/p>\n","protected":false},"author":1,"featured_media":0,"comment_status":"open","ping_status":"open","sticky":false,"template":"","format":"standard","meta":{"footnotes":""},"categories":[40],"tags":[232],"_links":{"self":[{"href":"https:\/\/obscom.intervozes.org.br\/index.php?rest_route=\/wp\/v2\/posts\/18360"}],"collection":[{"href":"https:\/\/obscom.intervozes.org.br\/index.php?rest_route=\/wp\/v2\/posts"}],"about":[{"href":"https:\/\/obscom.intervozes.org.br\/index.php?rest_route=\/wp\/v2\/types\/post"}],"author":[{"embeddable":true,"href":"https:\/\/obscom.intervozes.org.br\/index.php?rest_route=\/wp\/v2\/users\/1"}],"replies":[{"embeddable":true,"href":"https:\/\/obscom.intervozes.org.br\/index.php?rest_route=%2Fwp%2Fv2%2Fcomments&post=18360"}],"version-history":[{"count":0,"href":"https:\/\/obscom.intervozes.org.br\/index.php?rest_route=\/wp\/v2\/posts\/18360\/revisions"}],"wp:attachment":[{"href":"https:\/\/obscom.intervozes.org.br\/index.php?rest_route=%2Fwp%2Fv2%2Fmedia&parent=18360"}],"wp:term":[{"taxonomy":"category","embeddable":true,"href":"https:\/\/obscom.intervozes.org.br\/index.php?rest_route=%2Fwp%2Fv2%2Fcategories&post=18360"},{"taxonomy":"post_tag","embeddable":true,"href":"https:\/\/obscom.intervozes.org.br\/index.php?rest_route=%2Fwp%2Fv2%2Ftags&post=18360"}],"curies":[{"name":"wp","href":"https:\/\/api.w.org\/{rel}","templated":true}]}}