{"id":18359,"date":"2007-05-11T12:07:11","date_gmt":"2007-05-11T12:07:11","guid":{"rendered":"https:\/\/obscom.intervozes.org.br\/wordpress\/?p=18359"},"modified":"2007-05-11T12:07:11","modified_gmt":"2007-05-11T12:07:11","slug":"anatel-ainda-procura-canal-para-abrigar-emissoras-publicas-no-plano-digital","status":"publish","type":"post","link":"https:\/\/obscom.intervozes.org.br\/?p=18359","title":{"rendered":"Anatel ainda procura canal para abrigar emissoras p\u00fablicas no plano digital"},"content":{"rendered":"<p><span>Bras&iacute;lia &#8211; A Ag&ecirc;ncia Nacional de Telecomunica&ccedil;&otilde;es (Anatel) busca uma solu&ccedil;&atilde;o para reservar canais digitais para as emissoras p&uacute;blicas. A demanda est&aacute; no Decreto 5.820\/06, que criou o Sistema Brasileiro de Televis&atilde;o Digital Terrestre (SBTD-T). <\/span>Nele, est&atilde;o previstos quatro canais p&uacute;blicos. Presente no F&oacute;rum Nacional de TVs P&uacute;blicas, o superintendente de Comunica&ccedil;&atilde;o de Massa da Anatel, Ara Apkar Minasian, prometeu que at&eacute; o final do ano deve encontrar uma solu&ccedil;&atilde;o.&nbsp;<\/p>\n<p>Segundo o superintendente, quando o governo federal decidir as regras para os canais p&uacute;blicos, a Anatel ter&aacute; &quot;pelo menos&quot; o canal dentro do plano b&aacute;sico. &quot;J&aacute; temos o caminho, eu preciso apenas aprofundar os estudos. Isso n&atilde;o &eacute; apenas promessa de vendedor. N&atilde;o sou vendedor, deixei muito claro aqui. Porque prometer &eacute; f&aacute;cil. N&oacute;s vamos dar uma solu&ccedil;&atilde;o&quot;, disse. &quot;E se tiver que deslocar algumas emissoras de local, vamos fazer para tentar usar melhor o espectro [eletromagn&eacute;tico].&quot;&nbsp;<\/p>\n<p>Minasian ainda afirmou que n&atilde;o h&aacute; condi&ccedil;&otilde;es no momento de alocar no plano um n&uacute;mero maior de canais. Isso, segundo ele, s&oacute; ser&aacute; poss&iacute;vel a partir de 2016, quando o sinal anal&oacute;gico deixar&aacute; de ser transmitido e haver&aacute; uma &quot;libera&ccedil;&atilde;o do espectro&quot;. &quot;A&iacute;, voc&ecirc; vai ter condi&ccedil;&otilde;es de incluir mais de cem canais. Pode ser TV p&uacute;blica, pode ser at&eacute; canal comercial, canal comunit&aacute;rio. Enfim, o Minist&eacute;rio das Comunica&ccedil;&otilde;es vai ter uma s&eacute;rie de vantagens&quot;, diz.&nbsp; <\/p>\n<p>Algumas emissoras p&uacute;blicas, como a TV Cultura de S&atilde;o Paulo, TVE Brasil e TV Nacional, utilizam canais abertos. Mas nem todas t&ecirc;m isso. O planejamento do governo prev&ecirc; que, quando o sinal for digitalizado, haver&aacute; maior espa&ccedil;o dispon&iacute;vel. Entretanto, o prazo para digitaliza&ccedil;&atilde;o &eacute; 2016. Durante a transi&ccedil;&atilde;o, a Anatel ter&aacute; que encontrar um modo de abrigar as emissoras p&uacute;blicas, comunit&aacute;rias e universit&aacute;rias em canais abertos, num espectro eletromagn&eacute;tico limitado.<\/p>\n<p>&nbsp;<img loading=\"lazy\" decoding=\"async\" src=\"images\/stories\/politica_publicacoes\/c_invertido_pq.png\" alt=\"Active Image\" width=\"15\" height=\"15\" \/><\/p>\n<p>&nbsp;<\/p>\n","protected":false},"excerpt":{"rendered":"<p>A Ag\u00eancia Nacional de Telecomunica\u00e7\u00f5es (Anatel) busca uma solu\u00e7\u00e3o para reservar canais digitais para as emissoras p\u00fablicas. Presente no F\u00f3rum de TVs P\u00fablicas, o superintendente da Anatel, Ara Apkar Minasian, prometeu que at\u00e9 o final do ano deve encontrar uma solu\u00e7\u00e3o.<\/p>\n","protected":false},"author":1,"featured_media":0,"comment_status":"open","ping_status":"open","sticky":false,"template":"","format":"standard","meta":{"footnotes":""},"categories":[40],"tags":[231],"_links":{"self":[{"href":"https:\/\/obscom.intervozes.org.br\/index.php?rest_route=\/wp\/v2\/posts\/18359"}],"collection":[{"href":"https:\/\/obscom.intervozes.org.br\/index.php?rest_route=\/wp\/v2\/posts"}],"about":[{"href":"https:\/\/obscom.intervozes.org.br\/index.php?rest_route=\/wp\/v2\/types\/post"}],"author":[{"embeddable":true,"href":"https:\/\/obscom.intervozes.org.br\/index.php?rest_route=\/wp\/v2\/users\/1"}],"replies":[{"embeddable":true,"href":"https:\/\/obscom.intervozes.org.br\/index.php?rest_route=%2Fwp%2Fv2%2Fcomments&post=18359"}],"version-history":[{"count":0,"href":"https:\/\/obscom.intervozes.org.br\/index.php?rest_route=\/wp\/v2\/posts\/18359\/revisions"}],"wp:attachment":[{"href":"https:\/\/obscom.intervozes.org.br\/index.php?rest_route=%2Fwp%2Fv2%2Fmedia&parent=18359"}],"wp:term":[{"taxonomy":"category","embeddable":true,"href":"https:\/\/obscom.intervozes.org.br\/index.php?rest_route=%2Fwp%2Fv2%2Fcategories&post=18359"},{"taxonomy":"post_tag","embeddable":true,"href":"https:\/\/obscom.intervozes.org.br\/index.php?rest_route=%2Fwp%2Fv2%2Ftags&post=18359"}],"curies":[{"name":"wp","href":"https:\/\/api.w.org\/{rel}","templated":true}]}}