{"id":18357,"date":"2007-05-11T11:00:33","date_gmt":"2007-05-11T11:00:33","guid":{"rendered":"https:\/\/obscom.intervozes.org.br\/wordpress\/?p=18357"},"modified":"2007-05-11T11:00:33","modified_gmt":"2007-05-11T11:00:33","slug":"todo-mundo-sabe-que-a-net-e-da-embratel-diz-bittar","status":"publish","type":"post","link":"https:\/\/obscom.intervozes.org.br\/?p=18357","title":{"rendered":"&#8216;Todo mundo sabe que a NET \u00e9 da Embratel&#8217;, diz Bittar"},"content":{"rendered":"<p>O&nbsp;deputado Jorge Bittar (PT\/RJ), na segunda rodada de discuss&otilde;es sobre converg&ecirc;ncia promovida pelo Cade em Bras&iacute;lia, nessa quinta-feira, 10, mostrou preocupa&ccedil;&atilde;o com a situa&ccedil;&atilde;o do conte&uacute;do nacional em um ambiente convergente, e defendeu a entrada de capital estrangeiro na TV a cabo. Bittar defende o final da exig&ecirc;ncia de controle do capital nacional para as operadoras de TV a cabo como uma forma de dar equidade ao mercado de televis&atilde;o por assinatura. &quot;Todo mundo sabe que a Net &eacute; da Embratel com um contrato de gaveta. N&atilde;o tem porque fazer as coisas por debaixo dos panos. Vamos fazer as coisas &agrave;s claras&quot;, apela. <strong>Conte&uacute;do<\/strong> <\/p>\n<p style=\"margin: 0cm 0cm 0pt\" class=\"MsoNormal\">&nbsp;<\/p>\n<p style=\"margin: 0cm 0cm 0pt\" class=\"MsoNormal\"><span>&quot;Eu acredito que com a libera&ccedil;&atilde;o para que o capital estrangeiro participe de todas as fases da comunica&ccedil;&atilde;o convergente, ser&aacute; necess&aacute;rio preocupar-se com a obrigatoriedade de cotas para a veicula&ccedil;&atilde;o da produ&ccedil;&atilde;o nacional, inclusive nos hor&aacute;rios nobres, para evitar que aconte&ccedil;a o mesmo que aconteceu nas salas de cinema com o dom&iacute;nio absoluto da produ&ccedil;&atilde;o estrangeira que j&aacute; chega aqui completamente paga. Com o conte&uacute;do nas plataformas convergentes pode acontecer o mesmo&quot;, disse Bittar. Para o deputado, n&atilde;o existe incompatibilidade entre globaliza&ccedil;&atilde;o e projetos nacionais, que s&atilde;o complementares. <\/span>Por esta raz&atilde;o, como o Brasil &eacute; excelente produtor de conte&uacute;do audiovisual, especialmente para a televis&atilde;o e por tratar-se de um setor com enorme potencial, com alguma garantia de prote&ccedil;&atilde;o e est&iacute;mulo, o Pa&iacute;s poder&aacute; tornar-se um grande competidor internacional neste setor, defende o deputado. Da Reda&ccedil;&atilde;o &#8211; TELA VIVA News<\/p>\n<p><strong>Projetos de Lei Geral<\/strong><\/p>\n<p>Para&nbsp;Bittar, escolhido relator na Comiss&atilde;o de Ci&ecirc;ncia e Tecnologia, Comunica&ccedil;&atilde;o e Inform&aacute;tica da C&acirc;mara dos Deputados, dos projetos de lei que tratam das quest&otilde;es de converg&ecirc;ncia digital, dos deputados Paulo Bornhausen (DEM\/SC), Nelson Marquezelli (PTB\/SP) e Paulo Teixeira (PT\/SP) e Walter Pinheiro (PT\/BA), seria mais interessante que o assunto fosse discutido em uma comiss&atilde;o especial e n&atilde;o em duas comiss&otilde;es t&eacute;cnicas. Essa determina&ccedil;&atilde;o foi da mesa da C&acirc;mara ao aceitar o requerimento do deputado Albano Franco (PSDB\/SE) para que os projetos tramitassem prioritariamente na Comiss&atilde;o de Desenvolvimento Econ&ocirc;mico, Ind&uacute;stria e Com&eacute;rcio. Para Bittar, esta passagem por outra comiss&atilde;o s&oacute; vai atrasar o processo. &quot;Eu tenho dialogado com os dois lados interessados na solu&ccedil;&atilde;o da quest&atilde;o mostrando para eles que o atraso prejudica a todos. Em primeiro lugar porque todos est&atilde;o perdendo investimentos, uma vez que diante do impasse os investidores se retra&iacute;ram. E em segundo lugar, &eacute; melhor resolver isso logo, porque o avan&ccedil;o da internet pode deixar essa solu&ccedil;&atilde;o completamente in&oacute;cua em muito pouco tempo&quot;, afirmou. <\/p>\n<p>Para a forma&ccedil;&atilde;o da comiss&atilde;o especial &eacute; necess&aacute;rio que a tramita&ccedil;&atilde;o de um projeto esteja prevista para tr&ecirc;s ou mais comiss&otilde;es t&eacute;cnicas da C&acirc;mara (a CCJ &#8211; Comiss&atilde;o de Constitui&ccedil;&atilde;o e Justi&ccedil;a &#8211; n&atilde;o entra na conta). Para viabilizar a forma&ccedil;&atilde;o da Comiss&atilde;o Especial, j&aacute; existem alguns entendimentos para que a mesa (vale dizer, o presidente Arlindo Chinaglia) acate um requerimento do deputado Luiz Couto (PT\/PB) para que o projeto tamb&eacute;m v&aacute; para a Comiss&atilde;o de Direitos Humanos.<strong>Relatoria<\/strong> <\/p>\n<p style=\"margin: 0cm 0cm 0pt\" class=\"MsoNormal\">&nbsp;<\/p>\n<p style=\"margin: 0cm 0cm 0pt\" class=\"MsoNormal\">O deputado Jorge Bittar observa que, caso a comiss&atilde;o seja instalada, gostaria de ser o relator dos projetos. Bittar n&atilde;o ignora a disputa que ter&aacute; que travar, especialmente com deputados da oposi&ccedil;&atilde;o. De qualquer forma, o deputado do PT do Rio de Janeiro acredita que nas pr&oacute;ximas duas semanas, a quest&atilde;o esteja negociada e resolvida pela mesa. <\/p>\n<p style=\"margin: 0cm 0cm 0pt\" class=\"MsoNormal\">&nbsp;<\/p>\n<p>&nbsp;<img loading=\"lazy\" decoding=\"async\" src=\"images\/stories\/politica_publicacoes\/c_normal_pq.png\" alt=\"Active Image\" width=\"15\" height=\"15\" \/>&nbsp;publica&ccedil;&atilde;o autorizada.<\/p>\n","protected":false},"excerpt":{"rendered":"<p>O deputado Jorge Bittar (PT\/RJ), em discuss\u00e3o sobre converg\u00eancia promovida pelo Cade em Bras\u00edlia, mostrou preocupa\u00e7\u00e3o com a situa\u00e7\u00e3o do conte\u00fado nacional em um ambiente convergente, e defendeu a entrada de capital estrangeiro na TV a cabo.<\/p>\n","protected":false},"author":1,"featured_media":0,"comment_status":"open","ping_status":"open","sticky":false,"template":"","format":"standard","meta":{"footnotes":""},"categories":[40],"tags":[188],"_links":{"self":[{"href":"https:\/\/obscom.intervozes.org.br\/index.php?rest_route=\/wp\/v2\/posts\/18357"}],"collection":[{"href":"https:\/\/obscom.intervozes.org.br\/index.php?rest_route=\/wp\/v2\/posts"}],"about":[{"href":"https:\/\/obscom.intervozes.org.br\/index.php?rest_route=\/wp\/v2\/types\/post"}],"author":[{"embeddable":true,"href":"https:\/\/obscom.intervozes.org.br\/index.php?rest_route=\/wp\/v2\/users\/1"}],"replies":[{"embeddable":true,"href":"https:\/\/obscom.intervozes.org.br\/index.php?rest_route=%2Fwp%2Fv2%2Fcomments&post=18357"}],"version-history":[{"count":0,"href":"https:\/\/obscom.intervozes.org.br\/index.php?rest_route=\/wp\/v2\/posts\/18357\/revisions"}],"wp:attachment":[{"href":"https:\/\/obscom.intervozes.org.br\/index.php?rest_route=%2Fwp%2Fv2%2Fmedia&parent=18357"}],"wp:term":[{"taxonomy":"category","embeddable":true,"href":"https:\/\/obscom.intervozes.org.br\/index.php?rest_route=%2Fwp%2Fv2%2Fcategories&post=18357"},{"taxonomy":"post_tag","embeddable":true,"href":"https:\/\/obscom.intervozes.org.br\/index.php?rest_route=%2Fwp%2Fv2%2Ftags&post=18357"}],"curies":[{"name":"wp","href":"https:\/\/api.w.org\/{rel}","templated":true}]}}