{"id":18355,"date":"2007-05-10T17:47:32","date_gmt":"2007-05-10T17:47:32","guid":{"rendered":"https:\/\/obscom.intervozes.org.br\/wordpress\/?p=18355"},"modified":"2007-05-10T17:47:32","modified_gmt":"2007-05-10T17:47:32","slug":"governo-vai-cancelar-uso-de-estrutura-publica-pela-globo","status":"publish","type":"post","link":"https:\/\/obscom.intervozes.org.br\/?p=18355","title":{"rendered":"Governo vai cancelar uso de estrutura p\u00fablica pela Globo"},"content":{"rendered":"<p><span>O conv&ecirc;nio assinado entre a Funda&ccedil;&atilde;o de Telecomunica&ccedil;&otilde;es do Par&aacute; (Funtelpa) e a TV Liberal deve ser anulado definitivamente nos pr&oacute;ximos 30 dias, ap&oacute;s a publica&ccedil;&atilde;o de uma portaria no Di&aacute;rio Oficial do Estado. A conclus&atilde;o &eacute; da comiss&atilde;o administrativa criada para apurar ind&iacute;cios de irregularidades no documento. O relat&oacute;rio final est&aacute; pronto e foi entregue &agrave; presidente da funda&ccedil;&atilde;o, Regina Lima, para homologa&ccedil;&atilde;o. <br \/><\/span><span><br \/>O relat&oacute;rio aponta que &ldquo;houve fraude &agrave; licita&ccedil;&atilde;o e que, portanto, o conv&ecirc;nio deve ser rescindido unilateralmente&rdquo;, isto &eacute;, independente da outra parte envolvida. <br \/><\/span><span><br \/>Pelo acordo, a TV Liberal poderia utilizar 78 canais da Funtelpa para retransmitir a programa&ccedil;&atilde;o da Rede Globo em cidades do Par&aacute;. A emissora estatal ainda tinha de pagar, mensalmente, a manuten&ccedil;&atilde;o de servi&ccedil;os para a TV Liberal. O valor da &uacute;ltima fatura &#8211; de janeiro -, corrigido pelo IGP, era pouco mais de R$ 461.000,00. Por recomenda&ccedil;&atilde;o da Procuradoria Geral do Estado, o pagamento foi suspenso, no come&ccedil;o do ano. <br \/><\/span><span><br \/>A comiss&atilde;o criada pela Funtelpa concluiu tamb&eacute;m que devem ser abertos processos administrativos individualizados contra os ex-gestores Francisco Cezar Nunes da Silva, que assinou o conv&ecirc;nio em setembro de 1997; Jos&eacute; N&eacute;lio Palheta e Ney Emil da Concei&ccedil;&atilde;o Messias, que renovaram o acordo. <br \/><\/span><span><br \/>&ldquo;O instrumento foi reiteradamente aditado com as finalidades de reajustar o valor pago &agrave; TV Liberal e prorrogar o seu termo final constando, ao todo, 14 termos de aditamento. O &uacute;ltimo, de 29\/12\/2006, estendeu o seu prazo at&eacute; 31\/12\/2007&rdquo;, diz o documento. <br \/><\/span><span><br \/>No entendimento dos membros da comiss&atilde;o que apurou irregularidades no conv&ecirc;nio, a TV Liberal tamb&eacute;m deve responder processo administrativo e a Funtelpa tem de passar a ser &quot;autora da A&ccedil;&atilde;o Popular que tramita na 21&ordf; Vara C&iacute;vel da capital como forma de ressarcir o Estado dos atos lesivos praticados&quot;. Segundo a diretoria financeira da estatal, o valor pago &agrave; TV Liberal, durante a vig&ecirc;ncia do conv&ecirc;nio, foi um pouco mais de 35 milh&otilde;es de reais, sem corre&ccedil;&atilde;o monet&aacute;ria. <br \/><\/span><span><br \/>Outra medida que deve ser tomada &eacute; a assinatura, entre a Anatel e a TV Liberal, de um Termo de Devolu&ccedil;&atilde;o das retransmissoras da Funtelpa. Segundo a assessoria jur&iacute;dica da Funda&ccedil;&atilde;o, a presidente Regina Lima deve acatar integralmente o resultado do trabalho da comiss&atilde;o de inqu&eacute;rito administrativo. <br \/><\/span><span><br \/>Irregularidades &ndash; Segundo apurou a comiss&atilde;o, o conv&ecirc;nio fere a lei de licita&ccedil;&atilde;o (Lei 8.666\/93) quando se verificam &ldquo;cl&aacute;usulas que remetem &agrave; seara contratual, e nas quais se descortina a execu&ccedil;&atilde;o de um contrato de presta&ccedil;&atilde;o de servi&ccedil;os remunerados, j&aacute; que, por for&ccedil;a do mesmo, a Funtelpa passou a realizar despesas com pagamento de publicidade e veicula&ccedil;&otilde;es do governo estadual&rdquo;. <br \/><\/span><span><br \/>Em outras palavras, o conv&ecirc;nio &eacute; fraudulento porque foi firmado entre uma empresa governamental e uma empresa privada com fins lucrativos. Al&eacute;m disso, conforme a assessoria jur&iacute;dica da Funtelpa, no conv&ecirc;nio os interesses t&ecirc;m de ser convergentes e n&atilde;o deve haver cl&aacute;usulas de pagamento, como havia no acordo com a TV Liberal: &ldquo;no caso de n&atilde;o pagamento pela Funtelpa do valor previsto na cl&aacute;usula segunda, a TV Liberal, independente de qualquer aviso pr&eacute;vio ou de notifica&ccedil;&atilde;o, poder&aacute; descontinuar o servi&ccedil;o Libsat, e considerar rescindido o conv&ecirc;nio&rdquo;, aponta o acordo. <br \/><\/span><span><br \/>Conv&ecirc;nio e contrato s&atilde;o figuras jur&iacute;dicas que apresentam pontos em comum, mas que possuem conceitos diferentes e caracter&iacute;sticas pr&oacute;prias. Contrato, por exemplo, deve ser feito mediante licita&ccedil;&atilde;o. Conv&ecirc;nio deve ser feito entre &oacute;rg&atilde;os governamentais e ONGs, sem fins lucrativos, e s&oacute; pode ser prorrog&aacute;vel at&eacute; cinco anos. Ou seja, o acordo entre a Funtelpa e a TV Liberal nunca foi legal e s&oacute; trouxe preju&iacute;zos aos cofres p&uacute;blicos.<\/span><\/p>\n<p><span><font size=\"3\"><img loading=\"lazy\" decoding=\"async\" src=\"images\/stories\/politica_publicacoes\/c_invertido_pq.png\" alt=\"Sample Image\" width=\"15\" height=\"15\" \/><\/font><\/span><\/p>\n","protected":false},"excerpt":{"rendered":"<p>Conv\u00eanio assinado entre a Funda\u00e7\u00e3o de Telecomunica\u00e7\u00f5es do Par\u00e1 e a TV Liberal deve ser anulado definitivamente pelo novo Governo do Estado nos pr\u00f3ximos 30 dias. Pelo acordo, a emissora utilizava 78 canais da Funtelpa para retransmitir a programa\u00e7\u00e3o da Rede Globo.<\/p>\n","protected":false},"author":1,"featured_media":0,"comment_status":"open","ping_status":"open","sticky":false,"template":"","format":"standard","meta":{"footnotes":""},"categories":[40],"tags":[229],"_links":{"self":[{"href":"https:\/\/obscom.intervozes.org.br\/index.php?rest_route=\/wp\/v2\/posts\/18355"}],"collection":[{"href":"https:\/\/obscom.intervozes.org.br\/index.php?rest_route=\/wp\/v2\/posts"}],"about":[{"href":"https:\/\/obscom.intervozes.org.br\/index.php?rest_route=\/wp\/v2\/types\/post"}],"author":[{"embeddable":true,"href":"https:\/\/obscom.intervozes.org.br\/index.php?rest_route=\/wp\/v2\/users\/1"}],"replies":[{"embeddable":true,"href":"https:\/\/obscom.intervozes.org.br\/index.php?rest_route=%2Fwp%2Fv2%2Fcomments&post=18355"}],"version-history":[{"count":0,"href":"https:\/\/obscom.intervozes.org.br\/index.php?rest_route=\/wp\/v2\/posts\/18355\/revisions"}],"wp:attachment":[{"href":"https:\/\/obscom.intervozes.org.br\/index.php?rest_route=%2Fwp%2Fv2%2Fmedia&parent=18355"}],"wp:term":[{"taxonomy":"category","embeddable":true,"href":"https:\/\/obscom.intervozes.org.br\/index.php?rest_route=%2Fwp%2Fv2%2Fcategories&post=18355"},{"taxonomy":"post_tag","embeddable":true,"href":"https:\/\/obscom.intervozes.org.br\/index.php?rest_route=%2Fwp%2Fv2%2Ftags&post=18355"}],"curies":[{"name":"wp","href":"https:\/\/api.w.org\/{rel}","templated":true}]}}