{"id":18350,"date":"2007-05-10T16:33:17","date_gmt":"2007-05-10T16:33:17","guid":{"rendered":"https:\/\/obscom.intervozes.org.br\/wordpress\/?p=18350"},"modified":"2007-05-10T16:33:17","modified_gmt":"2007-05-10T16:33:17","slug":"reportagem-sobre-octavio-frias-causa-demissao-de-editor-do-meio-mensagem","status":"publish","type":"post","link":"https:\/\/obscom.intervozes.org.br\/?p=18350","title":{"rendered":"Reportagem sobre Octavio Frias causa demiss\u00e3o de editor do Meio &#038; Mensagem"},"content":{"rendered":"<p>S&Atilde;O PAULO &ndash; O jornalista Cost&aacute;bile Nicoletta, editor-chefe do jornal Meio&amp;Mensagem, especializado em m&iacute;dia e propaganda, foi demitido nesta segunda-feira (7) ap&oacute;s a publica&ccedil;&atilde;o de uma reportagem sobre a hist&oacute;ria do publisher da Folha de S. Paulo, Octavio Frias de Oliveira, morto no &uacute;ltimo dia 29. <\/p>\n<p>O texto, assinado pelo jornalista free-lancer Edgar Olimpio de Souza, relata acusa&ccedil;&otilde;es conhecidas de que Frias colaborou com a Ditadura Militar, seja cedendo &agrave; press&atilde;o do regime e demitindo jornalistas, seja fornecendo ve&iacute;culos para a Opera&ccedil;&atilde;o Bandeirantes (Oban) &ndash; o que o jornal nega at&eacute; hoje, como informa a pr&oacute;pria reportagem. <\/p>\n<p>Em solidariedade a Nicoletta, a reda&ccedil;&atilde;o do M&amp;M divulgou nota p&uacute;blica em que considera &ldquo;arbitr&aacute;ria e repugnante&rdquo; a demiss&atilde;o, e decidiu fazer uma greve de 24 horas nesta ter&ccedil;a-feira (8). &ldquo;Nicoletta cometeu o erro de fazer jornalismo&rdquo;, diz a nota. O temor dos jornalistas &eacute; que tenha havido press&atilde;o da dire&ccedil;&atilde;o da Folha pela demiss&atilde;o de Nicoletta. O jornal da fam&iacute;lia Frias &eacute;, ao lado do Estad&atilde;o e do jornal O Globo, um dos anunciantes do M&amp;M, al&eacute;m de manter uma parceria para a realiza&ccedil;&atilde;o do Pr&ecirc;mio Folha. <\/p>\n<p>Segundo Nicoletta, a diretora de reda&ccedil;&atilde;o do M&amp;M, Regina Augusta, alegou que o material &ldquo;n&atilde;o era apropriado para um ve&iacute;culo trade, segmentado&rdquo;, e o demitiu. &ldquo;Eu tentei argumentar que o fato de ser ve&iacute;culo do trade n&atilde;o queria dizer que n&oacute;s dev&ecirc;ssemos s&oacute; publicar mat&eacute;rias favor&aacute;veis ao trade, muito menos aos anunciantes. N&atilde;o era isso o que ela achava&rdquo;, disse o jornalista. Carta Maior tentou ouvir Regina Augusta, mas o pedido de entrevista n&atilde;o foi atendido.<\/p>\n<p>&ldquo;N&atilde;o tenho elementos que comprovem que houve uma press&atilde;o da Folha e prefiro acreditar que n&atilde;o tenha ocorrido, porque seria t&atilde;o rid&iacute;culo quanto a minha demiss&atilde;o&rdquo;, disse Nicoletta. A Carta Maior solicitou entrevista &agrave; dire&ccedil;&atilde;o da Folha de S. Paulo, mas n&atilde;o obteve resposta at&eacute; o fechamento desta reportagem. Nesta quarta (9), haver&aacute; uma reuni&atilde;o entre os jornalistas do M&amp;M e a dire&ccedil;&atilde;o do jornal para tentar solucionar o impasse.<\/p>\n<p><img loading=\"lazy\" decoding=\"async\" src=\"images\/stories\/politica_publicacoes\/c_invertido_pq.png\" alt=\"Active Image\" width=\"15\" height=\"15\" \/><\/p>\n","protected":false},"excerpt":{"rendered":"<p>Texto do Meio&#038;Mensagem que conta hist\u00f3ria do publisher da Folha, morto no dia 29, traz passagens sobre a pol\u00eamica hist\u00f3ria do jornal na Ditadura Militar. O editor-chefe Cost\u00e1bile Nicoletta foi demitido. Reda\u00e7\u00e3o entra em greve por 24 h.   <\/p>\n","protected":false},"author":1,"featured_media":0,"comment_status":"open","ping_status":"open","sticky":false,"template":"","format":"standard","meta":{"footnotes":""},"categories":[40],"tags":[85],"_links":{"self":[{"href":"https:\/\/obscom.intervozes.org.br\/index.php?rest_route=\/wp\/v2\/posts\/18350"}],"collection":[{"href":"https:\/\/obscom.intervozes.org.br\/index.php?rest_route=\/wp\/v2\/posts"}],"about":[{"href":"https:\/\/obscom.intervozes.org.br\/index.php?rest_route=\/wp\/v2\/types\/post"}],"author":[{"embeddable":true,"href":"https:\/\/obscom.intervozes.org.br\/index.php?rest_route=\/wp\/v2\/users\/1"}],"replies":[{"embeddable":true,"href":"https:\/\/obscom.intervozes.org.br\/index.php?rest_route=%2Fwp%2Fv2%2Fcomments&post=18350"}],"version-history":[{"count":0,"href":"https:\/\/obscom.intervozes.org.br\/index.php?rest_route=\/wp\/v2\/posts\/18350\/revisions"}],"wp:attachment":[{"href":"https:\/\/obscom.intervozes.org.br\/index.php?rest_route=%2Fwp%2Fv2%2Fmedia&parent=18350"}],"wp:term":[{"taxonomy":"category","embeddable":true,"href":"https:\/\/obscom.intervozes.org.br\/index.php?rest_route=%2Fwp%2Fv2%2Fcategories&post=18350"},{"taxonomy":"post_tag","embeddable":true,"href":"https:\/\/obscom.intervozes.org.br\/index.php?rest_route=%2Fwp%2Fv2%2Ftags&post=18350"}],"curies":[{"name":"wp","href":"https:\/\/api.w.org\/{rel}","templated":true}]}}