{"id":18349,"date":"2007-05-10T16:22:01","date_gmt":"2007-05-10T16:22:01","guid":{"rendered":"https:\/\/obscom.intervozes.org.br\/wordpress\/?p=18349"},"modified":"2007-05-10T16:22:01","modified_gmt":"2007-05-10T16:22:01","slug":"producao-independente-ainda-tem-pouco-espaco-na-tv","status":"publish","type":"post","link":"https:\/\/obscom.intervozes.org.br\/?p=18349","title":{"rendered":"Produ\u00e7\u00e3o independente ainda tem pouco espa\u00e7o na TV"},"content":{"rendered":"<p>Bras&iacute;lia &#8211; O presidente da Associa&ccedil;&atilde;o Brasileira de Produtores de Independentes de Televis&atilde;o (ABPI-TV), Fernando Dias, avalia que&nbsp;atualmente as produ&ccedil;&otilde;es alternativas ainda possuem pouco espa&ccedil;o a TV p&uacute;blica. Segundo ele, um dos problemas &eacute; que as&nbsp; emissoras p&uacute;blicas, assim como as comerciais, atuam como produtoras e n&atilde;o apenas como difusoras de conte&uacute;do.<\/p>\n<p>&ldquo;Infelizmente no Brasil, quando a TV p&uacute;blica surgiu, ela surgiu querendo ser uma TV comercial, ent&atilde;o ela imitou o sistema da TV comercial de programa&ccedil;&atilde;o&rdquo;. Outra cr&iacute;tica feita pelo presidente da ABPI-TV &eacute; que as TVs p&uacute;blicas disputam verbas p&uacute;blicas com as produtoras independentes. &ldquo;As TVs p&uacute;blicas tamb&eacute;m fazem a capta&ccedil;&atilde;o, s&oacute; que elas vendem m&iacute;dia, ent&atilde;o &eacute; l&oacute;gico que elas saem com um caminh&atilde;o de vantagens na frente&rdquo;. <\/p>\n<p>Segundo ele, a parceria com as produtoras independentes tamb&eacute;m poder&aacute; representar economia de recursos para as TVs p&uacute;blicas brasileiras. &ldquo;Voc&ecirc; vai pegar hoje uma televis&atilde;o que gasta R$ 1 milh&atilde;o por m&ecirc;s para desenvolver conte&uacute;dos, com a produ&ccedil;&atilde;o independente, esse dinheiro pode virar R$ 5 milh&otilde;es porque o produtor independente pode buscar parceiros para alavancar mais recursos para aquele projeto&rdquo;, afirmou, em entrevista coletiva no final da manh&atilde;.<\/p>\n<p>Sobre a proposta apresentada ontem (8) durante a abertura do f&oacute;rum pelo ministro da Secretaria de Comunica&ccedil;&atilde;o Social, Franklin Martins, de que os produtores independentes fiquem respons&aacute;veis por quatro ou cinco horas di&aacute;rias de programa&ccedil;&atilde;o na rede de TVs p&uacute;blicas, ele disse que &ldquo;j&aacute; &eacute; o come&ccedil;o&rdquo;.<\/p>\n<p>&ldquo;Se a gente conseguir quatro, cinco horas de programa&ccedil;&atilde;o no in&iacute;cio de uma televis&atilde;o a gente j&aacute; vai ter um sucesso tremendo, a gente est&aacute; saindo de zero para cinco&rdquo;, afirmou. Ele acrescentou que a produ&ccedil;&atilde;o independente vai agregar qualidade &agrave; televis&atilde;o, &ldquo;porque os modelos que existam no resto do mundo possibilitam que a televis&atilde;o independente consiga inclusive recursos&rdquo;. <\/p>\n<p>&nbsp;<\/p>\n<p><img loading=\"lazy\" decoding=\"async\" src=\"images\/stories\/politica_publicacoes\/c_invertido_pq.png\" alt=\"Active Image\" width=\"15\" height=\"15\" \/><\/p>\n","protected":false},"excerpt":{"rendered":"<p>Bras&iacute;lia &#8211; O presidente da Associa&ccedil;&atilde;o Brasileira de Produtores de Independentes de Televis&atilde;o (ABPI-TV), Fernando Dias, avalia que&nbsp;atualmente as produ&ccedil;&otilde;es alternativas ainda possuem pouco espa&ccedil;o a TV p&uacute;blica. Segundo ele, um dos problemas &eacute; que as&nbsp; emissoras p&uacute;blicas, assim como as comerciais, atuam como produtoras e n&atilde;o apenas como difusoras de conte&uacute;do. &ldquo;Infelizmente no Brasil, &hellip; <a href=\"https:\/\/obscom.intervozes.org.br\/?p=18349\" class=\"more-link\">Continue lendo <span class=\"screen-reader-text\">Produ\u00e7\u00e3o independente ainda tem pouco espa\u00e7o na TV<\/span> <span class=\"meta-nav\">&rarr;<\/span><\/a><\/p>\n","protected":false},"author":1,"featured_media":0,"comment_status":"open","ping_status":"open","sticky":false,"template":"","format":"standard","meta":{"footnotes":""},"categories":[40],"tags":[60],"_links":{"self":[{"href":"https:\/\/obscom.intervozes.org.br\/index.php?rest_route=\/wp\/v2\/posts\/18349"}],"collection":[{"href":"https:\/\/obscom.intervozes.org.br\/index.php?rest_route=\/wp\/v2\/posts"}],"about":[{"href":"https:\/\/obscom.intervozes.org.br\/index.php?rest_route=\/wp\/v2\/types\/post"}],"author":[{"embeddable":true,"href":"https:\/\/obscom.intervozes.org.br\/index.php?rest_route=\/wp\/v2\/users\/1"}],"replies":[{"embeddable":true,"href":"https:\/\/obscom.intervozes.org.br\/index.php?rest_route=%2Fwp%2Fv2%2Fcomments&post=18349"}],"version-history":[{"count":0,"href":"https:\/\/obscom.intervozes.org.br\/index.php?rest_route=\/wp\/v2\/posts\/18349\/revisions"}],"wp:attachment":[{"href":"https:\/\/obscom.intervozes.org.br\/index.php?rest_route=%2Fwp%2Fv2%2Fmedia&parent=18349"}],"wp:term":[{"taxonomy":"category","embeddable":true,"href":"https:\/\/obscom.intervozes.org.br\/index.php?rest_route=%2Fwp%2Fv2%2Fcategories&post=18349"},{"taxonomy":"post_tag","embeddable":true,"href":"https:\/\/obscom.intervozes.org.br\/index.php?rest_route=%2Fwp%2Fv2%2Ftags&post=18349"}],"curies":[{"name":"wp","href":"https:\/\/api.w.org\/{rel}","templated":true}]}}