{"id":18343,"date":"2007-05-09T19:04:14","date_gmt":"2007-05-09T19:04:14","guid":{"rendered":"https:\/\/obscom.intervozes.org.br\/wordpress\/?p=18343"},"modified":"2007-05-09T19:04:14","modified_gmt":"2007-05-09T19:04:14","slug":"associacoes-comentam-fusao-entre-radiobras-e-tve","status":"publish","type":"post","link":"https:\/\/obscom.intervozes.org.br\/?p=18343","title":{"rendered":"Associa\u00e7\u00f5es comentam &#8216;fus\u00e3o&#8217; entre Radiobr\u00e1s e TVE"},"content":{"rendered":"<p>Bras&iacute;lia &#8211; O governo federal estabeleceu o dia 2 de dezembro como o prazo para que a rede de televis&atilde;o p&uacute;blica brasileira comece a operar. A informa&ccedil;&atilde;o &eacute; do ministro da Secretaria de Comunica&ccedil;&atilde;o Social, Franklin Martins. &quot;Queremos que em 2 de dezembro, quando o sinal digital entra, j&aacute; ter esse embri&atilde;o de rede come&ccedil;ando a funcionar e em processo de integra&ccedil;&atilde;o com as demais emissoras nos estados&quot;, afirmou o ministro em entrevista coletiva hoje (8) ap&oacute;s a abertura do 1&ordm; F&oacute;rum Nacional de TVs P&uacute;blicas.<\/p>\n<p>Segundo ele, o ponto de partida para a rede &eacute; a uni&atilde;o da Radiobr&aacute;s com a TVE. O ministro afirmou que o marco legal para a unifica&ccedil;&atilde;o ainda est&aacute; sendo discutida. &quot;O governo enviar&aacute; ao Congresso para aprecia&ccedil;&atilde;o uma posi&ccedil;&atilde;o provavelmente em agosto ou setembro&quot;, disse.<\/p>\n<p>Para o pesquisador da Universidade de S&atilde;o Paulo e integrante do F&oacute;rum Nacional de TVs P&uacute;blicas, Laurindo Leal Filho, a fus&atilde;o &eacute; necess&aacute;ria. &quot;&Eacute; incoerente voc&ecirc; ter na estrutura do governo federal duas institui&ccedil;&otilde;es trabalhando com a radiodifus&atilde;o&quot;, disse. Ele acredita que esse &eacute; o primeiro desafio a ser enfrentado pelo governo. Os pr&oacute;ximos, segundo ele, s&atilde;o criar um conselho p&uacute;blico de gest&atilde;o e encontrar formas de financiamento que garantam a &quot;perenidade&quot; da rede.<\/p>\n<p>Para o presidente da Associa&ccedil;&atilde;o Brasileira de Televis&otilde;es e R&aacute;dios Legislativas (Astral), Rodrigo Lucena, acredita que a mudan&ccedil;a na estrutura jur&iacute;dica das emissoras n&atilde;o ser&aacute; &quot;um grande entrave&quot; no debate. &quot;Mas &eacute; preciso que o governo realmente analise do ponto de vista da efici&ecirc;ncia se esse &eacute; o melhor caminho. A princ&iacute;pio parece que sim porque s&atilde;o duas estruturas federais que, com experi&ecirc;ncia j&aacute; acumulada em televis&atilde;o, podem ser o embri&atilde;o de um projeto que pretende se ramificar e ter na ponta outras parcerias&quot;.<\/p>\n<p>O presidente da Associa&ccedil;&atilde;o Brasileira de Emissoras P&uacute;blicas, Educativas e Culturais (Abepec), Jorge Cunha Lima, disse que apesar de se ter a curto prazo uma defini&ccedil;&atilde;o do formato da nova rede de televis&atilde;o p&uacute;blica, o seu funcionamento n&atilde;o deve ser logo. &quot;&Eacute; muito complicado voc&ecirc; realmente colocar uma rede no ar. At&eacute; fazer uma fus&atilde;o jur&iacute;dica da Radiobr&aacute;s com a TVE vai ser complicado&quot;, opinou. Sobre a fus&atilde;o das empresas, Cunha Lima disse que ainda n&atilde;o h&aacute; detalhes de como isso ser&aacute; feito. &quot;Ningu&eacute;m ainda explicitou qual o modelo de fus&atilde;o. Foi uma id&eacute;ia lan&ccedil;ada, a gente sabe que vai acontecer, mas ningu&eacute;m sabe como vai ser&quot;, afirmou.<\/p>\n<p>O presidente da Associa&ccedil;&atilde;o Brasileira de Canais Comunit&aacute;rios (ABCCom), Fernando Trezza, destaca que a TVE tem uma &quot;grande capilaridade&quot; no pa&iacute;s por meio das retransmissoras localizadas em v&aacute;rias capitais. Ele diz que as televis&otilde;es comunit&aacute;rias est&atilde;o &quot;encarando com bons olhos&quot; essa nova rede de TV. &quot;Acreditamos que essa rede vai se fazer inclusive com a participa&ccedil;&atilde;o dos conte&uacute;dos que j&aacute; s&atilde;o veiculados pelas TVs comunit&aacute;rias, ou seja, conte&uacute;dos do terceiro setor&quot;.<\/p>\n<p>&nbsp;<img loading=\"lazy\" decoding=\"async\" src=\"images\/stories\/politica_publicacoes\/c_invertido_pq.png\" alt=\"Active Image\" width=\"15\" height=\"15\" \/><\/p>\n<p>&nbsp;<\/p>\n","protected":false},"excerpt":{"rendered":"<p>Bras&iacute;lia &#8211; O governo federal estabeleceu o dia 2 de dezembro como o prazo para que a rede de televis&atilde;o p&uacute;blica brasileira comece a operar. A informa&ccedil;&atilde;o &eacute; do ministro da Secretaria de Comunica&ccedil;&atilde;o Social, Franklin Martins. &quot;Queremos que em 2 de dezembro, quando o sinal digital entra, j&aacute; ter esse embri&atilde;o de rede come&ccedil;ando &hellip; <a href=\"https:\/\/obscom.intervozes.org.br\/?p=18343\" class=\"more-link\">Continue lendo <span class=\"screen-reader-text\">Associa\u00e7\u00f5es comentam &#8216;fus\u00e3o&#8217; entre Radiobr\u00e1s e TVE<\/span> <span class=\"meta-nav\">&rarr;<\/span><\/a><\/p>\n","protected":false},"author":1,"featured_media":0,"comment_status":"open","ping_status":"open","sticky":false,"template":"","format":"standard","meta":{"footnotes":""},"categories":[40],"tags":[216],"_links":{"self":[{"href":"https:\/\/obscom.intervozes.org.br\/index.php?rest_route=\/wp\/v2\/posts\/18343"}],"collection":[{"href":"https:\/\/obscom.intervozes.org.br\/index.php?rest_route=\/wp\/v2\/posts"}],"about":[{"href":"https:\/\/obscom.intervozes.org.br\/index.php?rest_route=\/wp\/v2\/types\/post"}],"author":[{"embeddable":true,"href":"https:\/\/obscom.intervozes.org.br\/index.php?rest_route=\/wp\/v2\/users\/1"}],"replies":[{"embeddable":true,"href":"https:\/\/obscom.intervozes.org.br\/index.php?rest_route=%2Fwp%2Fv2%2Fcomments&post=18343"}],"version-history":[{"count":0,"href":"https:\/\/obscom.intervozes.org.br\/index.php?rest_route=\/wp\/v2\/posts\/18343\/revisions"}],"wp:attachment":[{"href":"https:\/\/obscom.intervozes.org.br\/index.php?rest_route=%2Fwp%2Fv2%2Fmedia&parent=18343"}],"wp:term":[{"taxonomy":"category","embeddable":true,"href":"https:\/\/obscom.intervozes.org.br\/index.php?rest_route=%2Fwp%2Fv2%2Fcategories&post=18343"},{"taxonomy":"post_tag","embeddable":true,"href":"https:\/\/obscom.intervozes.org.br\/index.php?rest_route=%2Fwp%2Fv2%2Ftags&post=18343"}],"curies":[{"name":"wp","href":"https:\/\/api.w.org\/{rel}","templated":true}]}}