{"id":18342,"date":"2007-05-09T18:24:26","date_gmt":"2007-05-09T18:24:26","guid":{"rendered":"https:\/\/obscom.intervozes.org.br\/wordpress\/?p=18342"},"modified":"2007-05-09T18:24:26","modified_gmt":"2007-05-09T18:24:26","slug":"o-desafio-da-tv-publica","status":"publish","type":"post","link":"https:\/\/obscom.intervozes.org.br\/?p=18342","title":{"rendered":"O desafio da TV p\u00fablica"},"content":{"rendered":"<p style=\"margin: 0cm 0cm 0pt\" class=\"MsoNormal\"><span><em>Na segunda-feira 7 de maio, o Conselho Curador da Funda&ccedil;&atilde;o Padre Anchieta escolheu o novo presidente da diretoria executiva, ratificando o nome do jornalista Paulo Markun para o cargo. O F&oacute;rum de TVs P&uacute;blicas come&ccedil;ou na ter&ccedil;a-feira, 8 de maio. As emissoras comerciais come&ccedil;am a receber as linhas de cr&eacute;dito do BNDES, vedadas &agrave;s p&uacute;blicas, para a digitaliza&ccedil;&atilde;o de sua produ&ccedil;&atilde;o. A respeito desses e outros assuntos, conversamos com Jorge da Cunha Lima, presidente e membro vital&iacute;cio do Conselho Curador da Funda&ccedil;&atilde;o Padre Anchieta, mantenedora da R&aacute;dio e TV Cultura. Leia os melhores trechos da conversa:<\/em><\/span><span>&nbsp;<\/span><span>&nbsp;<\/p>\n<p><\/span><span><strong>Quais os motivos da escolha do Markun? Sabemos de sua liga&ccedil;&atilde;o com a TV Cultura, mas como surgiu seu nome no processo de escolha. Por que foi candidato &uacute;nico?<br \/><\/strong><\/span><span>JCL -Todas as elei&ccedil;&otilde;es para presidente na hist&oacute;ria da Funda&ccedil;&atilde;o foram a partir de candidaturas de consenso. Como &eacute; sabido, o governo manifestou o desejo de sugerir nomes, porque eles t&ecirc;m membros no conselho e s&atilde;o respons&aacute;veis por boa parte do aporte financeiro da funda&ccedil;&atilde;o. Assim houve v&aacute;rias rodadas de apresenta&ccedil;&atilde;o de nomes e sucessivas discuss&otilde;es, at&eacute; que, deste processo, surgiu o nome do Markun, com um perfil bastante aceit&aacute;vel por todos, o que acabou por revel&aacute;-lo como um nome que poderia apontar para um consenso entre os membros eletivos, os natos, os representantes do governo etc. Al&eacute;m disso, a candidatura &uacute;nica foi poss&iacute;vel porque o Marcos Mendon&ccedil;a n&atilde;o quis se candidatar &agrave; reelei&ccedil;&atilde;o.<\/span><span>&nbsp;<\/p>\n<p><\/span><span><strong>Como o Marcos Mendon&ccedil;a sai deste processo? Ele que recebeu tantas cr&iacute;ticas por ter encampado o projeto de ter transformado a Cultura numa TV comercial? Ele sai desgastado?<br \/><\/strong><\/span><span>JCL &#8211; Eu penso que ele sai fortalecido, pois ele deixa a televis&atilde;o em situa&ccedil;&atilde;o financeira boa, capacidade de produ&ccedil;&atilde;o grande, principalmente de programa&ccedil;&atilde;o infantil e educacional, e sentimos o grande reconhecimento do conselho pelo trabalho que ele executou. As coisas que criticaram nele, e criticaram em mim j&aacute;, foi a transi&ccedil;&atilde;o para um modelo comercial de televis&atilde;o com publicidade institucional. Mas, com a diminui&ccedil;&atilde;o de recursos p&uacute;blicos, caso n&atilde;o se buscasse recursos da sociedade, fechar&iacute;amos a Funda&ccedil;&atilde;o.<\/span><span>&nbsp;<\/p>\n<p><\/span><span><strong>Com a entrada do Markun, um jornalista, como fica o cargo de ombudsman da TV Cultura que est&aacute; vago?<br \/><\/strong><\/span><span>JCL &#8211; O Oswaldo Martins saiu em junho de 2006, antes de acabar o mandato. At&eacute; hoje, estamos definindo qual &eacute; o papel de um ombudsman de televis&atilde;o. Como um ombudsman poderia ficar 24 horas acordado na frente do aparelho de televis&atilde;o para dar cabo da an&aacute;lise de toda a programa&ccedil;&atilde;o? O cargo est&aacute; em aberto e a fun&ccedil;&atilde;o em discuss&atilde;o.<\/span><span>&nbsp;<\/p>\n<p><\/span><span><strong>Al&eacute;m da quest&atilde;o publicit&aacute;ria, houve cr&iacute;ticas a respeito do sucateamento da programa&ccedil;&atilde;o. Podemos citar a refer&ecirc;ncia feita pelo Secret&aacute;rio da Diversidade Cultural, em entrevista &agrave; Carta Maior, de que h&aacute; falta de qualidade, &ldquo;a marca registrada da Cultura&rdquo; e de que a diversidade cultural e as culturas populares s&atilde;o tratadas insuficientemente em toda a programa&ccedil;&atilde;o da Cultura.<br \/><\/strong><\/span><span>JCL &#8211; &Eacute; muito dif&iacute;cil aceitar, como &eacute; muito dif&iacute;cil rebater, porque esta quest&atilde;o &eacute; muito subjetiva. Ningu&eacute;m pode criticar, por exemplo, o Caf&eacute; Filos&oacute;fico por tratar de uma tem&aacute;tica elevada. Pelo contr&aacute;rio, penso que precisamos parar de colocar baixa cultura para o povo. Ent&atilde;o, acho que estas cr&iacute;ticas s&atilde;o complicadas porque n&atilde;o correspondem. O que &eacute; preciso verificar &eacute; se houve m&aacute; qualidade cultural ou desvio das finalidades educativo-culturais. E isso n&atilde;o houve.<\/span><span>&nbsp;<\/p>\n<p><\/span><span><strong>E a quest&atilde;o da TV digital? Como a TV Cultura est&aacute; se preparando para esta transi&ccedil;&atilde;o. Acabamos de ver que o BNDES liberou recursos para o SBT, como a Funda&ccedil;&atilde;o est&aacute; se preparando?<br \/><\/strong><\/span><span>JCL &#8211; O Marcos Mendon&ccedil;a conseguiu fazer uma boa aquisi&ccedil;&atilde;o de equipamentos para a produ&ccedil;&atilde;o de programa&ccedil;&atilde;o digital. Agora, o que est&aacute; em quest&atilde;o &eacute; a transmiss&atilde;o digital que evidentemente n&atilde;o se resolver&aacute; com o dinheiro destes or&ccedil;amentos magros que temos. Precisaremos de algum financiamento externo que ser&aacute; feito ou a fundo perdido pelo Governo Federal para todas as emissoras p&uacute;blicas ou, ent&atilde;o, com financiamentos de fontes privadas. Este financiamento do BNDES, por enquanto, &eacute; destinado apenas &agrave;s emissoras comerciais. N&atilde;o se criou um mecanismo ainda de tomada de financiamento pelas tvs p&uacute;blicas que dependeriam do aval dos governos estaduais que, muitas vezes, j&aacute; est&atilde;o com os limites de endividamento esgotados, assim, mesmo que o BNDES quisesse dar o dinheiro, os estados n&atilde;o poderiam tomar. Estas quest&otilde;es ser&atilde;o discutidas no F&oacute;rum de TVs P&uacute;blicas, que acontece agora em maio em Bras&iacute;lia.<\/span><span>&nbsp;<\/p>\n<p><\/span><span><strong>A respeito do F&oacute;rum, tendo em vista a propositura do Franklin Martins pela forma&ccedil;&atilde;o de uma Rede P&uacute;blica de Televis&atilde;o &ndash; e at&eacute; onde conseguimos apurar a Funda&ccedil;&atilde;o Padre Anchieta se alinha a este prop&oacute;sito-, quais s&atilde;o as perspectivas para o debate que se aproxima.<br \/><\/strong><\/span><span>JCL &#8211; Olha, este alinhamento a&iacute; &eacute; o seguinte: n&oacute;s estamos de acordo que exista uma programa&ccedil;&atilde;o nacional de televis&atilde;o feita pelas televis&otilde;es p&uacute;blicas. Uma programa&ccedil;&atilde;o que seja o reflexo do Brasil. Concordamos com isso, mas precisamos discutir em que formato se dar&aacute; este acordo. O f&oacute;rum tem que discutir o formato e as condi&ccedil;&otilde;es de ades&atilde;o de todos os membros de uma rede p&uacute;blica. A principal condi&ccedil;&atilde;o &eacute; que haja dinheiro para fazer produto, por que rede n&atilde;o se cria por decreto. Quando houver condi&ccedil;&otilde;es de se produzir conte&uacute;dos, a rede surge!<\/span><span>&nbsp;<\/p>\n<p><\/span><span><strong>Isso significa que o Governo Federal ter&aacute; que dar uma grande inje&ccedil;&atilde;o de verba para a concretiza&ccedil;&atilde;o desta proposta?<br \/><\/strong><\/span><span>JCL &#8211; Sim, um aporte de verba para que as produ&ccedil;&otilde;es regionais possam ser realizadas pelas Tvs estaduais e pelos produtores independentes regionais.<\/span><span>&nbsp;<\/p>\n<p><\/span><span><strong>Ent&atilde;o, sem dinheiro n&atilde;o h&aacute; rede p&uacute;blica de televis&atilde;o?<\/strong><\/span> <\/p>\n<p style=\"margin: 0cm 0cm 0pt\" class=\"MsoNormal\"><span>JCL &#8211; N&atilde;o h&aacute; condi&ccedil;&otilde;es de haver rede sem produ&ccedil;&atilde;o de conte&uacute;dos e produ&ccedil;&atilde;o depende de verbas. N&atilde;o d&aacute; para se fazer rede s&oacute; a partir de uma vontade, ou de um decreto.<\/span><\/p>\n<p style=\"margin: 0cm 0cm 0pt\" class=\"MsoNormal\">&nbsp;<\/p>\n<p style=\"margin: 0cm 0cm 0pt\" class=\"MsoNormal\">&nbsp;<\/p>\n<p><span><font size=\"3\"><img loading=\"lazy\" decoding=\"async\" src=\"images\/stories\/politica_publicacoes\/c_invertido_pq.png\" alt=\"Active Image\" width=\"15\" height=\"15\" \/><\/font><\/span><\/p>\n","protected":false},"excerpt":{"rendered":"<p>&#8220;N\u00e3o haver\u00e1 rede sem produ\u00e7\u00e3o de conte\u00fados. E produ\u00e7\u00e3o de conte\u00fados depende de verbas&#8221;.  <\/p>\n","protected":false},"author":1,"featured_media":0,"comment_status":"open","ping_status":"open","sticky":false,"template":"","format":"standard","meta":{"footnotes":""},"categories":[43],"tags":[227,228],"_links":{"self":[{"href":"https:\/\/obscom.intervozes.org.br\/index.php?rest_route=\/wp\/v2\/posts\/18342"}],"collection":[{"href":"https:\/\/obscom.intervozes.org.br\/index.php?rest_route=\/wp\/v2\/posts"}],"about":[{"href":"https:\/\/obscom.intervozes.org.br\/index.php?rest_route=\/wp\/v2\/types\/post"}],"author":[{"embeddable":true,"href":"https:\/\/obscom.intervozes.org.br\/index.php?rest_route=\/wp\/v2\/users\/1"}],"replies":[{"embeddable":true,"href":"https:\/\/obscom.intervozes.org.br\/index.php?rest_route=%2Fwp%2Fv2%2Fcomments&post=18342"}],"version-history":[{"count":0,"href":"https:\/\/obscom.intervozes.org.br\/index.php?rest_route=\/wp\/v2\/posts\/18342\/revisions"}],"wp:attachment":[{"href":"https:\/\/obscom.intervozes.org.br\/index.php?rest_route=%2Fwp%2Fv2%2Fmedia&parent=18342"}],"wp:term":[{"taxonomy":"category","embeddable":true,"href":"https:\/\/obscom.intervozes.org.br\/index.php?rest_route=%2Fwp%2Fv2%2Fcategories&post=18342"},{"taxonomy":"post_tag","embeddable":true,"href":"https:\/\/obscom.intervozes.org.br\/index.php?rest_route=%2Fwp%2Fv2%2Ftags&post=18342"}],"curies":[{"name":"wp","href":"https:\/\/api.w.org\/{rel}","templated":true}]}}