{"id":18339,"date":"2007-05-09T10:18:17","date_gmt":"2007-05-09T10:18:17","guid":{"rendered":"https:\/\/obscom.intervozes.org.br\/wordpress\/?p=18339"},"modified":"2007-05-09T10:18:17","modified_gmt":"2007-05-09T10:18:17","slug":"trabalhadores-reagem-a-acao-empresarial-e-preparam-dia-nacional-de-lutas","status":"publish","type":"post","link":"https:\/\/obscom.intervozes.org.br\/?p=18339","title":{"rendered":"Trabalhadores reagem \u00e0 a\u00e7\u00e3o empresarial e preparam Dia Nacional de Lutas"},"content":{"rendered":"<p><span>Articulado por empres&aacute;rios, o lan&ccedil;amento do movimento &quot;Fiscal n&atilde;o &eacute; Juiz&quot;, no dia 3 de maio, na sede da OAB\/SP, gerou manifesta&ccedil;&otilde;es de descontentamento de entidades de trabalhadores. O Sindicato dos Jornalistas do Munic&iacute;pio do Rio de Janeiro lan&ccedil;ou, no dia 4 de maio, nota dirigida deputados e senadores repudiando o apoio da OAP\/SP ao movimento e pedindo a manuten&ccedil;&atilde;o do veto &agrave; Emenda 3. Entidades e centrais sindicais preparam, para o dia 23 de maio, um Dia Nacional de Lutas contra a emenda.<\/span><span>&nbsp;<\/p>\n<p><\/span><span>Aprovada com a lei que criou a Super-receita, a Emenda 3 impossibilita que fiscais do INSS e da Receita Federal autuem empresas que se utilizam de contratos entre duas pessoas jur&iacute;dicas, a chamada &quot;pejotiza&ccedil;&atilde;o&quot;, para fraudar v&iacute;nculos empregat&iacute;cios. O presidente Lula vetou a Emenda 3 e agora h&aacute; uma grande press&atilde;o empresarial para que deputados e senadores derrubem o veto presidencial.<\/span><span>&nbsp;<\/p>\n<p><\/span><span>Revoltados principalmente com as manifesta&ccedil;&otilde;es de Luiz Fl&aacute;vio Borges D&#39;Urso, presidente da OAB\/SP ao movimento &ldquo;Fiscal n&atilde;o &eacute; juiz&rdquo;, entidades e centrais sindicais intensificaram as cr&iacute;ticas. No dia 3, enquanto o movimento patronal era lan&ccedil;ado, em frente ao pr&eacute;dio entidades de trabalhadores realizaram manifesta&ccedil;&atilde;o contra a emenda com panfletagem e carro de som.<\/span><span>&nbsp;<\/p>\n<p><\/span><span>Nesta segunda-feira (07\/05), o presidente da OAB Nacional, Cezar Britto, manifestou-se contr&aacute;rio &agrave; emenda 3 em audi&ecirc;ncia com o presidente nacional da CUT, Artur Henrique. Na pr&oacute;xima quinta-feira, 10\/05, a Faculdade de Direito da USP paralisar&aacute; as atividades a partir das 10h, solidarizando-se com os cinco metrovi&aacute;rios demitidos ap&oacute;s a greve contra a emenda 3 realizada dia 23 de abril.<\/span><span>&nbsp;<\/p>\n<p><\/span><span>Para 23 de maio, est&aacute; sendo organizada a terceira jornada nacional de lutas contra a Emenda 3. E a promessa &eacute; de que esta ser&aacute; a maior j&aacute; realizada. As manifesta&ccedil;&otilde;es vem sendo chamadas, inclusive, por entidades que divergem no cotidiano das lutas sindicais, como CUT, For&ccedil;a Sindical, Conlutas e Intersindical.<\/span><span>&nbsp;<\/p>\n<p><\/span><span><u>Leia, a seguir, a nota produzida pelo Sindicato dos Jornalistas do Munic&iacute;pio do rio de Janeiro sobre a quest&atilde;o.<\/u><\/span><span>&nbsp;<\/p>\n<p><\/span><span><strong>Rio de Janeiro, 4 de maio de 2007 <\/strong><\/span><span><strong>&nbsp;<br \/><\/strong><\/span><span><strong><br \/>Exmo. sr. congressista, <\/strong><\/span><span>&nbsp;<\/p>\n<p><\/span><span>O Sindicato dos Jornalistas do Munic&iacute;pio do Rio de Janeiro apela &agrave; consci&ecirc;ncia de V. Excia. para que resista &agrave;s investidas dos lobistas que pressionam os representantes do povo pela derrubada do veto &agrave; famigerada Emenda 3. <\/span><span>&nbsp;<\/p>\n<p><\/span><span>Se a carga tribut&aacute;ria pesa no bolso dos empreendedores e se o pa&iacute;s precisa de reformas, manda a dignidade da pol&iacute;tica que tudo se fa&ccedil;a &agrave;s claras. Percorrer os caminhos do casu&iacute;smo, patrocinado por empres&aacute;rios intencionados em sonegar, n&atilde;o nos parece ser o caminho digno para parlamentares que honram seus mandatos e defendem o interesse nacional.<\/span><span>&nbsp;<\/p>\n<p><\/span><span>A Emenda 3 enoja o cidad&atilde;o consciente da devasta&ccedil;&atilde;o que a cultura de sonegar causa &agrave; Na&ccedil;&atilde;o brasileira. A derrubada do veto &agrave; Emenda 3 criaria um ambiente de precariza&ccedil;&atilde;o total das rela&ccedil;&otilde;es de trabalho, jogando para a Justi&ccedil;a uma demanda infinitamente maior do que suas condi&ccedil;&otilde;es operacionais. Os defensores da Emenda 3 pressup&otilde;em, cinicamente, que os ju&iacute;zes do Trabalho t&ecirc;m condi&ccedil;&otilde;es de fiscalizar in loco cada ato de sonega&ccedil;&atilde;o fiscal no Brasil.<\/span><span>&nbsp;<\/p>\n<p><\/span><span>Juiz n&atilde;o &eacute; fiscal. No Estado Democr&aacute;tico, o Legislativo aprova as leis e o Executivo n&atilde;o apenas as cumpre, mas tamb&eacute;m fiscaliza o seu cumprimento, cabendo ao Judici&aacute;rio resolver os conflitos que lhe s&atilde;o submetidos. Dar salvo-conduto &agrave; desobedi&ecirc;ncia enfraquece a legisla&ccedil;&atilde;o brasileira, elaborada pelo pr&oacute;prio Congresso.<\/span><span>&nbsp;<\/p>\n<p><\/span><span>Os sindicatos sempre tiveram nos fiscais do INSS e da Receita aliados importantes no combate &agrave; esperteza. Ela se generalizou de tal forma que hoje h&aacute; reda&ccedil;&otilde;es inteiras formadas por jornalistas sem v&iacute;nculo empregat&iacute;cio. S&atilde;o trabalhadores que, apesar de cumprirem hor&aacute;rios e obedecerem aos seus chefes como quaisquer outros, n&atilde;o t&ecirc;m respeitados direitos b&aacute;sicos como FGTS, f&eacute;rias, d&eacute;cimo-terceiro, aux&iacute;lio-transporte e at&eacute; &mdash; pasme V. Excia.! &mdash; a licen&ccedil;a maternidade. Pode o Congresso Nacional alimentar tal deformidade?<\/span><span>&nbsp;<\/p>\n<p><\/span><span>V. Excia. concordar&aacute; certamente que n&atilde;o fica bem &agrave; Casa do Povo subtrair, na surdina, direitos conquistados h&aacute; mais de meio s&eacute;culo, servindo de instrumento para a sanha de empres&aacute;rios que s&oacute; querem cumprir as leis que lhes conv&ecirc;m. A impunidade, p&acirc;ntano no qual navega a Emenda 3, est&aacute; na raiz da inseguran&ccedil;a e da viol&ecirc;ncia, que tanto inquietam a sociedade brasileira. No confronto entre a ordem e a desordem, derrubar o veto &agrave; Emenda 3 seria botar lenha na fogueira da malandragem. <\/p>\n<p><\/span><span>Os trabalhadores brasileiros contam com a consci&ecirc;ncia c&iacute;vica de V.Excia. Vote contra a sonega&ccedil;&atilde;o, em defesa dos trabalhadores, da Previd&ecirc;ncia Social e do Tesouro Nacional!&nbsp;<\/span><span>&nbsp;<\/p>\n<p><\/span><span><strong>Diretoria do <\/strong><\/span><span><strong>Sindicato dos Jornalistas Profissionais do Munic&iacute;pio do Rio de Janeiro<\/strong><\/span><\/p>\n","protected":false},"excerpt":{"rendered":"<p>Articulado por empres&aacute;rios, o lan&ccedil;amento do movimento &quot;Fiscal n&atilde;o &eacute; Juiz&quot;, no dia 3 de maio, na sede da OAB\/SP, gerou manifesta&ccedil;&otilde;es de descontentamento de entidades de trabalhadores. O Sindicato dos Jornalistas do Munic&iacute;pio do Rio de Janeiro lan&ccedil;ou, no dia 4 de maio, nota dirigida deputados e senadores repudiando o apoio da OAP\/SP ao &hellip; <a href=\"https:\/\/obscom.intervozes.org.br\/?p=18339\" class=\"more-link\">Continue lendo <span class=\"screen-reader-text\">Trabalhadores reagem \u00e0 a\u00e7\u00e3o empresarial e preparam Dia Nacional de Lutas<\/span> <span class=\"meta-nav\">&rarr;<\/span><\/a><\/p>\n","protected":false},"author":1,"featured_media":0,"comment_status":"open","ping_status":"open","sticky":false,"template":"","format":"standard","meta":{"footnotes":""},"categories":[40],"tags":[199],"_links":{"self":[{"href":"https:\/\/obscom.intervozes.org.br\/index.php?rest_route=\/wp\/v2\/posts\/18339"}],"collection":[{"href":"https:\/\/obscom.intervozes.org.br\/index.php?rest_route=\/wp\/v2\/posts"}],"about":[{"href":"https:\/\/obscom.intervozes.org.br\/index.php?rest_route=\/wp\/v2\/types\/post"}],"author":[{"embeddable":true,"href":"https:\/\/obscom.intervozes.org.br\/index.php?rest_route=\/wp\/v2\/users\/1"}],"replies":[{"embeddable":true,"href":"https:\/\/obscom.intervozes.org.br\/index.php?rest_route=%2Fwp%2Fv2%2Fcomments&post=18339"}],"version-history":[{"count":0,"href":"https:\/\/obscom.intervozes.org.br\/index.php?rest_route=\/wp\/v2\/posts\/18339\/revisions"}],"wp:attachment":[{"href":"https:\/\/obscom.intervozes.org.br\/index.php?rest_route=%2Fwp%2Fv2%2Fmedia&parent=18339"}],"wp:term":[{"taxonomy":"category","embeddable":true,"href":"https:\/\/obscom.intervozes.org.br\/index.php?rest_route=%2Fwp%2Fv2%2Fcategories&post=18339"},{"taxonomy":"post_tag","embeddable":true,"href":"https:\/\/obscom.intervozes.org.br\/index.php?rest_route=%2Fwp%2Fv2%2Ftags&post=18339"}],"curies":[{"name":"wp","href":"https:\/\/api.w.org\/{rel}","templated":true}]}}