{"id":18335,"date":"2007-05-09T09:55:59","date_gmt":"2007-05-09T09:55:59","guid":{"rendered":"https:\/\/obscom.intervozes.org.br\/wordpress\/?p=18335"},"modified":"2007-05-09T09:55:59","modified_gmt":"2007-05-09T09:55:59","slug":"radio-e-condenada-por-trocar-nomes-em-noticia-policial","status":"publish","type":"post","link":"https:\/\/obscom.intervozes.org.br\/?p=18335","title":{"rendered":"R\u00e1dio \u00e9 condenada por trocar nomes em not\u00edcia policial"},"content":{"rendered":"<p>Uma r&aacute;dio e um radialista foram condenados a pagar, em conjunto, R$ 7 mil reais por trocar os nomes de pai e filho em uma not&iacute;cia de infra&ccedil;&atilde;o de tr&acirc;nsito. A decis&atilde;o &eacute; da 1&ordf; C&acirc;mara de Direito Civil do Tribunal de Justi&ccedil;a de Santa Catarina. <\/p>\n<p>Para os desembargadores, ficaram comprovados os danos sofridos pelo pai do infrator. Em abril de 2005, o radialista, em seu programa, divulgou a not&iacute;cia de que Nivaldo havia sido preso por dirigir embriagado. Entretanto, quem foi detido em flagrante pela pol&iacute;cia foi seu filho, Norivaldo. Com a repercuss&atilde;o da not&iacute;cia em Lauro M&uuml;ller (SC), cidade com menos de 15 mil habitantes, Nivaldo passou por constrangimentos e foi alvo de piadas e brincadeiras. <\/p>\n<p>O radialista foi condenado, junto com a r&aacute;dio, por ter se referido ao caso de modo pejorativo. &ldquo;N&atilde;o bastasse a culpa grave consistente na falsa imputa&ccedil;&atilde;o de crime, quepor si s&oacute; j&aacute; seria suficiente para a configura&ccedil;&atilde;o do dano moral, verifica-se que o locutor da r&aacute;dio em muito excedeu o limite (&#8230;), proferindo express&otilde;es de cunho desqualificativo, de forma a denegrir a imagem do autor&rdquo;, afirmou o relator do processo, desembargador Marcus Tulio Sartorato. <\/p>\n<p>A emissora admitiu o erro, mas culpou um policial militar pela informa&ccedil;&atilde;o equivocada. Para o PM, foi a r&aacute;dio que trocou os nomes, garantindo que o boletim de ocorr&ecirc;ncia policial citava o nome do filho. De acordo com o relator, n&atilde;o h&aacute; como responsabilizar o PM, j&aacute; que n&atilde;o ficou comprovada a troca de nomes por ele. <\/p>\n","protected":false},"excerpt":{"rendered":"<p>Uma r&aacute;dio e um radialista foram condenados a pagar, em conjunto, R$ 7 mil reais por trocar os nomes de pai e filho em uma not&iacute;cia de infra&ccedil;&atilde;o de tr&acirc;nsito. A decis&atilde;o &eacute; da 1&ordf; C&acirc;mara de Direito Civil do Tribunal de Justi&ccedil;a de Santa Catarina. Para os desembargadores, ficaram comprovados os danos sofridos pelo &hellip; <a href=\"https:\/\/obscom.intervozes.org.br\/?p=18335\" class=\"more-link\">Continue lendo <span class=\"screen-reader-text\">R\u00e1dio \u00e9 condenada por trocar nomes em not\u00edcia policial<\/span> <span class=\"meta-nav\">&rarr;<\/span><\/a><\/p>\n","protected":false},"author":1,"featured_media":0,"comment_status":"open","ping_status":"open","sticky":false,"template":"","format":"standard","meta":{"footnotes":""},"categories":[40],"tags":[66],"_links":{"self":[{"href":"https:\/\/obscom.intervozes.org.br\/index.php?rest_route=\/wp\/v2\/posts\/18335"}],"collection":[{"href":"https:\/\/obscom.intervozes.org.br\/index.php?rest_route=\/wp\/v2\/posts"}],"about":[{"href":"https:\/\/obscom.intervozes.org.br\/index.php?rest_route=\/wp\/v2\/types\/post"}],"author":[{"embeddable":true,"href":"https:\/\/obscom.intervozes.org.br\/index.php?rest_route=\/wp\/v2\/users\/1"}],"replies":[{"embeddable":true,"href":"https:\/\/obscom.intervozes.org.br\/index.php?rest_route=%2Fwp%2Fv2%2Fcomments&post=18335"}],"version-history":[{"count":0,"href":"https:\/\/obscom.intervozes.org.br\/index.php?rest_route=\/wp\/v2\/posts\/18335\/revisions"}],"wp:attachment":[{"href":"https:\/\/obscom.intervozes.org.br\/index.php?rest_route=%2Fwp%2Fv2%2Fmedia&parent=18335"}],"wp:term":[{"taxonomy":"category","embeddable":true,"href":"https:\/\/obscom.intervozes.org.br\/index.php?rest_route=%2Fwp%2Fv2%2Fcategories&post=18335"},{"taxonomy":"post_tag","embeddable":true,"href":"https:\/\/obscom.intervozes.org.br\/index.php?rest_route=%2Fwp%2Fv2%2Ftags&post=18335"}],"curies":[{"name":"wp","href":"https:\/\/api.w.org\/{rel}","templated":true}]}}