{"id":18333,"date":"2007-05-09T09:45:21","date_gmt":"2007-05-09T09:45:21","guid":{"rendered":"https:\/\/obscom.intervozes.org.br\/wordpress\/?p=18333"},"modified":"2007-05-09T09:45:21","modified_gmt":"2007-05-09T09:45:21","slug":"telefone-para-surdos-cresce-em-vendas","status":"publish","type":"post","link":"https:\/\/obscom.intervozes.org.br\/?p=18333","title":{"rendered":"Telefone para surdos cresce em vendas"},"content":{"rendered":"<p>A Lei de Cotas (n&ordm; 8.213\/91) e outras leis que tratam de inclus&atilde;o de deficientes de todos os tipos, e o aumento da conscientiza&ccedil;&atilde;o da responsabilidade social das empresas, que buscam cada vez mais tratar igualmente todos os seus consumidores e clientes, podem impulsionar o mercado de produtos de telefonia espec&iacute;ficos para este p&uacute;blico. Segundo o &uacute;ltimo censo do IBGE, de 2000, 14,5% da popula&ccedil;&atilde;o brasileira possui algum tipo de defici&ecirc;ncia, o que equivale a 24,6 milh&otilde;es de pessoas. <\/p>\n<p>Um exemplo de mercado direcionado &eacute; a Koller, empresa especializada em tecnologia da comunica&ccedil;&atilde;o para a comunidade surda e pessoas com defici&ecirc;ncia auditiva. Fundada h&aacute; 11 anos, a empresa fabrica terminais de telefones p&uacute;blicos e comerciais\/residenciais para portadores de defici&ecirc;ncia auditiva. Chamados de TPS (Telefones Para Surdos), os terminais, que custam cerca de R$ 2 mil, possuem um teclado e visor acoplado, de modo que a comunica&ccedil;&atilde;o telef&ocirc;nica possa se dar por meio de textos &#8211; que s&atilde;o lidos por uma operadora, no caso da liga&ccedil;&atilde;o ser dirigida a algu&eacute;m que escute, ou reproduzidos diretamente a outros terminais com a mesma tecnologia, para serem lidos. <\/p>\n<p>A empresa tamb&eacute;m fabrica orelh&otilde;es com estatecnologia, denominados TTS (Terminais Telef&ocirc;nicos para Surdos). Segundo Paulo Farah, gerente comercial da Koeller, a estimativa de vendas para 2007 &eacute; de 4 mil unidades de TTS e de 15 mil TPS. Ele avalia que o tamanho do mercado seja de 6 milh&otilde;es de pessoas, de acordo com o IBGE, mas &ldquo;a FNEIS (Federa&ccedil;&atilde;o Nacional de Estudo e Integra&ccedil;&atilde;o do surdo) acredita que este n&uacute;mero pode chegar a mais de 10 milh&otilde;es, pois muitas pessoas que perderam a audi&ccedil;&atilde;o ao longo da vida n&atilde;o entram no censo, pelo menos at&eacute; o pr&oacute;ximo censo ou outra medi&ccedil;&atilde;o mais espec&iacute;fica&rdquo;, diz. <\/p>\n<p>Sem informar n&uacute;meros, Farah afirma que a expectativa &eacute; aumentar o faturamento em 80% neste ano, em grande parte devido &agrave; venda de dispositivos como despertadores que vibram e centrais de atendimento aos surdos, chamadas de CAS. Este aparelho permite que o deficiente consiga se comunicar com centrais de atendimento ao consumidor das empresas que possuam o dispositivo, utilizando TTS ou um TPS. Mais de 50 centrais de atendimento ao consumidor de todo o pa&iacute;s possuem o aparelho, cujo pre&ccedil;o varia de R$ 75 mil at&eacute; R$ 350 mil, dependendo do tamanho e necessidade da empresa. <\/p>\n<p>A pessoa que recebe as liga&ccedil;&otilde;es recebe umtreinamento sobre cultura, linguagem e gram&aacute;tica espec&iacute;ficas para atendimento a deficientes. Como deficientes auditivos t&ecirc;m dificuldades em distinguir perfeitamente alguns fonemas, raramente s&atilde;o usados artigos e preposi&ccedil;&otilde;es, e, para evitar confus&otilde;es, palavras como cheque sem fundo, s&atilde;o substitu&iacute;das por &ldquo;cheque sem dinheiro&rdquo;.<\/p>\n<p>&nbsp;<\/p>\n<p>&nbsp;<img loading=\"lazy\" decoding=\"async\" src=\"images\/stories\/politica_publicacoes\/c_normal_pq.png\" alt=\"Active Image\" width=\"15\" height=\"15\" \/>&nbsp;<em>publica&ccedil;&atilde;o autorizada.<\/em><\/p>\n<p>&nbsp;<\/p>\n","protected":false},"excerpt":{"rendered":"<p>A Lei de Cotas (n\u00ba 8.213\/91) e outras leis que tratam de inclus\u00e3o de deficientes de todos os tipos, e o aumento da conscientiza\u00e7\u00e3o da responsabilidade social das empresas, podem impulsionar o mercado de produtos de telefonia espec\u00edficos para este p\u00fablico.<\/p>\n","protected":false},"author":1,"featured_media":0,"comment_status":"open","ping_status":"open","sticky":false,"template":"","format":"standard","meta":{"footnotes":""},"categories":[40],"tags":[223],"_links":{"self":[{"href":"https:\/\/obscom.intervozes.org.br\/index.php?rest_route=\/wp\/v2\/posts\/18333"}],"collection":[{"href":"https:\/\/obscom.intervozes.org.br\/index.php?rest_route=\/wp\/v2\/posts"}],"about":[{"href":"https:\/\/obscom.intervozes.org.br\/index.php?rest_route=\/wp\/v2\/types\/post"}],"author":[{"embeddable":true,"href":"https:\/\/obscom.intervozes.org.br\/index.php?rest_route=\/wp\/v2\/users\/1"}],"replies":[{"embeddable":true,"href":"https:\/\/obscom.intervozes.org.br\/index.php?rest_route=%2Fwp%2Fv2%2Fcomments&post=18333"}],"version-history":[{"count":0,"href":"https:\/\/obscom.intervozes.org.br\/index.php?rest_route=\/wp\/v2\/posts\/18333\/revisions"}],"wp:attachment":[{"href":"https:\/\/obscom.intervozes.org.br\/index.php?rest_route=%2Fwp%2Fv2%2Fmedia&parent=18333"}],"wp:term":[{"taxonomy":"category","embeddable":true,"href":"https:\/\/obscom.intervozes.org.br\/index.php?rest_route=%2Fwp%2Fv2%2Fcategories&post=18333"},{"taxonomy":"post_tag","embeddable":true,"href":"https:\/\/obscom.intervozes.org.br\/index.php?rest_route=%2Fwp%2Fv2%2Ftags&post=18333"}],"curies":[{"name":"wp","href":"https:\/\/api.w.org\/{rel}","templated":true}]}}