{"id":18328,"date":"2007-05-08T08:45:34","date_gmt":"2007-05-08T08:45:34","guid":{"rendered":"https:\/\/obscom.intervozes.org.br\/wordpress\/?p=18328"},"modified":"2014-09-07T02:53:23","modified_gmt":"2014-09-07T02:53:24","slug":"markun-e-eleito-novo-presidente-da-fundacao-padre-anchieta","status":"publish","type":"post","link":"https:\/\/obscom.intervozes.org.br\/?p=18328","title":{"rendered":"Markun \u00e9 eleito novo presidente da Funda\u00e7\u00e3o Padre Anchieta"},"content":{"rendered":"<p><span>O jornalista Paulo Markun &eacute; o novo diretor-presidente da Funda&ccedil;&atilde;o Padre Anchieta, mantenedora da TV Cultura e das R&aacute;dios Cultura AM e FM. Na elei&ccedil;&atilde;o desta segunda (07) pela manh&atilde;, seu nome foi referendado por 38 dos 41 conselheiros da funda&ccedil;&atilde;o presentes ao pleito. Markun, que era candidato &uacute;nico ao cargo, assume no dia 14 de junho um mandato de tr&ecirc;s anos, substituindo Marcos Mendon&ccedil;a, que ocupava a presid&ecirc;ncia desde 2004. <\/span><span>&nbsp;<\/p>\n<p><\/span><span>Nascido em S&atilde;o Paulo, em 1952, e jornalista profissional desde 1971, Markun j&aacute; foi rep&oacute;rter, editor, comentarista, chefe de reportagem e diretor de reda&ccedil;&atilde;o em emissoras de televis&atilde;o, jornais e revistas. Diretor e apresentador do programa Roda Viva, transmitido pela TV Cultura &agrave;s segundas-feiras, &agrave;s 22h40, ele recriou na internet o Jornal de Debates. Preside ainda o Sindicato da Ind&uacute;stria Audiovisual do Estado de Santa Catarina e &eacute; autor de oito document&aacute;rios e doze livros.<br \/><\/span><span><br \/>O Conselho Curador da Funda&ccedil;&atilde;o Padre Anchieta deu posse tamb&eacute;m a cinco novos conselheiros. Eug&ecirc;nio Bucci, <\/span><span>Gustavo Ioschpe<\/span><span>, Luiz Gonzaga Beluzzo, Matinas Suzuki e Rubens Barbosa assumiram como membros eletivos nos lugares de F&aacute;bio Lucas, Margarida Cintra Gordinho, Carlos Alberto Pastore, Miguel Jorge e Regina Meyer. Milu Vilela e o pr&oacute;prio Marcos Mendon&ccedil;a foram reconduzidos a membros eletivos e seguem integrando o &oacute;rg&atilde;o.<\/span><span>&nbsp;<\/p>\n<p><\/span><span><strong>Elei&ccedil;&atilde;o quase an&ocirc;nima<\/strong><\/span><span>&nbsp;<\/p>\n<p><\/span><span>Desde que seu nome foi oficializado como candidato ao cargo, Markun n&atilde;o falou &agrave; imprensa. Marcaram este per&iacute;odo o sil&ecirc;ncio dele e do ent&atilde;o presidente Marcos Mendon&ccedil;a e a n&atilde;o disfar&ccedil;ada aprova&ccedil;&atilde;o do nome de Markun por parte do governo estadual de S&atilde;o Paulo. <\/span><span>&nbsp;<\/p>\n<p><\/span><span>O sil&ecirc;ncio privou a popula&ccedil;&atilde;o paulista e brasileira do debate. A elei&ccedil;&atilde;o para a dire&ccedil;&atilde;o da funda&ccedil;&atilde;o que administra o maior or&ccedil;amento de uma TV educativa do pa&iacute;s aconteceu de forma quase an&ocirc;nima, evidenciando os limites do car&aacute;ter p&uacute;blico da Funda&ccedil;&atilde;o (<a href=\"http:\/\/localhost\/intervozes_direitoacomunicacao\/wordpress\/?p=18279\"><strong>veja mat&eacute;ria sobre o tema publicada no Observat&oacute;rio da Comunica&ccedil;&atilde;o<\/strong><\/a>).&nbsp;&nbsp;<\/span><span>&nbsp;<br \/><\/span><\/p>\n<p style=\"margin: 0cm 0cm 0pt\" class=\"MsoNormal\"><span><br \/>Candidado, Markun divulgou apenas um <a href=\"http:\/\/localhost\/intervozes_direitoacomunicacao\/wordpress\/?p=18280\"><strong>documento com diretrizes para uma eventual gest&atilde;o<\/strong><\/a> . Entre os pontos estava um que, segundo a assessoria de imprensa da TV Cultura, foi enfatizado na reuni&atilde;o desta segunda pela maioria dos conselheiros: a necessidade da consolida&ccedil;&atilde;o da TV P&uacute;blica no Brasil. <br \/><\/span><\/p>\n<p style=\"margin: 0cm 0cm 0pt\" class=\"MsoNormal\">&nbsp;<\/p>\n<p><span><img loading=\"lazy\" decoding=\"async\" src=\"images\/stories\/politica_publicacoes\/c_invertido_pq.png\" alt=\"Active Image\" width=\"15\" height=\"15\" \/><\/span><\/p>\n","protected":false},"excerpt":{"rendered":"<p>O jornalista Paulo Markun \u00e9 o novo diretor-presidente da Funda\u00e7\u00e3o Padre Anchieta, mantenedora da TV Cultura e das R\u00e1dios Cultura AM e FM. Na elei\u00e7\u00e3o desta segunda (07) pela manh\u00e3, seu nome foi referendado por 38 dos 41 conselheiros da funda\u00e7\u00e3o presentes ao pleito.<\/p>\n","protected":false},"author":1,"featured_media":0,"comment_status":"open","ping_status":"open","sticky":false,"template":"","format":"standard","meta":{"footnotes":""},"categories":[40],"tags":[201],"_links":{"self":[{"href":"https:\/\/obscom.intervozes.org.br\/index.php?rest_route=\/wp\/v2\/posts\/18328"}],"collection":[{"href":"https:\/\/obscom.intervozes.org.br\/index.php?rest_route=\/wp\/v2\/posts"}],"about":[{"href":"https:\/\/obscom.intervozes.org.br\/index.php?rest_route=\/wp\/v2\/types\/post"}],"author":[{"embeddable":true,"href":"https:\/\/obscom.intervozes.org.br\/index.php?rest_route=\/wp\/v2\/users\/1"}],"replies":[{"embeddable":true,"href":"https:\/\/obscom.intervozes.org.br\/index.php?rest_route=%2Fwp%2Fv2%2Fcomments&post=18328"}],"version-history":[{"count":2,"href":"https:\/\/obscom.intervozes.org.br\/index.php?rest_route=\/wp\/v2\/posts\/18328\/revisions"}],"predecessor-version":[{"id":27736,"href":"https:\/\/obscom.intervozes.org.br\/index.php?rest_route=\/wp\/v2\/posts\/18328\/revisions\/27736"}],"wp:attachment":[{"href":"https:\/\/obscom.intervozes.org.br\/index.php?rest_route=%2Fwp%2Fv2%2Fmedia&parent=18328"}],"wp:term":[{"taxonomy":"category","embeddable":true,"href":"https:\/\/obscom.intervozes.org.br\/index.php?rest_route=%2Fwp%2Fv2%2Fcategories&post=18328"},{"taxonomy":"post_tag","embeddable":true,"href":"https:\/\/obscom.intervozes.org.br\/index.php?rest_route=%2Fwp%2Fv2%2Ftags&post=18328"}],"curies":[{"name":"wp","href":"https:\/\/api.w.org\/{rel}","templated":true}]}}