{"id":18327,"date":"2007-05-08T08:38:35","date_gmt":"2007-05-08T08:38:35","guid":{"rendered":"https:\/\/obscom.intervozes.org.br\/wordpress\/?p=18327"},"modified":"2007-05-08T08:38:35","modified_gmt":"2007-05-08T08:38:35","slug":"ministerio-da-justica-entra-com-recurso-no-stj","status":"publish","type":"post","link":"https:\/\/obscom.intervozes.org.br\/?p=18327","title":{"rendered":"Minist\u00e9rio da Justi\u00e7a entra com recurso no STJ"},"content":{"rendered":"<p><span>O Minist&eacute;rio da Justi&ccedil;a entrou com recurso no Superior Tribunal de Justi&ccedil;a (STJ) pedindo a volta da vincula&ccedil;&atilde;o entre faixa et&aacute;ria e hor&aacute;ria para a programa&ccedil;&atilde;o exibida pela TV aberta. O pedido de recurso foi feito pelo diretor de Justi&ccedil;a e Classifica&ccedil;&atilde;o do Minist&eacute;rio da Justi&ccedil;a, Jos&eacute; Eduardo Rom&atilde;o, com representantes da Advocacia Geral da Uni&atilde;o (AGU), nesta segunda-feira (7). <\/p>\n<p>O recurso &eacute; contra o mandado de seguran&ccedil;a concedido pelo STJ &agrave; Associa&ccedil;&atilde;o Brasileira de Emissoras de R&aacute;dio e Televis&atilde;o (Abert), que no m&ecirc;s passado suspendeu a vincula&ccedil;&atilde;o entre faixa et&aacute;ria e hor&aacute;ria para a exibi&ccedil;&atilde;o de programas na TV aberta. O destinat&aacute;rio do recurso foi o ministro do STJ Jo&atilde;o Ot&aacute;vio de Noronha.<\/span><span>&nbsp;<\/p>\n<p><\/span><span><strong>Hist&oacute;rico<\/strong><\/span><span>&nbsp;<\/p>\n<p><\/span><span>A determina&ccedil;&atilde;o de vincula&ccedil;&atilde;o entre faixa et&aacute;ria foi expressa na Portaria n&ordm; 796 de 2000, do Minist&eacute;rio da Justi&ccedil;a. <\/span>A regra foi refor&ccedil;ada na portaria n&ordm; 264, do m&ecirc;s de fevereiro, dispondo sobre a classifica&ccedil;&atilde;o indicativa da TV aberta e que entrar&aacute; em vigor no pr&oacute;ximo dia 13 de maio. <\/p>\n<p>Com o mandado de seguran&ccedil;a obtido no STJ, as emissoras abertas brasileiras asseguraram o direito de exibir programas em qualquer hor&aacute;rio.A vincula&ccedil;&atilde;o entre faixa et&aacute;ria e hor&aacute;ria estabelece que, entre 6h e 20h, s&oacute; podem ser exibidos programas classificados pelo Minist&eacute;rio da Justi&ccedil;a como livre para todos os p&uacute;blicos; a partir das 20h, programas inadequados para menores de 12 anos; depois das 21h, programas inadequados para menores de 14 anos; ap&oacute;s as 22h, programas inadequados para menores de 16 anos; e &agrave;s 23h, programas inadequados para menores de 18 anos. <\/p>\n<p>No recurso, o Minist&eacute;rio da Justi&ccedil;a diz que a vincula&ccedil;&atilde;o entre faixa et&aacute;ria e hor&aacute;ria &eacute; a &uacute;nica alternativa de prote&ccedil;&atilde;o &agrave; crian&ccedil;a e ao adolescente na aus&ecirc;ncia dos pais. &nbsp;<\/p>\n<p><strong>Supremo Tribunal Federal<\/strong>&nbsp; <\/p>\n<p>Ainda &eacute; esperada, tamb&eacute;m, a decis&atilde;o do Supremo Tribunal Federal sobre uma A&ccedil;&atilde;o Direta de Inconstitucionalidade (Adin) impetrada pela Ordem dos Advogados do Brasil (OAB) sobre a portaria n&ordm; 796.<\/p>\n<p>&nbsp;<\/p>\n<p>&nbsp;<img loading=\"lazy\" decoding=\"async\" src=\"images\/stories\/politica_publicacoes\/c_normal_pq.png\" alt=\"Active Image\" width=\"15\" height=\"15\" \/>&nbsp;publica&ccedil;&atilde;o autorizada pela editora.<\/p>\n","protected":false},"excerpt":{"rendered":"<p>O Minist\u00e9rio da Justi\u00e7a entrou com recurso no Superior Tribunal de Justi\u00e7a (STJ) pedindo a volta da vincula\u00e7\u00e3o entre faixa et\u00e1ria e hor\u00e1ria para a programa\u00e7\u00e3o exibida pela TV aberta.<\/p>\n","protected":false},"author":1,"featured_media":0,"comment_status":"open","ping_status":"open","sticky":false,"template":"","format":"standard","meta":{"footnotes":""},"categories":[40],"tags":[111],"_links":{"self":[{"href":"https:\/\/obscom.intervozes.org.br\/index.php?rest_route=\/wp\/v2\/posts\/18327"}],"collection":[{"href":"https:\/\/obscom.intervozes.org.br\/index.php?rest_route=\/wp\/v2\/posts"}],"about":[{"href":"https:\/\/obscom.intervozes.org.br\/index.php?rest_route=\/wp\/v2\/types\/post"}],"author":[{"embeddable":true,"href":"https:\/\/obscom.intervozes.org.br\/index.php?rest_route=\/wp\/v2\/users\/1"}],"replies":[{"embeddable":true,"href":"https:\/\/obscom.intervozes.org.br\/index.php?rest_route=%2Fwp%2Fv2%2Fcomments&post=18327"}],"version-history":[{"count":0,"href":"https:\/\/obscom.intervozes.org.br\/index.php?rest_route=\/wp\/v2\/posts\/18327\/revisions"}],"wp:attachment":[{"href":"https:\/\/obscom.intervozes.org.br\/index.php?rest_route=%2Fwp%2Fv2%2Fmedia&parent=18327"}],"wp:term":[{"taxonomy":"category","embeddable":true,"href":"https:\/\/obscom.intervozes.org.br\/index.php?rest_route=%2Fwp%2Fv2%2Fcategories&post=18327"},{"taxonomy":"post_tag","embeddable":true,"href":"https:\/\/obscom.intervozes.org.br\/index.php?rest_route=%2Fwp%2Fv2%2Ftags&post=18327"}],"curies":[{"name":"wp","href":"https:\/\/api.w.org\/{rel}","templated":true}]}}