{"id":18325,"date":"2007-05-07T14:59:21","date_gmt":"2007-05-07T14:59:21","guid":{"rendered":"https:\/\/obscom.intervozes.org.br\/wordpress\/?p=18325"},"modified":"2007-05-07T14:59:21","modified_gmt":"2007-05-07T14:59:21","slug":"cut-inclui-educomunicacao-em-seus-cursos-de-formacao","status":"publish","type":"post","link":"https:\/\/obscom.intervozes.org.br\/?p=18325","title":{"rendered":"CUT inclui Educomunica\u00e7\u00e3o em seus cursos de forma\u00e7\u00e3o"},"content":{"rendered":"<p>O Portal Mundo do Trabalho (<a href=\"http:\/\/www.cut.org.br\/\" target=\"_blank\">www.cut.org.br<\/a>) acaba de publicar o documento final da III CONFER&Ecirc;NCIA DA POL&Iacute;TICA NACIONAL DE FORMA&Ccedil;&Atilde;O DA CUT realizada no Pontal do Paran&aacute;, em dezembro de 2006. O texto informa que a educomunica&ccedil;&atilde;o passou a ser uma das pautas do programa de forma&ccedil;&atilde;o da CUT para os pr&oacute;ximos anos. Afirma o documento:<\/p>\n<p>A III Confer&ecirc;ncia reafirma a compreens&atilde;o que avan&ccedil;ar na luta pela democratiza&ccedil;&atilde;o dos meios de comunica&ccedil;&atilde;o em nosso pa&iacute;s &eacute; condi&ccedil;&atilde;o sine qua non para se ampliar as possibilidades de forma&ccedil;&atilde;o e informa&ccedil;&atilde;o da classe trabalhadora, assim como aprofundar o direito universal da liberdade de express&atilde;o no contexto atual da disputa da hegemonia na sociedade brasileira visando outro patamar de luta contra as elites conservadoras. Neste sentido, a rede nacional de Forma&ccedil;&atilde;o da CUT deve promover a continuidade dos debates sobre o conceito de educomunica&ccedil;&atilde;o, na perspectiva de incorporar esta abordagem em suas estrat&eacute;gias formativas.<\/p>\n<p><img loading=\"lazy\" decoding=\"async\" src=\"images\/stories\/politica_publicacoes\/c_invertido_pq.png\" alt=\"Active Image\" width=\"15\" height=\"15\" \/><\/p>\n","protected":false},"excerpt":{"rendered":"<p>O Portal Mundo do Trabalho (www.cut.org.br) acaba de publicar o documento final da III CONFER&Ecirc;NCIA DA POL&Iacute;TICA NACIONAL DE FORMA&Ccedil;&Atilde;O DA CUT realizada no Pontal do Paran&aacute;, em dezembro de 2006. O texto informa que a educomunica&ccedil;&atilde;o passou a ser uma das pautas do programa de forma&ccedil;&atilde;o da CUT para os pr&oacute;ximos anos. Afirma o &hellip; <a href=\"https:\/\/obscom.intervozes.org.br\/?p=18325\" class=\"more-link\">Continue lendo <span class=\"screen-reader-text\">CUT inclui Educomunica\u00e7\u00e3o em seus cursos de forma\u00e7\u00e3o<\/span> <span class=\"meta-nav\">&rarr;<\/span><\/a><\/p>\n","protected":false},"author":1,"featured_media":0,"comment_status":"open","ping_status":"open","sticky":false,"template":"","format":"standard","meta":{"footnotes":""},"categories":[40],"tags":[221],"_links":{"self":[{"href":"https:\/\/obscom.intervozes.org.br\/index.php?rest_route=\/wp\/v2\/posts\/18325"}],"collection":[{"href":"https:\/\/obscom.intervozes.org.br\/index.php?rest_route=\/wp\/v2\/posts"}],"about":[{"href":"https:\/\/obscom.intervozes.org.br\/index.php?rest_route=\/wp\/v2\/types\/post"}],"author":[{"embeddable":true,"href":"https:\/\/obscom.intervozes.org.br\/index.php?rest_route=\/wp\/v2\/users\/1"}],"replies":[{"embeddable":true,"href":"https:\/\/obscom.intervozes.org.br\/index.php?rest_route=%2Fwp%2Fv2%2Fcomments&post=18325"}],"version-history":[{"count":0,"href":"https:\/\/obscom.intervozes.org.br\/index.php?rest_route=\/wp\/v2\/posts\/18325\/revisions"}],"wp:attachment":[{"href":"https:\/\/obscom.intervozes.org.br\/index.php?rest_route=%2Fwp%2Fv2%2Fmedia&parent=18325"}],"wp:term":[{"taxonomy":"category","embeddable":true,"href":"https:\/\/obscom.intervozes.org.br\/index.php?rest_route=%2Fwp%2Fv2%2Fcategories&post=18325"},{"taxonomy":"post_tag","embeddable":true,"href":"https:\/\/obscom.intervozes.org.br\/index.php?rest_route=%2Fwp%2Fv2%2Ftags&post=18325"}],"curies":[{"name":"wp","href":"https:\/\/api.w.org\/{rel}","templated":true}]}}