{"id":18324,"date":"2007-05-07T14:56:38","date_gmt":"2007-05-07T14:56:38","guid":{"rendered":"https:\/\/obscom.intervozes.org.br\/wordpress\/?p=18324"},"modified":"2007-05-07T14:56:38","modified_gmt":"2007-05-07T14:56:38","slug":"organizacoes-voltadas-para-midia-e-educacao-colaboram-com-a-cep","status":"publish","type":"post","link":"https:\/\/obscom.intervozes.org.br\/?p=18324","title":{"rendered":"Organiza\u00e7\u00f5es voltadas para m\u00eddia e educa\u00e7\u00e3o colaboram com a CEP"},"content":{"rendered":"<p style=\"margin: 0cm 0cm 0pt\" class=\"MsoNormal\">O Canal Futura,&nbsp;a empresa Multirio, do Munic&iacute;pio do Rio de Janeiro e a ONG Midiativa, com sede em S&atilde;o Paulo, anunciaram, durante o V Simp&oacute;sio Brasileiro de Educomunica&ccedil;&atilde;o sua inten&ccedil;&atilde;o de oferecer apoio, com assist&ecirc;ncia metodol&oacute;gica e transfer&ecirc;ncia de materiais, para o rec&eacute;m criado Centro de Refer&ecirc;ncia em Educomunica&ccedil;&atilde;o para o Vale do Para&iacute;ba.<\/p>\n<p>&nbsp; <\/p>\n<p style=\"margin: 0cm 0cm 0pt\" class=\"MsoNormal\">O Centro de Refer&ecirc;ncia surgiu como conseq&uuml;&ecirc;ncia da decis&atilde;o da Presid&ecirc;ncia da FUNDHAS em aprofundar o trabalho educomunicativo no interior da institui&ccedil;&atilde;o que conta com mais de 350 profissionais, dando atendimento a mais de 7 mil estudantes, de 8 a 18 anos. Para tanto, sugeriu que o Centro continuasse a contar com o apoio do NCE\/USP, atrav&eacute;s de uma parceria a ser firmada com a Reitoria da Universidade de S&atilde;o Paulo.<\/p>\n<p>&nbsp; <\/p>\n<p style=\"margin: 0cm 0cm 0pt\" class=\"MsoNormal\">O apoio externo &agrave; iniciativa por parte da Diretora do Canal Futura, L&uacute;cia Ara&uacute;jo, assim como por parte de Regina de Assis, presidente da Multirio, de M&aacute;rcia Padilha representante da Midiativa no Simp&oacute;sio, deveu-se &agrave; coincid&ecirc;ncia de prop&oacute;sitos entre suas entidades e o novo Centro, vocacionado para n&atilde;o apenas refor&ccedil;ar a pr&aacute;tica educomunicativa no interior da institui&ccedil;&atilde;o, mas tamb&eacute;m de difundir tal pr&aacute;tica junto aos mais de 40 munic&iacute;pios do Vale do Para&iacute;ba paulista.<\/p>\n<p style=\"margin: 0cm 0cm 0pt\" class=\"MsoNormal\">Comprometeram-se, ainda, em colaborar com o novo Centro a Revisa Carta Capital Educa&ccedil;&atilde;o, atrav&eacute;s de seu editor, Ricardo Prado, a coordenadora do Projeto Bem Te Vi, a cineasta Ariane Porto, de S&atilde;o Paulo e a presidente do Programa Planetapontocom, Silvana Gontijo, do Rio de Janeiro, todos presentes ao Simp&oacute;sio Brasileiro de Educomunica&ccedil;&atilde;o.<\/p>\n<p><img loading=\"lazy\" decoding=\"async\" src=\"images\/stories\/politica_publicacoes\/c_invertido_pq.png\" alt=\"Active Image\" width=\"15\" height=\"15\" \/><\/p>\n","protected":false},"excerpt":{"rendered":"<p>O Canal Futura,&nbsp;a empresa Multirio, do Munic&iacute;pio do Rio de Janeiro e a ONG Midiativa, com sede em S&atilde;o Paulo, anunciaram, durante o V Simp&oacute;sio Brasileiro de Educomunica&ccedil;&atilde;o sua inten&ccedil;&atilde;o de oferecer apoio, com assist&ecirc;ncia metodol&oacute;gica e transfer&ecirc;ncia de materiais, para o rec&eacute;m criado Centro de Refer&ecirc;ncia em Educomunica&ccedil;&atilde;o para o Vale do Para&iacute;ba. &nbsp; &hellip; <a href=\"https:\/\/obscom.intervozes.org.br\/?p=18324\" class=\"more-link\">Continue lendo <span class=\"screen-reader-text\">Organiza\u00e7\u00f5es voltadas para m\u00eddia e educa\u00e7\u00e3o colaboram com a CEP<\/span> <span class=\"meta-nav\">&rarr;<\/span><\/a><\/p>\n","protected":false},"author":1,"featured_media":0,"comment_status":"open","ping_status":"open","sticky":false,"template":"","format":"standard","meta":{"footnotes":""},"categories":[40],"tags":[220],"_links":{"self":[{"href":"https:\/\/obscom.intervozes.org.br\/index.php?rest_route=\/wp\/v2\/posts\/18324"}],"collection":[{"href":"https:\/\/obscom.intervozes.org.br\/index.php?rest_route=\/wp\/v2\/posts"}],"about":[{"href":"https:\/\/obscom.intervozes.org.br\/index.php?rest_route=\/wp\/v2\/types\/post"}],"author":[{"embeddable":true,"href":"https:\/\/obscom.intervozes.org.br\/index.php?rest_route=\/wp\/v2\/users\/1"}],"replies":[{"embeddable":true,"href":"https:\/\/obscom.intervozes.org.br\/index.php?rest_route=%2Fwp%2Fv2%2Fcomments&post=18324"}],"version-history":[{"count":0,"href":"https:\/\/obscom.intervozes.org.br\/index.php?rest_route=\/wp\/v2\/posts\/18324\/revisions"}],"wp:attachment":[{"href":"https:\/\/obscom.intervozes.org.br\/index.php?rest_route=%2Fwp%2Fv2%2Fmedia&parent=18324"}],"wp:term":[{"taxonomy":"category","embeddable":true,"href":"https:\/\/obscom.intervozes.org.br\/index.php?rest_route=%2Fwp%2Fv2%2Fcategories&post=18324"},{"taxonomy":"post_tag","embeddable":true,"href":"https:\/\/obscom.intervozes.org.br\/index.php?rest_route=%2Fwp%2Fv2%2Ftags&post=18324"}],"curies":[{"name":"wp","href":"https:\/\/api.w.org\/{rel}","templated":true}]}}