{"id":18323,"date":"2007-05-07T13:27:17","date_gmt":"2007-05-07T13:27:17","guid":{"rendered":"https:\/\/obscom.intervozes.org.br\/wordpress\/?p=18323"},"modified":"2015-08-30T01:35:14","modified_gmt":"2015-08-30T01:35:14","slug":"financiamento-avanca-para-alem-da-renuncia-fiscal","status":"publish","type":"post","link":"https:\/\/obscom.intervozes.org.br\/?p=18323","title":{"rendered":"Financiamento avan\u00e7a para al\u00e9m da ren\u00fancia fiscal"},"content":{"rendered":"<p align=\"justify\">Depois do massacre sofrido na imprensa quando da proposta de cria&ccedil;&atilde;o da Ag&ecirc;ncia Nacional do Cinema e do Audiovisual (Ancinav) e da derrota na TV digital, o Minist&eacute;rio da Cultura parece ter adotado a estrat&eacute;gia de dar pequenos, mas significativos, passos. Assim tem sido, por exemplo, em rela&ccedil;&atilde;o ao modelo de financiamento do audiovisual, at&eacute; ent&atilde;o totalmente baseado na ren&uacute;ncia fiscal, onde empresas privadas decidem onde e como alocar parte do seu imposto devido. Esse modelo gerou in&uacute;meras distor&ccedil;&otilde;es como a op&ccedil;&atilde;o destas empresas em apoiarem quase exclusivamente filmes com divulga&ccedil;&atilde;o garantida na TV Globo e com presen&ccedil;a de atores famosos. Ao mesmo tempo, n&atilde;o havia financiamentos dispon&iacute;veis para a parte t&eacute;cnica (sonoriza&ccedil;&atilde;o, est&uacute;dios, efeitos, etc), a distribui&ccedil;&atilde;o e a exibi&ccedil;&atilde;o.<\/p>\n<p align=\"justify\">Aos poucos este modelo vem sendo alterado.<\/p>\n<p align=\"justify\">A primeira medida foi a democratiza&ccedil;&atilde;o dos editais das estatais, especialmente Petrobras e BNDES, que passaram a diversificar seus recursos, atrav&eacute;s da regionaliza&ccedil;&atilde;o e do apoio a outros formatos, al&eacute;m do longa-metragem de fic&ccedil;&atilde;o (curtas, document&aacute;rios, anima&ccedil;&otilde;es, etc).<\/p>\n<p align=\"justify\">O BNDES passou a contribuir com esta nova pol&iacute;tica tamb&eacute;m com a cria&ccedil;&atilde;o do Programa de Apoio a Cadeia Produtiva do Audiovisual &#8211; ProCult (leia o documento <a href=\"http:\/\/www.bndes.gov.br\/programas\/industriais\/procult.asp\">clicando aqui<\/a>), que visa financiar a produ&ccedil;&atilde;o, distribui&ccedil;&atilde;o, comercializa&ccedil;&atilde;o, exibi&ccedil;&atilde;o e os servi&ccedil;os de infra-estrutura. Ao contr&aacute;rio da ren&uacute;ncia fiscal, nesse caso n&atilde;o se trata de recursos a fundo perdido, mas havendo a necessidade do pagamento do empr&eacute;stimo (custo financeiro, remunera&ccedil;&atilde;o do BNDES e taxa de risco de cr&eacute;dito). O primeiro contrato do Procult j&aacute; foi assinado e visa a constru&ccedil;&atilde;o de um centro de produ&ccedil;&otilde;es pela empresa paulista Quanta.<\/p>\n<p align=\"justify\">Tamb&eacute;m a Ag&ecirc;ncia Nacional do Cinema (Ancine) dever&aacute; em pouco tempo divulgar uma Instru&ccedil;&atilde;o Normativa que prev&ecirc; recursos incentivados (atrav&eacute;s das leis 8.685\/93 e&nbsp;10.179\/01) para a abertura de salas de exibi&ccedil;&atilde;o em munic&iacute;pios com menos de 1 milh&atilde;o de habitantes e onde hajam poucas salas.<\/p>\n<p align=\"justify\">O pr&oacute;prio Minist&eacute;rio da Cultura (MinC) aparece atrav&eacute;s do DOCTV (leia o documento <a href=\"http:\/\/www.cultura.gov.br\/projetos_especiais\/doctv\">clicando aqui<\/a>), que j&aacute; realizou 74 concursos estaduais, produzindo 114 document&aacute;rios (com 3026 horas) exibidos nas emissoras p&uacute;blicas de televis&atilde;o.<\/p>\n<p align=\"justify\">Tamb&eacute;m a produ&ccedil;&atilde;o n&atilde;o comercial tem merecido aten&ccedil;&atilde;o.<\/p>\n<p align=\"justify\">Os Pontos de Cultura tornaram-se espa&ccedil;os de produ&ccedil;&atilde;o audiovisual de baixo custo, como nos casos retratados pela mostra &quot;V&iacute;deo de bolso&quot; (ver se&ccedil;&atilde;o Notas) e o projeto dos Pontos de Difus&atilde;o Digital (leia o documento <a href=\"http:\/\/www.cultura.gov.br\/apoio_a_projetos\/editais\/index.php?p=17170&amp;more=1&amp;c=1&amp;pb=1\">clicando aqui<\/a>) que, em seu primeiro edital, selecionou 100 entidades de diversos estados para receber equipamentos digitais de exibi&ccedil;&atilde;o e ter acesso aos acervos da Cinemateca Brasileira e do Centro T&eacute;cnico Audiovisual (CTAv). Em troca, esta entidades ter&atilde;o que disponibilizar salas de exibi&ccedil;&atilde;o para no m&iacute;nimo 80 pessoas, com pelo menos duas sess&otilde;es por semana e 60% de filmes nacionais. <\/p>\n<p align=\"justify\">Por fim, a Programadora Brasil (<a href=\"http:\/\/www.programadorabrasil.org.br\/\">www.programadorabrasil.org.br<\/a>) se prepara para atender aos circuitos de cine-clubes, de pontos de cultura, de pontos de difus&atilde;o digital e de escolas. O objetivo &eacute; conseguir que o conjunto da produ&ccedil;&atilde;o audiovisual brasileira forne&ccedil;a &quot;permiss&atilde;o de uso&quot; para finalidades n&atilde;o lucrativas, garantindo que este conte&uacute;do possa ser distribu&iacute;do pelo MinC para o circuito n&atilde;o comercial.<\/p>\n<p align=\"justify\">&nbsp;<\/p>\n<p align=\"justify\"><img loading=\"lazy\" decoding=\"async\" src=\"images\/stories\/politica_publicacoes\/c_invertido_pq.png\" alt=\"Sample Image\" width=\"15\" height=\"15\" \/><\/p>\n","protected":false},"excerpt":{"rendered":"<p>Depois do massacre sofrido na imprensa quando da proposta de cria\u00e7\u00e3o da Ag\u00eancia Nacional do Cinema e do Audiovisual (Ancinav) e da derrota na TV digital, o Minist\u00e9rio da Cultura parece ter adotado a estrat\u00e9gia de dar pequenos, mas significativos, passos.<\/p>\n","protected":false},"author":1,"featured_media":0,"comment_status":"open","ping_status":"open","sticky":false,"template":"","format":"standard","meta":{"footnotes":""},"categories":[33],"tags":[],"_links":{"self":[{"href":"https:\/\/obscom.intervozes.org.br\/index.php?rest_route=\/wp\/v2\/posts\/18323"}],"collection":[{"href":"https:\/\/obscom.intervozes.org.br\/index.php?rest_route=\/wp\/v2\/posts"}],"about":[{"href":"https:\/\/obscom.intervozes.org.br\/index.php?rest_route=\/wp\/v2\/types\/post"}],"author":[{"embeddable":true,"href":"https:\/\/obscom.intervozes.org.br\/index.php?rest_route=\/wp\/v2\/users\/1"}],"replies":[{"embeddable":true,"href":"https:\/\/obscom.intervozes.org.br\/index.php?rest_route=%2Fwp%2Fv2%2Fcomments&post=18323"}],"version-history":[{"count":1,"href":"https:\/\/obscom.intervozes.org.br\/index.php?rest_route=\/wp\/v2\/posts\/18323\/revisions"}],"predecessor-version":[{"id":29025,"href":"https:\/\/obscom.intervozes.org.br\/index.php?rest_route=\/wp\/v2\/posts\/18323\/revisions\/29025"}],"wp:attachment":[{"href":"https:\/\/obscom.intervozes.org.br\/index.php?rest_route=%2Fwp%2Fv2%2Fmedia&parent=18323"}],"wp:term":[{"taxonomy":"category","embeddable":true,"href":"https:\/\/obscom.intervozes.org.br\/index.php?rest_route=%2Fwp%2Fv2%2Fcategories&post=18323"},{"taxonomy":"post_tag","embeddable":true,"href":"https:\/\/obscom.intervozes.org.br\/index.php?rest_route=%2Fwp%2Fv2%2Ftags&post=18323"}],"curies":[{"name":"wp","href":"https:\/\/api.w.org\/{rel}","templated":true}]}}