{"id":18307,"date":"2007-05-07T10:21:49","date_gmt":"2007-05-07T10:21:49","guid":{"rendered":"https:\/\/obscom.intervozes.org.br\/wordpress\/?p=18307"},"modified":"2007-05-07T10:21:49","modified_gmt":"2007-05-07T10:21:49","slug":"a-nova-cara-da-radiobras","status":"publish","type":"post","link":"https:\/\/obscom.intervozes.org.br\/?p=18307","title":{"rendered":"A nova cara da Radiobr\u00e1s"},"content":{"rendered":"<p><a href=\"http:\/\/www.fndc.org.br\/internas.php?p=noticias&amp;cont_key=154043\"><strong>Publicada originalmente pelo e-forum. CLique aqui para ter acesso ao link original.<\/strong><\/a><\/p>\n<p><em>O jornalista Jos&eacute; Roberto Garcez, novo presidente da Radiobr&aacute;s, acredita que, passados quase 20 anos da luta por uma Constitui&ccedil;&atilde;o democr&aacute;tica, o pa&iacute;s possui &ldquo;maturidade&rdquo; para, atrav&eacute;s da sociedade, apropriar-se de um sistema de comunica&ccedil;&atilde;o p&uacute;blico e faz&ecirc;-lo o seu porta-voz. Em tempo de transi&ccedil;&atilde;o dos sistemas para a tecnologia digital, o dirigente assume a empresa respaldado por um per&iacute;odo de prepara&ccedil;&atilde;o estrutural, quando a Radiobr&aacute;s se atualizou tanto em m&aacute;quinas quanto em capital humano. Garcez foi entrevistado pelo e-F&oacute;rum.<\/p>\n<p><\/em><em>O jornalista Jos&eacute; Roberto Garcez assumiu no &uacute;ltimo dia 20 a presid&ecirc;ncia da Radiobr&aacute;s, da qual era diretor de Jornalismo. Ga&uacute;cho, 54 anos, iniciou sua carreira em 1974, quando entrou no curso de Jornalismo da Universidade Federal do Rio Grande do Sul (UFRGS) e logo come&ccedil;ou a trabalhar em um jornal da regi&atilde;o metropolitana de Porto Alegre. No final do primeiro semestre de faculdade, Garcez j&aacute; atuava num dos principais grupos de comunica&ccedil;&atilde;o do RS. Atuou em jornal, r&aacute;dio e TV. Foi dirigente do sindicato dos jornalistas ga&uacute;chos.<\/em><\/p>\n<p><em>Na prefeitura de Porto Alegre, na primeira gest&atilde;o de Tarso Genro como prefeito (entre 1993 e 1996), Garcez teve a primeira experi&ecirc;ncia com a comunica&ccedil;&atilde;o para o fortalecimento de um projeto pol&iacute;tico. Em seguida, foi secret&aacute;rio de Comunica&ccedil;&atilde;o no governo Raul Pont, na capital ga&uacute;cha, e em 1998 se tornou diretor da Funda&ccedil;&atilde;o Piratini (TVE RS). <\/em><\/p>\n<p><em>No cargo atual, Garcez tem o desafio de chefiar todo o sistema Radiobr&aacute;s &mdash; que compreende uma ag&ecirc;ncia de not&iacute;cias, uma r&aacute;dio-ag&ecirc;ncia, duas emissoras de televis&atilde;o e cinco emissoras de r&aacute;dio &mdash; fazendo com que esta empresa p&uacute;blica de comunica&ccedil;&atilde;o cumpra sua miss&atilde;o de &quot;universalizar o acesso &agrave; informa&ccedil;&atilde;o&quot;.<\/em><\/p>\n<p><strong>O que mudou na Radiobr&aacute;s, na &uacute;ltima gest&atilde;o, como o senhor a recebe?<br \/>Garcez <\/strong>&ndash; Acho que a principal mudan&ccedil;a nos quatro anos da gest&atilde;o em que o Eug&ecirc;nio Bucci foi presidente e eu fui diretor de jornalismo &eacute; o aprofundamento do car&aacute;ter p&uacute;blico da Radiobr&aacute;s. Nesse per&iacute;odo, n&oacute;s aprofundamos o servi&ccedil;o que a Radiobr&aacute;s oferece &agrave; popula&ccedil;&atilde;o brasileira como um servi&ccedil;o que atende um direito do cidad&atilde;o e n&atilde;o a uma necessidade do governo de expressar a sua vers&atilde;o dos fatos.<\/p>\n<p>A Radiobr&aacute;s passou a ser muito mais uma empresa voltada para atender o direito do cidad&atilde;o de ter uma informa&ccedil;&atilde;o sobre o governo, sobre o Estado, sobre as pol&iacute;ticas p&uacute;blicas que s&atilde;o aplicadas pelo governo. O nosso foco passou a ser o cidad&atilde;o e n&atilde;o o governante. Se tivesse que escolher uma mudan&ccedil;a fundamental, seria essa.<\/p>\n<p>N&oacute;s, hoje, produzimos muito mais do que produz&iacute;amos h&aacute; quatro anos, temos mais ve&iacute;culos, nos atualizamos nas quest&otilde;es tecnol&oacute;gicas, profissionalizamos cada vez mais o corpo de funcion&aacute;rios. Hoje temos mais funcion&aacute;rios concursados e menos funcion&aacute;rios contratados por regime de confian&ccedil;a. Todas as mudan&ccedil;as sempre buscaram que a Radiobr&aacute;s seja, cada vez mais, uma prestadora de servi&ccedil;o p&uacute;blico.<\/p>\n<p><strong>Quais as virtudes e limita&ccedil;&otilde;es na estrutura da Radiobr&aacute;s hoje? <br \/><\/strong>Garcez &ndash; Eu acho que a grande virtude da Radiobr&aacute;s hoje &eacute; que seu corpo funcional est&aacute; consciente da import&acirc;ncia do nosso trabalho. Nosso trabalho n&atilde;o &eacute; apenas veicular not&iacute;cias de interesse do governo, e sim prestar um servi&ccedil;o. Essa eu acho que &aacute; a grande virtude; &eacute; uma empresa madura na sua rela&ccedil;&atilde;o com a sociedade. <\/p>\n<p>As limita&ccedil;&otilde;es s&atilde;o de ordem mais material. &Eacute; um momento em que vivemos uma fase de transi&ccedil;&atilde;o para a tecnologia digital, &eacute; preciso ter recursos adequados para fazer a migra&ccedil;&atilde;o. Temos processos internos que ainda n&atilde;o est&atilde;o suficientemente abertos &agrave; sociedade, e n&oacute;s entendemos que a sociedade deve ter uma participa&ccedil;&atilde;o mais intensa no dia-a-dia da empresa. Eu diria que hoje a Radiobr&aacute;s est&aacute; preparada para a evolu&ccedil;&atilde;o que teremos a seguir na &aacute;rea da comunica&ccedil;&atilde;o p&uacute;blica do Brasil.<\/p>\n<p><strong>Qual sua compreens&atilde;o sobre comunica&ccedil;&atilde;o estatal e p&uacute;blica?<br \/><\/strong>Garcez &ndash; Se tivesse que escolher uma diferen&ccedil;a entre comunica&ccedil;&atilde;o p&uacute;blica e comunica&ccedil;&atilde;o estatal, seria onde est&aacute; o controle. Esse &eacute; um objetivo a atingir ainda. &ldquo;Onde est&aacute; o controle&rdquo; significa se o controle &eacute; da sociedade ou do estado; na comunica&ccedil;&atilde;o estatal, o controle &eacute; do estado e na comunica&ccedil;&atilde;o p&uacute;blica, o controle &eacute; da sociedade. N&oacute;s ainda temos que percorrer um caminho para que a gente consiga ter efetivamente ve&iacute;culos p&uacute;blicos sob o controle da sociedade.<\/p>\n<p>O que temos hoje, n&atilde;o apenas no governo federal, mas tamb&eacute;m em muitos estados, &eacute; a consci&ecirc;ncia de que o Estado existe para atender ao p&uacute;blico e, portanto, os ve&iacute;culos que ele opera devem estar voltados para esse interesse, para o interesse p&uacute;blico e n&atilde;o para o interesse do governante. Eu acho que n&oacute;s estamos percorrendo este caminho. <\/p>\n<p>Pela primeira vez, passados quase 20 anos da constru&ccedil;&atilde;o da Constitui&ccedil;&atilde;o, estamos atingindo alguma maturidade para que a sociedade realmente se aproprie de um sistema de comunica&ccedil;&atilde;o, que deve ser na verdade seu porta-voz. Mas os ve&iacute;culos de comunica&ccedil;&atilde;o estatal, na minha opini&atilde;o, s&atilde;o fundamentais dentro de um sistema de equil&iacute;brio entre a iniciativa privada, a sociedade e os governos.<\/p>\n<p><strong>Como a Radiobr&aacute;s vem se preparando para a digitaliza&ccedil;&atilde;o?<br \/><\/strong>Garcez &ndash; Esse &eacute; o desafio do momento, junto com esse processo de defini&ccedil;&atilde;o do que seria a comunica&ccedil;&atilde;o p&uacute;blica no Brasil, uma oportunidade para que ela realize plenamente a sua voca&ccedil;&atilde;o. A revolu&ccedil;&atilde;o tecnol&oacute;gica que estamos vivendo cria oportunidades para que nossos ve&iacute;culos ofere&ccedil;am possibilidades de acesso da popula&ccedil;&atilde;o &agrave; produ&ccedil;&atilde;o, a mais fontes de informa&ccedil;&atilde;o. Portanto, o car&aacute;ter que a comunica&ccedil;&atilde;o deve ter de pluralidade e de express&atilde;o da diversidade, vai se concretizar. &Eacute; nessa perspectiva que a Radiobr&aacute;s se coloca, de ser o agente que dar&aacute; maiores condi&ccedil;&otilde;es ao cidad&atilde;o de se expressar, de ter ve&iacute;culos e canais onde ele possa viver a sua realidade cotidiana.<\/p>\n<p><strong>Militantes ligados &agrave; radiodifus&atilde;o comunit&aacute;ria consideram que a Radiobr&aacute;s, no governo Lula, n&atilde;o abriu espa&ccedil;o para as radicom. Qual o relacionamento cab&iacute;vel com as comunit&aacute;rias, na estrutura legal e administrativa da empresa, e qual o relacionamento ideal?<br \/><\/strong>Garcez &ndash; Acho que a&iacute; tem uma pequena imprecis&atilde;o. A Radiobr&aacute;s n&atilde;o existe para definir uma pol&iacute;tica p&uacute;blica para a radiodifus&atilde;o comunit&aacute;ria. N&atilde;o &eacute; nosso papel, mas de outras estruturas do governo.<\/p>\n<p>Dentro do que nos cabe, de ter um relacionamento efetivo com os canais comunit&aacute;rios, por exemplo, temos conv&ecirc;nios com a Abccom (Associa&ccedil;&atilde;o Brasileira de Canais Comunit&aacute;rios) para troca de programa&ccedil;&atilde;o, temos tamb&eacute;m muito interc&acirc;mbio com r&aacute;dios comunit&aacute;rias, desde troca de conte&uacute;do at&eacute; forma&ccedil;&atilde;o e capacita&ccedil;&atilde;o de pessoal. <\/p>\n<p>A Radiobr&aacute;s tem um grande interesse e uma necessidade profunda, inclusive, de ter uma rela&ccedil;&atilde;o com a radiodifus&atilde;o comunit&aacute;ria, mas entendemos que n&oacute;s, de maneira alguma, devemos avan&ccedil;ar sobre a autonomia que a radiodifus&atilde;o comunit&aacute;ria deve ter. A Radcom no Brasil &eacute; um dos exemplos mais acabados do que deve ser uma comunica&ccedil;&atilde;o p&uacute;blica. O que a Radiobr&aacute;s tem que fazer &eacute; estabelecer la&ccedil;os para a troca de conte&uacute;do, de experi&ecirc;ncias, mas jamais absorver a radiodifus&atilde;o comunit&aacute;ria. A Racom deve continuar absolutamente aut&ocirc;noma em rela&ccedil;&atilde;o &agrave;s estruturas de governo.<\/p>\n<p><strong>Qual sua expectativa sobre o I F&oacute;rum de TVs P&uacute;blicas?<br \/><\/strong>Garcez &ndash; Em primeiro lugar, o F&oacute;rum j&aacute; &eacute; um grande sucesso s&oacute; pelo fato de n&oacute;s termos hoje uma plataforma comum das entidades ligadas ao assunto. Todas elas discutindo e apresentando ao governo suas propostas j&aacute; &eacute; um grande avan&ccedil;o, pois n&oacute;s n&atilde;o t&iacute;nhamos um ambiente &uacute;nico para discutir qual &eacute; o futuro da TV P&uacute;blica no Brasil. <\/p>\n<p>Na pr&oacute;xima semana, eu acho que n&oacute;s conseguiremos atingir um n&iacute;vel bastante profundo de consenso entre as v&aacute;rias &aacute;reas do p&uacute;blico, onde deveremos esquecer pequenas diverg&ecirc;ncias e buscar as grandes converg&ecirc;ncias.<\/p>\n<p>&nbsp;<\/p>\n<p><img loading=\"lazy\" decoding=\"async\" src=\"images\/stories\/politica_publicacoes\/c_invertido_pq.png\" alt=\"Active Image\" width=\"15\" height=\"15\" \/>&nbsp;autorizada a publica&ccedil;&atilde;o, desde que citada a fonte original.<\/p>\n","protected":false},"excerpt":{"rendered":"<p>&#8220;O pa\u00eds j\u00e1 tem maturidade para enfrentar o desafio da gest\u00e3o p\u00fablica na comunica\u00e7\u00e3o&#8221; <\/p>\n","protected":false},"author":1,"featured_media":0,"comment_status":"open","ping_status":"open","sticky":false,"template":"","format":"standard","meta":{"footnotes":""},"categories":[43],"tags":[78],"_links":{"self":[{"href":"https:\/\/obscom.intervozes.org.br\/index.php?rest_route=\/wp\/v2\/posts\/18307"}],"collection":[{"href":"https:\/\/obscom.intervozes.org.br\/index.php?rest_route=\/wp\/v2\/posts"}],"about":[{"href":"https:\/\/obscom.intervozes.org.br\/index.php?rest_route=\/wp\/v2\/types\/post"}],"author":[{"embeddable":true,"href":"https:\/\/obscom.intervozes.org.br\/index.php?rest_route=\/wp\/v2\/users\/1"}],"replies":[{"embeddable":true,"href":"https:\/\/obscom.intervozes.org.br\/index.php?rest_route=%2Fwp%2Fv2%2Fcomments&post=18307"}],"version-history":[{"count":0,"href":"https:\/\/obscom.intervozes.org.br\/index.php?rest_route=\/wp\/v2\/posts\/18307\/revisions"}],"wp:attachment":[{"href":"https:\/\/obscom.intervozes.org.br\/index.php?rest_route=%2Fwp%2Fv2%2Fmedia&parent=18307"}],"wp:term":[{"taxonomy":"category","embeddable":true,"href":"https:\/\/obscom.intervozes.org.br\/index.php?rest_route=%2Fwp%2Fv2%2Fcategories&post=18307"},{"taxonomy":"post_tag","embeddable":true,"href":"https:\/\/obscom.intervozes.org.br\/index.php?rest_route=%2Fwp%2Fv2%2Ftags&post=18307"}],"curies":[{"name":"wp","href":"https:\/\/api.w.org\/{rel}","templated":true}]}}