{"id":18306,"date":"2007-05-04T16:44:26","date_gmt":"2007-05-04T16:44:26","guid":{"rendered":"https:\/\/obscom.intervozes.org.br\/wordpress\/?p=18306"},"modified":"2016-06-01T17:55:24","modified_gmt":"2016-06-01T17:55:24","slug":"pf-prende-radialista-e-fecha-radio-que-aguarda-outorga-ha-cinco-anos","status":"publish","type":"post","link":"https:\/\/obscom.intervozes.org.br\/?p=18306","title":{"rendered":"PF prende radialista e fecha r\u00e1dio que aguarda outorga h\u00e1 cinco anos"},"content":{"rendered":"<p style=\"margin: 0cm 0cm 0pt\" class=\"MsoNormal\"><span>No&nbsp;dia 26 de abril de 2007,&nbsp;por volta das 9 horas, agentes da Pol&iacute;cia Federal em Pelotas fecharam a r&aacute;dio comunit&aacute;ria L&iacute;der FM e prenderam &ndash; algemado &ndash; o presidente da emissora, Elton Garcia. Os agentes da PF portavam um mandado de busca destinado a uma outra emissora (Associa&ccedil;&atilde;o Comunit&aacute;ria Fragatense) que funcionava antes no local. A r&aacute;dio estava operando quando a PF chegou.<\/span><\/p>\n<p><span>&nbsp;<\/span> <\/p>\n<p style=\"margin: 0cm 0cm 0pt\" class=\"MsoNormal\"><span>Segundo Elton, apesar de mostrar aos policiais a documenta&ccedil;&atilde;o da r&aacute;dio &ndash; que desde 2002 est&aacute; protocolada no Minist&eacute;rio das Comunica&ccedil;&otilde;es &ndash; n&atilde;o lhe foi dado o direito de sequer de defesa naquele momento. &ldquo;Foi uma arbitrariedade eles me algemarem. Eu nem mesmo resisti &agrave; pris&atilde;o&rdquo;, conta Elton, que precisou pagar 100 reais de fian&ccedil;a para ser liberado, na delegacia, ap&oacute;s prestar depoimento. O equipamento da r&aacute;dio ficou retido e o radialista responder&aacute; a processo por operar radiodifus&atilde;o sem homologa&ccedil;&atilde;o. <\/span><\/p>\n<p><span>&nbsp;<\/span><span>&nbsp;<\/span><span>A Associa&ccedil;&atilde;o Cultural e Assistencial R&aacute;dio Comunit&aacute;ria L&iacute;der FM, conforme declara Elton, cumpre todos os requisitos solicitados pelo Minicom e tem encaminhado um pedido de prote&ccedil;&atilde;o judicial que n&atilde;o foi julgado ainda. &ldquo;Nossa orienta&ccedil;&atilde;o &eacute; de que com o pedido de prote&ccedil;&atilde;o judicial, mesmo enquanto ele n&atilde;o fosse julgado &ndash; ou negado &ndash; nenhum juiz iria dar um pedido de busca e apreens&atilde;o para n&oacute;s&rdquo;. Elton Garcia foi indiciado criminalmente e diz que pretende mover uma a&ccedil;&atilde;o judicial contra o ato da PF.<\/span><span>&nbsp;<\/span><span><strong>Sobre a comunit&aacute;ria L&iacute;der FM<\/strong><\/span><span>&nbsp;<\/span><span>A Associa&ccedil;&atilde;o Cultural e Assistencial R&aacute;dio Comunit&aacute;ria L&iacute;der FM &eacute; ligada a movimentos sociais, associa&ccedil;&otilde;es de idosos, escolas de samba, associa&ccedil;&otilde;es de moradores. &ldquo;S&atilde;o 17, no total, as associa&ccedil;&otilde;es que fazem parte da comunit&aacute;ria, que utiliza os 25watts de pot&ecirc;ncia para operar no bairro Fragata, para uma popula&ccedil;&atilde;o de cerca de 100 mil habitantes&rdquo;, destaca Elton. No epis&oacute;dio ocorrido na &uacute;ltima quinta-feira, o radiodifusor conta que recebeu o apoio de pessoas da pr&oacute;pria PF, do vereador Paulo Oppa e da comunidade. &ldquo;A id&eacute;ia &eacute; resistir e voltar a atuar. A comunidade se reunir&aacute; nos pr&oacute;ximos dias para discutir procedimentos&rdquo;. <\/span><span>&nbsp;<\/span><span>Outras duas r&aacute;dios comunit&aacute;rias (Navegantes e JRKD) foram fechadas em Pelotas pela PF. Estas, portanto, segundo Elton, n&atilde;o tinham o protocolo legal do Minicom para apresentar. <\/span><\/p>\n","protected":false},"excerpt":{"rendered":"<p>No dia 26 de abril de 2007, agentes da Pol\u00edcia Federal em Pelotas fecharam a r\u00e1dio comunit\u00e1ria L\u00edder FM e prenderam \u2013 algemado \u2013 o presidente da emissora. Os agentes da PF portavam um mandado de busca destinado a uma outra emissora que funcionava no local.<\/p>\n","protected":false},"author":1,"featured_media":0,"comment_status":"open","ping_status":"open","sticky":false,"template":"","format":"standard","meta":{"footnotes":""},"categories":[40],"tags":[],"_links":{"self":[{"href":"https:\/\/obscom.intervozes.org.br\/index.php?rest_route=\/wp\/v2\/posts\/18306"}],"collection":[{"href":"https:\/\/obscom.intervozes.org.br\/index.php?rest_route=\/wp\/v2\/posts"}],"about":[{"href":"https:\/\/obscom.intervozes.org.br\/index.php?rest_route=\/wp\/v2\/types\/post"}],"author":[{"embeddable":true,"href":"https:\/\/obscom.intervozes.org.br\/index.php?rest_route=\/wp\/v2\/users\/1"}],"replies":[{"embeddable":true,"href":"https:\/\/obscom.intervozes.org.br\/index.php?rest_route=%2Fwp%2Fv2%2Fcomments&post=18306"}],"version-history":[{"count":1,"href":"https:\/\/obscom.intervozes.org.br\/index.php?rest_route=\/wp\/v2\/posts\/18306\/revisions"}],"predecessor-version":[{"id":29428,"href":"https:\/\/obscom.intervozes.org.br\/index.php?rest_route=\/wp\/v2\/posts\/18306\/revisions\/29428"}],"wp:attachment":[{"href":"https:\/\/obscom.intervozes.org.br\/index.php?rest_route=%2Fwp%2Fv2%2Fmedia&parent=18306"}],"wp:term":[{"taxonomy":"category","embeddable":true,"href":"https:\/\/obscom.intervozes.org.br\/index.php?rest_route=%2Fwp%2Fv2%2Fcategories&post=18306"},{"taxonomy":"post_tag","embeddable":true,"href":"https:\/\/obscom.intervozes.org.br\/index.php?rest_route=%2Fwp%2Fv2%2Ftags&post=18306"}],"curies":[{"name":"wp","href":"https:\/\/api.w.org\/{rel}","templated":true}]}}