{"id":18305,"date":"2007-05-04T16:30:29","date_gmt":"2007-05-04T16:30:29","guid":{"rendered":"https:\/\/obscom.intervozes.org.br\/wordpress\/?p=18305"},"modified":"2016-06-01T17:56:45","modified_gmt":"2016-06-01T17:56:45","slug":"abuso-de-poder-no-para","status":"publish","type":"post","link":"https:\/\/obscom.intervozes.org.br\/?p=18305","title":{"rendered":"Abuso de poder no Par\u00e1"},"content":{"rendered":"<p>No dia 25\/04, ap\u00f3s ser acusado de assassinar um assaltante, na manh\u00e3 do dia anterior,\u00a024, em frente ao col\u00e9gio Gr\u00e3o Par\u00e1, na capital paraense, o policial federal identificado pelas iniciais A.D.O., agrediu e deu voz de pris\u00e3o ao rep\u00f3rter cinematogr\u00e1fico Ed\u00edlson Matos, a rep\u00f3rter C\u00e9lia Pinho e ao motorista Marcelo Silva, da equipe da TV Record em Bel\u00e9m.<\/p>\n<p>Em Nota de Esclarecimento lan\u00e7ada no dia 26, o Sindicato dos Policiais Federais no Estado do Par\u00e1 saiu em defesa do agente federal. Argumentou que a equipe da TV Record entrou no gabinete do delegado que preside o inqu\u00e9rito sem autoriza\u00e7\u00e3o e foi convidada a se retirar. Os profissionais de imprensa teriam resistido em sair \u201cmesmo diante das argumenta\u00e7\u00f5es dos Delegados, de que por ser o trabalho policial fun\u00e7\u00e3o de risco, e que a imagem do policial teria que ser preservada\u201d.<\/p>\n<p>O presidente da FENAJ, S\u00e9rgio Murillo de Andrade, entrou em contato com o delegado geral da Pol\u00edcia Federal, Paulo Lacerda, para pedir esclarecimentos sobre o fato e solicitar provid\u00eancias. Lacerda garantiu que se houve excessos, a corregedoria da PF\u00a0iria apurar.<\/p>\n","protected":false},"excerpt":{"rendered":"<p>No dia 25\/04, ap\u00f3s ser acusado de assassinar um assaltante na capital paraense, o policial federal identificado pelas iniciais A.D.O., agrediu e deu voz de pris\u00e3o os rep\u00f3rteres Ed\u00edlson Matos e C\u00e9lia Pinho, e ao motorista Marcelo Silva, da TV Record de Bel\u00e9m.<\/p>\n","protected":false},"author":1,"featured_media":0,"comment_status":"open","ping_status":"open","sticky":false,"template":"","format":"standard","meta":{"footnotes":""},"categories":[40],"tags":[],"_links":{"self":[{"href":"https:\/\/obscom.intervozes.org.br\/index.php?rest_route=\/wp\/v2\/posts\/18305"}],"collection":[{"href":"https:\/\/obscom.intervozes.org.br\/index.php?rest_route=\/wp\/v2\/posts"}],"about":[{"href":"https:\/\/obscom.intervozes.org.br\/index.php?rest_route=\/wp\/v2\/types\/post"}],"author":[{"embeddable":true,"href":"https:\/\/obscom.intervozes.org.br\/index.php?rest_route=\/wp\/v2\/users\/1"}],"replies":[{"embeddable":true,"href":"https:\/\/obscom.intervozes.org.br\/index.php?rest_route=%2Fwp%2Fv2%2Fcomments&post=18305"}],"version-history":[{"count":1,"href":"https:\/\/obscom.intervozes.org.br\/index.php?rest_route=\/wp\/v2\/posts\/18305\/revisions"}],"predecessor-version":[{"id":29429,"href":"https:\/\/obscom.intervozes.org.br\/index.php?rest_route=\/wp\/v2\/posts\/18305\/revisions\/29429"}],"wp:attachment":[{"href":"https:\/\/obscom.intervozes.org.br\/index.php?rest_route=%2Fwp%2Fv2%2Fmedia&parent=18305"}],"wp:term":[{"taxonomy":"category","embeddable":true,"href":"https:\/\/obscom.intervozes.org.br\/index.php?rest_route=%2Fwp%2Fv2%2Fcategories&post=18305"},{"taxonomy":"post_tag","embeddable":true,"href":"https:\/\/obscom.intervozes.org.br\/index.php?rest_route=%2Fwp%2Fv2%2Ftags&post=18305"}],"curies":[{"name":"wp","href":"https:\/\/api.w.org\/{rel}","templated":true}]}}