{"id":18297,"date":"2007-05-04T10:21:16","date_gmt":"2007-05-04T10:21:16","guid":{"rendered":"https:\/\/obscom.intervozes.org.br\/wordpress\/?p=18297"},"modified":"2007-05-04T10:21:16","modified_gmt":"2007-05-04T10:21:16","slug":"relatorio-aponta-desafios-para-o-brasil","status":"publish","type":"post","link":"https:\/\/obscom.intervozes.org.br\/?p=18297","title":{"rendered":"Relat\u00f3rio aponta desafios para o Brasil"},"content":{"rendered":"<p><span>Foi lan&ccedil;ado, no &uacute;ltimo dia 24, o relat&oacute;rio sobre os resultados do Semin&aacute;rio Acesso &agrave; Informa&ccedil;&atilde;o como Instrumento de Mudan&ccedil;as Sociais. O evento, ocorrido em mar&ccedil;o, em S&atilde;o Paulo, marcou a funda&ccedil;&atilde;o no Brasil da organiza&ccedil;&atilde;o inglesa Article 19, que tem como eixo de atua&ccedil;&atilde;o a luta pelo direito &agrave; informa&ccedil;&atilde;o p&uacute;blica no pa&iacute;s. O encontro contou com a participa&ccedil;&atilde;o de 45 entidades envolvidas na defesa do direito &agrave; comunica&ccedil;&atilde;o.<\/span><span>&nbsp;<\/p>\n<p><\/span><span>O relat&oacute;rio descreve as discuss&otilde;es que ocorreram durante o semin&aacute;rio, fornecendo um diagn&oacute;stico da situa&ccedil;&atilde;o atual da liberdade de informa&ccedil;&atilde;o no pa&iacute;s e uma vis&atilde;o geral dos principais obst&aacute;culos &agrave; realiza&ccedil;&atilde;o do &lsquo;direito a saber&rsquo;. Os participantes identificaram in&uacute;meros desafios que precisam ser enfrentados para que tenhamos governos mais transparentes. Entre eles, est&atilde;o: o predom&iacute;nio de uma cultura do segredo na administra&ccedil;&atilde;o p&uacute;blica brasileira, a tend&ecirc;ncia de apropria&ccedil;&atilde;o pelos gestores p&uacute;blicos das informa&ccedil;&otilde;es p&uacute;blicas como se delas fossem propriet&aacute;rios, a falta de precis&atilde;o e integralidade das informa&ccedil;&otilde;es fornecidas, a descentraliza&ccedil;&atilde;o desnecess&aacute;ria das fontes de dados e a excessiva burocracia no funcionamento dos &oacute;rg&atilde;os p&uacute;blicos.<\/span><span>&nbsp;<br \/><\/span><span><br \/>Pela Lei de Responsabilidade Fiscal, os governos s&atilde;o obrigados a divulgar publicamente seus balancetes, mas geralmente isso se d&aacute; atrav&eacute;s da internet, ve&iacute;culo ainda restrito a poucos. Para Ros&aacute;rio de Pomp&eacute;ia, do Centro de Cultura Luiz Freire (PE) e do Coletivo Intervozes, h&aacute; limita&ccedil;&otilde;es na forma de divulga&ccedil;&atilde;o pela internet. &ldquo;Mesmo para quem tem acesso, n&atilde;o &eacute; f&aacute;cil encontrar informa&ccedil;&otilde;es claras. Seria necess&aacute;rio que as informa&ccedil;&otilde;es t&eacute;cnicas fossem &lsquo;traduzidas&rsquo; de maneira a serem compreendidas por um p&uacute;blico mais amplo&rdquo;, opina.<\/span><span>&nbsp;<\/p>\n<p><\/span><span>A Constitui&ccedil;&atilde;o Federal assegura o direito &agrave; informa&ccedil;&atilde;o para todos os cidad&atilde;os, mas a lei ainda carece da regulamenta&ccedil;&atilde;o necess&aacute;ria para tornar este direito efetivo. J&aacute; existe um projeto de lei sobre o assunto que espera vota&ccedil;&atilde;o no Congresso. Al&eacute;m disso, um projeto alternativo elaborado por um grupo interministerial encontra-se hoje nas m&atilde;os do presidente Luis In&aacute;cio Lula da Silva. Paula Martins, coordenadora do Article 19 no Brasil, se mostra otimista: &ldquo;O questionamento das pol&iacute;ticas governamentais de disposi&ccedil;&atilde;o das informa&ccedil;&otilde;es p&uacute;blicas &eacute; uma tend&ecirc;ncia mundial recente, e o Brasil tem tido iniciativas importantes neste sentido&rdquo;.<\/span><span>&nbsp;<\/p>\n<p><\/span><span>As iniciativas do semin&aacute;rio organizado pelo Article 19 somar&atilde;o seus esfor&ccedil;os &agrave;s atividades do F&oacute;rum Nacional de Acesso &agrave; Informa&ccedil;&atilde;o. Na &uacute;ltima reuni&atilde;o do F&oacute;rum, no final de mar&ccedil;o, foi lan&ccedil;ada a Frente Parlamentar pelo Acesso &agrave; Informa&ccedil;&atilde;o P&uacute;blica, que tem como coordenadores o senador Fernando Gabeira (PV-RJ) e o deputado federal Reginaldo Lopes (PT-MG). O objetivo da Frente &eacute; pressionar o Congresso por dentro para a aprova&ccedil;&atilde;o de uma lei sobre o tema. <\/span><span>&nbsp;<\/p>\n<p><\/span><span>Segundo Ros&aacute;rio de Pomp&eacute;ia, o acesso &agrave; informa&ccedil;&atilde;o &eacute; um dos pilares do direito &agrave; comunica&ccedil;&atilde;o e &eacute; atrav&eacute;s dele que as organiza&ccedil;&otilde;es da sociedade civil podem fazer mobiliza&ccedil;&otilde;es efetivas: &ldquo;Se n&atilde;o h&aacute; acesso ao or&ccedil;amento p&uacute;blico, n&atilde;o &eacute; poss&iacute;vel fazer uma an&aacute;lise adequada da conjuntura, tra&ccedil;ar estrat&eacute;gias e, portanto, construir mobiliza&ccedil;&atilde;o&rdquo;.&nbsp;Paula Martins complementa: &ldquo;existe uma pequena mobiliza&ccedil;&atilde;o de advogados, jornalistas e parlamentares, mas ainda &eacute; necess&aacute;rio envolver as organiza&ccedil;&otilde;es e democratizar a discuss&atilde;o&rdquo;. Este seria, para ela, o maior desafio em rela&ccedil;&atilde;o &agrave; pauta, al&eacute;m de, &eacute; claro, enfrentar a oposi&ccedil;&atilde;o velada dos governos.<\/span><\/p>\n<p><a href=\"content.php?option=com_docman&amp;task=cat_view&amp;gid=25\"><span>Para ter acesso ao Relat&oacute;rio clique aqui.<\/span><\/a>  <\/p>\n<p><span>&nbsp;<\/span><span>* Colaborou Mariana Pires.<\/span><\/p>\n<p><span>&nbsp;<img loading=\"lazy\" decoding=\"async\" src=\"images\/stories\/politica_publicacoes\/c_invertido_pq.png\" alt=\"Active Image\" width=\"15\" height=\"15\" \/><\/span><\/p>\n<p>&nbsp;<\/p>\n","protected":false},"excerpt":{"rendered":"<p>Lan\u00e7ado em abril pela Article 19, relat\u00f3rio aponta os desafios para a garantia do acesso \u00e0 informa\u00e7\u00e3o p\u00fablica em um pa\u00eds onde impera a falta de transpar\u00eancia, a cultura do segredo nas administra\u00e7\u00f5es e a tend\u00eancia \u00e0 apropria\u00e7\u00e3o das informa\u00e7\u00f5es pelos gestores p\u00fablicos.<\/p>\n","protected":false},"author":1,"featured_media":0,"comment_status":"open","ping_status":"open","sticky":false,"template":"","format":"standard","meta":{"footnotes":""},"categories":[40],"tags":[210],"_links":{"self":[{"href":"https:\/\/obscom.intervozes.org.br\/index.php?rest_route=\/wp\/v2\/posts\/18297"}],"collection":[{"href":"https:\/\/obscom.intervozes.org.br\/index.php?rest_route=\/wp\/v2\/posts"}],"about":[{"href":"https:\/\/obscom.intervozes.org.br\/index.php?rest_route=\/wp\/v2\/types\/post"}],"author":[{"embeddable":true,"href":"https:\/\/obscom.intervozes.org.br\/index.php?rest_route=\/wp\/v2\/users\/1"}],"replies":[{"embeddable":true,"href":"https:\/\/obscom.intervozes.org.br\/index.php?rest_route=%2Fwp%2Fv2%2Fcomments&post=18297"}],"version-history":[{"count":0,"href":"https:\/\/obscom.intervozes.org.br\/index.php?rest_route=\/wp\/v2\/posts\/18297\/revisions"}],"wp:attachment":[{"href":"https:\/\/obscom.intervozes.org.br\/index.php?rest_route=%2Fwp%2Fv2%2Fmedia&parent=18297"}],"wp:term":[{"taxonomy":"category","embeddable":true,"href":"https:\/\/obscom.intervozes.org.br\/index.php?rest_route=%2Fwp%2Fv2%2Fcategories&post=18297"},{"taxonomy":"post_tag","embeddable":true,"href":"https:\/\/obscom.intervozes.org.br\/index.php?rest_route=%2Fwp%2Fv2%2Ftags&post=18297"}],"curies":[{"name":"wp","href":"https:\/\/api.w.org\/{rel}","templated":true}]}}