{"id":18296,"date":"2007-05-03T20:34:18","date_gmt":"2007-05-03T20:34:18","guid":{"rendered":"https:\/\/obscom.intervozes.org.br\/wordpress\/?p=18296"},"modified":"2007-05-03T20:34:18","modified_gmt":"2007-05-03T20:34:18","slug":"projeto-leva-revista-viracao-aos-muros-das-escolas","status":"publish","type":"post","link":"https:\/\/obscom.intervozes.org.br\/?p=18296","title":{"rendered":"Projeto leva Revista Vira\u00e7\u00e3o aos muros das escolas"},"content":{"rendered":"<p>Fruto do Programa de A&ccedil;&atilde;o Cultural (PAC) da Secretaria Estadual de Cultura de S&atilde;o Paulo (SEC) o projeto Jornal Mural da Revista Vira&ccedil;&atilde;o finalizou na &uacute;ltima semana sua segunda etapa, quando a segunda turma de jovens e professores do projeto se formou. &ldquo;Com certeza tudo o que foi passado aqui ser&aacute; levado adiante. O curso foi descontra&iacute;do, por isso tenho certeza que aprendi muitas coisas&rdquo;, conta uma das alunas do grupo. Durante as oficinas, o desempenho de cada escola foi avaliado, levando-se em conta sempre a perspectiva da educa&ccedil;&atilde;o na comunica&ccedil;&atilde;o, o envolvimento e a coopera&ccedil;&atilde;o entre todos. <br \/>&nbsp;<br \/>Ap&oacute;s essa primeira fase de capacita&ccedil;&atilde;o, os jovens e professores dar&atilde;o prosseguimento ao trabalho dentro de suas pr&oacute;prias escolas, onde dever&atilde;o formar as equipes de comunica&ccedil;&atilde;o para implementar o Jornal Mural. Come&ccedil;a ent&atilde;o a segunda fase do Projeto, que inclui uma supervis&atilde;o realizada pela equipe da Vira&ccedil;&atilde;o. &ldquo;Vamos visitar as escolas durante o ano para dar assist&ecirc;ncia aos jovens estudantes e professores da equipe de comunica&ccedil;&atilde;o e ver como est&atilde;o saindo as edi&ccedil;&otilde;es do jornal mural&rdquo;, explica Carol Lemos, coordenadora do Projeto.<br \/>&nbsp;<br \/>Uma das professoras que participou do projeto, diz que &ldquo;as expectativas s&atilde;o as de que a Vira&ccedil;&atilde;o continue nos acompanhando e apoiando, pois essa caminhada ser&aacute; longa. Espero que na escola todos gostem e ap&oacute;iem, pois boa vontade n&atilde;o vai faltar para que tudo d&ecirc; certo. O pessoal parece empolgado, principalmente com a festa que est&aacute; sendo organizada para a apresenta&ccedil;&atilde;o do jornal a fim de conseguirmos mais parceiros&rdquo;. <br \/>&nbsp;<br \/>Cada equipe de comunica&ccedil;&atilde;o tamb&eacute;m ficar&aacute; respons&aacute;vel por enviar um relat&oacute;rio mensal sobre o andamento do jornal mural. Parte da produ&ccedil;&atilde;o desses jornais ser&aacute; publicada&nbsp; no site da Vira&ccedil;&atilde;o, e passar&aacute; a integrar tamb&eacute;m as edi&ccedil;&otilde;es da revista impressa, gerando outras formas de participa&ccedil;&atilde;o. Cada escola ainda receber&aacute; cinco edi&ccedil;&otilde;es da revista por m&ecirc;s que poder&atilde;o ser usadas dentro da sala de aula.<br \/>&nbsp;<br \/><strong>As primeiras turmas<br \/><\/strong>&nbsp;<br \/>&ldquo;Come&ccedil;amos discutindo as caracter&iacute;sticas do jornal mural, trocando experi&ecirc;ncias bem-sucedidas e mostrando a import&acirc;ncia da montagem de uma equipe de produ&ccedil;&atilde;o do jornal dentro de cada escola&rdquo;, explica Carol. <br \/>&nbsp;<br \/>O curso aprofundou alguns conceitos de reda&ccedil;&atilde;o para mostrar as diferen&ccedil;as entre um texto comum e um jornal&iacute;stico, por meio de oficinas de cr&ocirc;nicas, contos, artigos, poesia, t&eacute;cnicas b&aacute;sicas de entrevistas e de reportagens. Sempre com a proposta de incentivar o trabalho em grupo e a coopera&ccedil;&atilde;o entre os jovens e adolescentes, proporcionando um &#39;olhar&#39; diferenciado para si mesmo, os outros, a cidade, o mundo, a hist&oacute;ria, al&eacute;m de promover o desenvolvimento da pr&oacute;pria personalidade individual atrav&eacute;s da constru&ccedil;&atilde;o de textos. <br \/>&nbsp;<br \/>A oficina de criatividade tamb&eacute;m fez parte da programa&ccedil;&atilde;o. Com atividades e din&acirc;micas, os jovens e professores buscaram uma forma para expressar seus sonhos e sentimentos, liberando talentos escondidos e, acima de tudo, recuperando o respeito por si, pelos outros e pelo coletivo. <br \/>&nbsp;<br \/>Tamb&eacute;m s&atilde;o trabalhadas no&ccedil;&otilde;es de est&eacute;tica, beleza e preserva&ccedil;&atilde;o dos espa&ccedil;os p&uacute;blicos, com conceitos de grafitagem e desenho, como resist&ecirc;ncia e express&atilde;o da nossa cultura. Estas oficinas s&atilde;o oferecidas por Vitor Massao, designer e arte-educador e Adriana Bergamaschi, designer da Vira&ccedil;&atilde;o. <br \/>&nbsp;<br \/>Comparando os diversos canais de comunica&ccedil;&atilde;o como a TV, o r&aacute;dio, o jornal impresso, as revistas e a internet, o curso procura mostrar como &eacute; estruturada a not&iacute;cia, desenvolvendo uma consci&ecirc;ncia mais cr&iacute;tica sobre a m&iacute;dia em geral e uma vis&atilde;o mais realista da sociedade, de seu bairro e de seu cotidiano. Os respons&aacute;veis por essa oficina s&atilde;o os jornalistas do Intervozes &ndash; Coletivo Brasil de Comunica&ccedil;&atilde;o Social. <br \/>&nbsp;<br \/><strong>Continuidade<\/strong> <br \/>&nbsp;<br \/>O Projeto pretende, at&eacute; o final do ano de 2007, capacitar 200 alunos e 100 professores da rede estadual de ensino. A escolha por esse tipo de comunica&ccedil;&atilde;o n&atilde;o &eacute; por acaso. Para Paulo Lima, coordenador do Projeto e diretor da Revista Vira&ccedil;&atilde;o &ldquo;o jornal mural &eacute; um ve&iacute;culo acess&iacute;vel a todas as faixas de renda. Ele possibilita que o p&uacute;blico jovem discuta e reflita sobre os temas que lhe s&atilde;o importantes, que fazem parte de sua realidade, e sobre os quais tem car&ecirc;ncia de informa&ccedil;&atilde;o e esclarecimento adequado&rdquo;. <br \/>&nbsp;<br \/>Com a finaliza&ccedil;&atilde;o desse segundo grupo, uma nova turma ir&aacute; se iniciar em maio, e conta com mais 10 escolas das Diretorias Regionais de Ensino Norte 1, Norte 2, Leste 3 e Sul 1, da cidade de S&atilde;o Paulo.<\/p>\n<p>* Com informa&ccedil;&otilde;es da Revista Vira&ccedil;&atilde;o (<a href=\"http:\/\/www.revistaviracao.com.br\/\">www.revistaviracao.com.br<\/a>)<\/p>\n<p>&nbsp;<img loading=\"lazy\" decoding=\"async\" src=\"images\/stories\/politica_publicacoes\/c_invertido_pq.png\" alt=\"Active Image\" width=\"15\" height=\"15\" \/><\/p>\n<p>&nbsp;<\/p>\n","protected":false},"excerpt":{"rendered":"<p>Fruto do Programa de A\u00e7\u00e3o Cultural (PAC) da Secretaria Estadual de Cultura de S\u00e3o Paulo (SEC) o projeto Jornal Mural da Revista Vira\u00e7\u00e3o finalizou na \u00faltima semana sua segunda etapa, quando a segunda turma de jovens e professores do projeto se formou. <\/p>\n","protected":false},"author":1,"featured_media":0,"comment_status":"open","ping_status":"open","sticky":false,"template":"","format":"standard","meta":{"footnotes":""},"categories":[40],"tags":[209],"_links":{"self":[{"href":"https:\/\/obscom.intervozes.org.br\/index.php?rest_route=\/wp\/v2\/posts\/18296"}],"collection":[{"href":"https:\/\/obscom.intervozes.org.br\/index.php?rest_route=\/wp\/v2\/posts"}],"about":[{"href":"https:\/\/obscom.intervozes.org.br\/index.php?rest_route=\/wp\/v2\/types\/post"}],"author":[{"embeddable":true,"href":"https:\/\/obscom.intervozes.org.br\/index.php?rest_route=\/wp\/v2\/users\/1"}],"replies":[{"embeddable":true,"href":"https:\/\/obscom.intervozes.org.br\/index.php?rest_route=%2Fwp%2Fv2%2Fcomments&post=18296"}],"version-history":[{"count":0,"href":"https:\/\/obscom.intervozes.org.br\/index.php?rest_route=\/wp\/v2\/posts\/18296\/revisions"}],"wp:attachment":[{"href":"https:\/\/obscom.intervozes.org.br\/index.php?rest_route=%2Fwp%2Fv2%2Fmedia&parent=18296"}],"wp:term":[{"taxonomy":"category","embeddable":true,"href":"https:\/\/obscom.intervozes.org.br\/index.php?rest_route=%2Fwp%2Fv2%2Fcategories&post=18296"},{"taxonomy":"post_tag","embeddable":true,"href":"https:\/\/obscom.intervozes.org.br\/index.php?rest_route=%2Fwp%2Fv2%2Ftags&post=18296"}],"curies":[{"name":"wp","href":"https:\/\/api.w.org\/{rel}","templated":true}]}}