{"id":18294,"date":"2007-05-03T18:22:51","date_gmt":"2007-05-03T18:22:51","guid":{"rendered":"https:\/\/obscom.intervozes.org.br\/wordpress\/?p=18294"},"modified":"2007-05-03T18:22:51","modified_gmt":"2007-05-03T18:22:51","slug":"minc-tv-brasil-e-ponto-de-cultura-de-sp-lancam-video-de-bolso","status":"publish","type":"post","link":"https:\/\/obscom.intervozes.org.br\/?p=18294","title":{"rendered":"Minc, TV Brasil e Ponto de Cultura de SP lan\u00e7am &#8220;V\u00eddeo de Bolso&#8221;"},"content":{"rendered":"<p><span>O Ponto de Cultura Vila Buarque, de S&atilde;o Paulo (SP), a TV Brasil &ndash; Canal Integraci&oacute;n e o Minist&eacute;rio da Cultura (MinC) realizam, com a presen&ccedil;a do secret&aacute;rio de Programas e Projetos Culturais do MinC, C&eacute;lio Turino e o Secret&aacute;rio de Pol&iacute;ticas Culturais do MinC, Alfredo Manevy, o lan&ccedil;amento do primeiro pacote de &ldquo;v&iacute;deos de bolso&rdquo;. O evento ser&aacute; realizado em Bras&iacute;lia (DF), no dia 3 de maio, &agrave;s 19h, no Espa&ccedil;o Cultural Renato Russo (W3 Sul, quadra 508), e em S&atilde;o Paulo (SP), no dia 4 de maio, &agrave;s 19h, no audit&oacute;rio da A&ccedil;&atilde;o Educativa (Rua General Jardim, N&ordm; 660, Vila Buarque).<\/span><span>&nbsp;<\/p>\n<p><\/span><span>Nas oficinas do projeto &quot;V&iacute;deo de bolso&quot; s&atilde;o produzidos filmes feitos a partir de m&aacute;quinas fotogr&aacute;ficas digitais, celulares e afins. Promovido pelo Ponto de Cultura Vila Buarque, os trabalhos produzidos nessa a&ccedil;&atilde;o ser&atilde;o veiculados pela TV Brasil &#8211; Canal Integraci&oacute;n, nos intervalos da programa&ccedil;&atilde;o da emissora. Durante o evento de lan&ccedil;amento ser&atilde;o exibidas algumas dessas produ&ccedil;&otilde;es. <\/span><span>&nbsp;<\/p>\n<p><\/span><span>A iniciativa tem o objetivo de estimular e disseminar as t&eacute;cnicas de produ&ccedil;&atilde;o de conte&uacute;do audiovisual de baixo custo. &quot;A partir dessas oficinas buscamos aumentar a produ&ccedil;&atilde;o desses v&iacute;deos. O objetivo do lan&ccedil;amento do primeiro pacote de trabalhos &eacute; dar visibilidade e integrar quem est&aacute; fazendo esse tipo de filme&quot;, explica Carlos Seabra, coordenador do Ponto de Cultura Vila Buarque e diretor de projetos do Instituto de Pesquisas e Projetos Sociais e Tecnol&oacute;gicos (IPSO).<\/span><span>&nbsp;<\/p>\n<p><\/span><span>Durante as oficinas realizadas pelo Ponto de Cultura Vila Buarque foram produzidas cerca de 40 v&iacute;deos de bolso, por meio das parcerias com a TV Brasil &ndash; Canal Integraci&oacute;n, viabilizados e estimulados pelo Programa Cultura Viva. De acordo com Seabra, &eacute; importante divulgar e incentivar esse novo formato de v&iacute;deo. &quot;&Eacute; muito importante levar esse trabalho tamb&eacute;m para fora do Ponto. Esse novo conceito dos &quot;v&iacute;deos de bolso&quot; favorece o debate sobre a TV p&uacute;blica. &Eacute; importante estimular a produ&ccedil;&atilde;o de v&iacute;deos e, principalmente, veicular esses trabalhos na TV p&uacute;blica&quot;, destaca Seabra. <\/span><span>&nbsp;<\/p>\n<p><\/span><span><strong>V&iacute;deo de bolso<\/strong><\/span><span>&nbsp;<\/p>\n<p><\/span><span>O projeto &quot;V&iacute;deo de bolso&quot; nasceu das oficinas realizadas no Ponto de Cultura Vila Buarque. De l&aacute;, elas tamb&eacute;m passaram pelo Memorial da Am&eacute;rica Latina, em S&atilde;o Paulo, na Prefeitura de Santo Andr&eacute; (SP) e uma a&ccedil;&atilde;o de capacita&ccedil;&atilde;o de monitores de telecentros junto ao Governo do Acre tamb&eacute;m foi realizada com iniciativa do Ponto.<\/span><span>&nbsp;<\/p>\n<p><\/span><span>As oficinas de &quot;V&iacute;deo de bolso&quot; foram idealizadas a partir da constata&ccedil;&atilde;o de que existe uma tecnologia de capta&ccedil;&atilde;o de imagens de baixo custo, como filmadoras caseiras, m&aacute;quinas fotogr&aacute;ficas digitais, celulares, scaneamento de imagens e download e mixagem de material na internet. Essas ferramentas favorecem a democratiza&ccedil;&atilde;o da produ&ccedil;&atilde;o e dissemina&ccedil;&atilde;o de conte&uacute;dos audiovisuais. A<\/span><span>s oficinas de &ldquo;V&iacute;deo de bolso&rdquo; estimulam a produ&ccedil;&atilde;o de conte&uacute;dos em um formato pequeno, que n&atilde;o deve exceder 5Mb, e ter, no m&aacute;ximo, 60 segundos de dura&ccedil;&atilde;o.<\/span><span>&nbsp;<\/p>\n<p><\/span><span>O material &eacute; editado no computador e publicado em v&iacute;deologs, You Tube e sites semelhantes, al&eacute;m de terem formato para envio por e-mail e por mensagens MMS de celular ou, ainda, bluetooth ou infravermelho entre celulares ou PDAs (compartilhamento por softwares peer-to-peer). Esses v&iacute;deos podem ter o formato de microdocument&aacute;rios, microfic&ccedil;&otilde;es, v&iacute;deoarte, anima&ccedil;&otilde;es, remixagens de trechos de filmes e outros materiais, abordando diversos conte&uacute;dos. &quot;A nossa id&eacute;ia &eacute; trabalhar com v&aacute;rias tem&aacute;ticas, explorar todas as possibilidades&quot;, diz Seabra.<\/span><span>&nbsp;<\/p>\n<p><\/span><span>Os interessados em participar da oficina &quot;V&iacute;deo de bolso&quot; dever&atilde;o ter algum dispositivo m&oacute;vel, como: celulares, smartphones ou PDAs (equipados com c&acirc;mera fotogr&aacute;fica e\/ou capta&ccedil;&atilde;o de &aacute;udio\/v&iacute;deo) ou c&acirc;mera fotogr&aacute;fica digital. Para todos aqueles que residem, trabalham ou estudam em Vila Buarque s&atilde;o concedidas bolsas integrais. Para as ONGs e entidades que queiram enviar representantes, tamb&eacute;m h&aacute; bolsas. Para os demais, ser&aacute; cobrada uma taxa de R$350,00. Mais informa&ccedil;&otilde;es no site ou pelo telefone (11) 3231-2972.<\/span><span>&nbsp;<br \/><\/span><span><strong><br \/>Ponto de Cultura Vila Buarque<\/strong><\/span><span>&nbsp;<br \/><\/span><span><br \/>O Ponto de Cultura Vila Buarque, localizado em um dos bairros mais representativos de S&atilde;o Paulo, o Vila Buarque, desenvolve projetos com atividades culturais e sociais nas &aacute;reas de r&aacute;dio, v&iacute;deo, cinema e internet. Atualmente, o Ponto desenvolve tr&ecirc;s propostas: Cineclube, Webr&aacute;dio e Software Cultural Digital. O Ponto promove cursos, oficinas e debates. Trata-se de um projeto de cultura digital que tem como proposta promover atividades culturais e sociais, com o objetivo de integrar os moradores e freq&uuml;entadores da Vila Buarque, regi&atilde;o central da cidade de S&atilde;o Paulo.<\/span><\/p>\n<p><span>&nbsp;<img loading=\"lazy\" decoding=\"async\" src=\"images\/stories\/politica_publicacoes\/c_invertido_pq.png\" alt=\"Active Image\" width=\"15\" height=\"15\" \/><\/span><\/p>\n<p>&nbsp;<\/p>\n","protected":false},"excerpt":{"rendered":"<p>O Ponto de Cultura Vila Buarque, de S\u00e3o Paulo (SP), a TV Brasil \u2013 Canal Integraci\u00f3n e o Minist\u00e9rio da Cultura (MinC) realizam o lan\u00e7amento do primeiro pacote de \u201cv\u00eddeos de bolso\u201d. Eventos acontecem em Bras\u00edlia no dia 3 de maio e em S\u00e3o Paulo no dia 4.<\/p>\n","protected":false},"author":1,"featured_media":0,"comment_status":"open","ping_status":"open","sticky":false,"template":"","format":"standard","meta":{"footnotes":""},"categories":[40],"tags":[208],"_links":{"self":[{"href":"https:\/\/obscom.intervozes.org.br\/index.php?rest_route=\/wp\/v2\/posts\/18294"}],"collection":[{"href":"https:\/\/obscom.intervozes.org.br\/index.php?rest_route=\/wp\/v2\/posts"}],"about":[{"href":"https:\/\/obscom.intervozes.org.br\/index.php?rest_route=\/wp\/v2\/types\/post"}],"author":[{"embeddable":true,"href":"https:\/\/obscom.intervozes.org.br\/index.php?rest_route=\/wp\/v2\/users\/1"}],"replies":[{"embeddable":true,"href":"https:\/\/obscom.intervozes.org.br\/index.php?rest_route=%2Fwp%2Fv2%2Fcomments&post=18294"}],"version-history":[{"count":0,"href":"https:\/\/obscom.intervozes.org.br\/index.php?rest_route=\/wp\/v2\/posts\/18294\/revisions"}],"wp:attachment":[{"href":"https:\/\/obscom.intervozes.org.br\/index.php?rest_route=%2Fwp%2Fv2%2Fmedia&parent=18294"}],"wp:term":[{"taxonomy":"category","embeddable":true,"href":"https:\/\/obscom.intervozes.org.br\/index.php?rest_route=%2Fwp%2Fv2%2Fcategories&post=18294"},{"taxonomy":"post_tag","embeddable":true,"href":"https:\/\/obscom.intervozes.org.br\/index.php?rest_route=%2Fwp%2Fv2%2Ftags&post=18294"}],"curies":[{"name":"wp","href":"https:\/\/api.w.org\/{rel}","templated":true}]}}