{"id":18292,"date":"2007-05-03T15:14:07","date_gmt":"2007-05-03T15:14:07","guid":{"rendered":"https:\/\/obscom.intervozes.org.br\/wordpress\/?p=18292"},"modified":"2007-05-03T15:14:07","modified_gmt":"2007-05-03T15:14:07","slug":"pf-fecha-radio-e-prende-radialista-enquanto-pedido-de-outorga-aguarda-cinco-anos","status":"publish","type":"post","link":"https:\/\/obscom.intervozes.org.br\/?p=18292","title":{"rendered":"PF fecha r\u00e1dio e prende radialista, enquanto pedido de outorga aguarda cinco anos"},"content":{"rendered":"<p><em>Como acontece diariamente, em todo o pa&iacute;s, r&aacute;dios comunit&aacute;rias sem licen&ccedil;a para transmitir foram fechadas durante a &uacute;ltima semana, e tiveram seus equipamentos apreendidos. As not&iacute;cias sobre fechamento e pris&atilde;o relacionadas a emissoras de baixa pot&ecirc;ncia que atuam sem autoriza&ccedil;&atilde;o s&atilde;o freq&uuml;entes. Nelas, s&atilde;o divulgadas a situa&ccedil;&atilde;o dessas emissoras &ndash; geralmente batizadas como &quot;piratas&quot; &ndash; a a&ccedil;&atilde;o policial, as raz&otilde;es da Anatel e o despacho do juiz, mas nada sobre as dificuldades acerca da regulariza&ccedil;&atilde;o que essas r&aacute;dios enfrentam, apesar da Lei 9.612\/97 (que institui o Servi&ccedil;o de Radiodifus&atilde;o Comunit&aacute;ria).<\/em><\/p>\n<p>Embora inscrita h&aacute; cinco anos no Minist&eacute;rio das Comunica&ccedil;&otilde;es com pedido de outorga, a r&aacute;dio comunit&aacute;ria L&iacute;der FM, de Pelotas (RS), que possui todos os documentos exigidos por lei encaminhados, ainda n&atilde;o conseguiu autoriza&ccedil;&atilde;o para funcionar, e por isso opera apoiada no protocolo de entrada dos documentos no Minicom. <\/p>\n<p>Na &uacute;ltima quinta-feira, 26, por volta das 9 horas, agentes da Pol&iacute;cia Federal em Pelotas fecharam a r&aacute;dio comunit&aacute;ria L&iacute;der FM e prenderam &ndash; algemado &ndash; o presidente da emissora, Elton Garcia. Os agentes da PF portavam um mandado de busca destinado a uma outra emissora (Associa&ccedil;&atilde;o Comunit&aacute;ria Fragatense) que funcionava antes no local. A r&aacute;dio estava operando quando a PF chegou. &ldquo;Eles n&atilde;o me deixaram chamar o advogado&rdquo;. <\/p>\n<p>Segundo Elton, apesar de mostrar aos policiais a documenta&ccedil;&atilde;o da r&aacute;dio &ndash; que desde 2002 est&aacute; protocolada no Minist&eacute;rio das Comunica&ccedil;&otilde;es &ndash; n&atilde;o lhe foi dado o direito de sequer de defesa naquele momento. &ldquo;Foi uma arbitrariedade eles me algemarem. Eu nem mesmo resisti &agrave; pris&atilde;o&rdquo;, conta Elton, que precisou pagar 100 reais de fian&ccedil;a para ser liberado, na delegacia, ap&oacute;s prestar depoimento. O equipamento da r&aacute;dio ficou retido e o radialista responder&aacute; a processo por operar radiodifus&atilde;o sem homologa&ccedil;&atilde;o. O caso que aconteceu em Pelotas n&atilde;o &eacute; diferente dos epis&oacute;dios noticiados semanalmente, mas serve para refor&ccedil;ar a emerg&ecirc;ncia de solucionar a quest&atilde;o da radiodifus&atilde;o comunit&aacute;ria no Brasil, cuja Lei Federal &eacute; considerada ineficiente, pelo setor, e os processos extremamente demorados. <\/p>\n<p><strong>O que diz a PF<\/strong> <\/p>\n<p>Na Delegacia da Pol&iacute;cia Federal, em Pelotas, o delegado respons&aacute;vel pelo inqu&eacute;rito n&atilde;o foi localizado para dar informa&ccedil;&otilde;es sobre a a&ccedil;&atilde;o. Outro delegado da PF local, Eduardo Tavares, informou, por&eacute;m, que na posse de um mandado de busca para determinado endere&ccedil;o por funcionamento clandestino de r&aacute;dio, como foi o caso, ele &eacute; cumprido. &ldquo;At&eacute; porque ali estava funcionando uma r&aacute;dio ilegal. &Agrave;s vezes, troca o nome, mas seguem os equipamentos, a freq&uuml;&ecirc;ncia. Ent&atilde;o, isso n&atilde;o &eacute; suficiente para se questionar a validade do cumprimento&rdquo;, argumenta o delegado, tomando por base outros casos que acompanhou. O delegado Tavares observa que neste caso da L&iacute;der houve a situa&ccedil;&atilde;o de flagrante, porque a r&aacute;dio estava operando ilegalmente quando foi feita a dilig&ecirc;ncia.<\/p>\n<p><strong>Ilegalidade &eacute; questionada<\/strong><\/p>\n<p>A Associa&ccedil;&atilde;o Cultural e Assistencial R&aacute;dio Comunit&aacute;ria L&iacute;der FM, conforme declara Elton, cumpre todos os requisitos solicitados pelo Minicom e tem encaminhado um pedido de prote&ccedil;&atilde;o judicial que n&atilde;o foi julgado ainda. &ldquo;Nossa orienta&ccedil;&atilde;o &eacute; de que com o pedido de prote&ccedil;&atilde;o judicial, mesmo enquanto ele n&atilde;o fosse julgado &ndash; ou negado &ndash; nenhum juiz iria dar um pedido de busca e apreens&atilde;o para n&oacute;s&rdquo;. Elton Garcia foi indiciado criminalmente e diz que pretende mover uma a&ccedil;&atilde;o judicial contra o ato da PF.<\/p>\n<p>Segundo o advogado Paulo Fernando da Silveira, juiz federal aposentado da 1&ordf; Regi&atilde;o (Bras&iacute;lia), conforme mat&eacute;ria publicada neste boletim, em 6\/4 (<a href=\"http:\/\/www.fndc.org.br\/internas.php?p=noticias&amp;cont_key=147043\">leia aqui<\/a>), quem j&aacute; requereu autoriza&ccedil;&atilde;o no Minist&eacute;rio das Comunica&ccedil;&otilde;es h&aacute; mais de 60 dias e n&atilde;o obteve ainda a solu&ccedil;&atilde;o, pode entrar com mandado de seguran&ccedil;a para n&atilde;o ter os bens apreendidos at&eacute; a decis&atilde;o final sobre o procedimento administrativo (isso j&aacute; foi decidido pelo Superior Tribunal de Justi&ccedil;a). <\/p>\n<p>Silveira aconselha juntar as decis&otilde;es do STJ sobre estas a&ccedil;&otilde;es para montar a defesa. &ldquo;A falta de conhecimento sobre os procedimentos dificulta ainda mais o que j&aacute; &eacute; fr&aacute;gil. O problema &eacute; que a maioria das r&aacute;dios comunit&aacute;rias n&atilde;o possuem assessoria jur&iacute;dica instru&iacute;da nesta &aacute;rea e a defesa &eacute; fraca&rdquo;, explica. O pr&oacute;prio delegado Tavares, da DPF de Pelotas, afirma que a demora excessiva dos processos tramitando no governo &eacute; um problema que prejudica muitas associa&ccedil;&otilde;es comunit&aacute;rias que querem ter suas r&aacute;dios no ar legalmente. Ele reconhece que as associa&ccedil;&otilde;es esperam tempo demais para conseguir suas licen&ccedil;as e a morosidade dos processos induz &agrave; ilegalidade, mas destaca que este &eacute; um problema burocr&aacute;tico que precisa ser resolvido no &acirc;mbito da Anatel e do Minist&eacute;rio. &ldquo;A Pol&iacute;cia est&aacute; fazendo seu papel, cumprindo a lei penal. Disso n&atilde;o podemos nos abster&rdquo;, justificou, concluindo que a radiodifus&atilde;o &eacute; uma atividade s&eacute;ria e n&atilde;o pode ser praticada &agrave; revelia. <\/p>\n<p><strong>Sobre a comunit&aacute;ria L&iacute;der FM<\/strong><\/p>\n<p>A Associa&ccedil;&atilde;o Cultural e Assistencial R&aacute;dio Comunit&aacute;ria L&iacute;der FM &eacute; ligada a movimentos sociais, associa&ccedil;&otilde;es de idosos, escolas de samba, associa&ccedil;&otilde;es de moradores. &ldquo;S&atilde;o 17, no total, as associa&ccedil;&otilde;es que fazem parte da comunit&aacute;ria, que utiliza os 25watts de pot&ecirc;ncia para operar no bairro Fragata, para uma popula&ccedil;&atilde;o de cerca de 100 mil habitantes&rdquo;, destaca Elton. No epis&oacute;dio ocorrido na &uacute;ltima quinta-feira, o radiodifusor conta que recebeu o apoio de pessoas da pr&oacute;pria PF, do vereador Paulo Oppa e da comunidade. &ldquo;A id&eacute;ia &eacute; resistir e voltar a atuar. A comunidade se reunir&aacute; nos pr&oacute;ximos dias para discutir procedimentos&rdquo;. <\/p>\n<p>Outras duas r&aacute;dios comunit&aacute;rias (Navegantes e JRKD) foram fechadas em Pelotas pela PF. Estas, portanto, segundo Elton, n&atilde;o tinham o protocolo legal do Minicom para apresentar.<\/p>\n<p>&nbsp;<\/p>\n","protected":false},"excerpt":{"rendered":"<p>Como acontece diariamente, em todo o pa\u00eds, r\u00e1dios comunit\u00e1rias sem licen\u00e7a para transmitir foram fechadas durante a \u00faltima semana, e tiveram seus equipamentos apreendidos.<\/p>\n","protected":false},"author":1,"featured_media":0,"comment_status":"open","ping_status":"open","sticky":false,"template":"","format":"standard","meta":{"footnotes":""},"categories":[40],"tags":[155],"_links":{"self":[{"href":"https:\/\/obscom.intervozes.org.br\/index.php?rest_route=\/wp\/v2\/posts\/18292"}],"collection":[{"href":"https:\/\/obscom.intervozes.org.br\/index.php?rest_route=\/wp\/v2\/posts"}],"about":[{"href":"https:\/\/obscom.intervozes.org.br\/index.php?rest_route=\/wp\/v2\/types\/post"}],"author":[{"embeddable":true,"href":"https:\/\/obscom.intervozes.org.br\/index.php?rest_route=\/wp\/v2\/users\/1"}],"replies":[{"embeddable":true,"href":"https:\/\/obscom.intervozes.org.br\/index.php?rest_route=%2Fwp%2Fv2%2Fcomments&post=18292"}],"version-history":[{"count":0,"href":"https:\/\/obscom.intervozes.org.br\/index.php?rest_route=\/wp\/v2\/posts\/18292\/revisions"}],"wp:attachment":[{"href":"https:\/\/obscom.intervozes.org.br\/index.php?rest_route=%2Fwp%2Fv2%2Fmedia&parent=18292"}],"wp:term":[{"taxonomy":"category","embeddable":true,"href":"https:\/\/obscom.intervozes.org.br\/index.php?rest_route=%2Fwp%2Fv2%2Fcategories&post=18292"},{"taxonomy":"post_tag","embeddable":true,"href":"https:\/\/obscom.intervozes.org.br\/index.php?rest_route=%2Fwp%2Fv2%2Ftags&post=18292"}],"curies":[{"name":"wp","href":"https:\/\/api.w.org\/{rel}","templated":true}]}}