{"id":18291,"date":"2007-05-03T14:56:41","date_gmt":"2007-05-03T14:56:41","guid":{"rendered":"https:\/\/obscom.intervozes.org.br\/wordpress\/?p=18291"},"modified":"2007-05-03T14:56:41","modified_gmt":"2007-05-03T14:56:41","slug":"costa-volta-a-se-dizer-favoravel-a-uma-empresa-nacional","status":"publish","type":"post","link":"https:\/\/obscom.intervozes.org.br\/?p=18291","title":{"rendered":"Costa volta a se dizer favor\u00e1vel a uma empresa nacional"},"content":{"rendered":"<p>Para o ministro H&eacute;lio Costa, a recente entrada da Telef&oacute;nica no capital da Telecom Italia &eacute; a prova concreta da necessidade de se criar no Brasil uma grande empresa de capital nacional para competir com as estrangeiras, com presen&ccedil;a global. O ministro defende a cria&ccedil;&atilde;o desta &ldquo;grande empresa brasileira&rdquo;, e diz ser essa uma bandeira do Minist&eacute;rio das Comunica&ccedil;&otilde;es no momento: &ldquo;N&atilde;o posso dizer que seja uma bandeira do governo Lula, mas espero que se torne&rdquo;, afirmou.<\/p>\n<p><strong>Mudan&ccedil;as no PGO<\/strong><\/p>\n<p>Para viabilizar a cria&ccedil;&atilde;o desta empresa nacional, possivelmente oriunda da fus&atilde;o entre Oi\/Telemar e Brasil Telecom, ser&aacute; necess&aacute;rio alterar o Plano Geral de Outorgas. At&eacute; o momento, n&atilde;o existe nada de concreto para que isso aconte&ccedil;a. Nem o governo decidiu-se formalmente pela altera&ccedil;&atilde;o do PGO, nem a Anatel foi instada a propor a mudan&ccedil;a. Observe-se que, ao contr&aacute;rio do que vem dizendo o ministro das Comunica&ccedil;&otilde;es, n&atilde;o cabe ao conselho consultivo da Anatel propor estas altera&ccedil;&otilde;es. Cabe ao conselho, ai sim, de acordo com o artigo 35 da Lei Geral de Telecomunica&ccedil;&otilde;es, manifestar-se formalmente sobre altera&ccedil;&otilde;es quando forem propostas. <\/p>\n<p>Na pr&aacute;tica, o ministro tem usado este argumento para for&ccedil;ar a nomea&ccedil;&atilde;o dos novos conselheiros para completar o conselho consultivo, j&aacute; na suposi&ccedil;&atilde;o que a altera&ccedil;&atilde;o no PGO ser&aacute; uma decis&atilde;o do presidente Lula. At&eacute; o momento, o ministro das rela&ccedil;&otilde;es institucionais, Walfrido dos Mares Guia, vem segurando a nomea&ccedil;&atilde;o dos conselheiros sob o argumento de que &eacute; necess&aacute;rio atender pleitos pol&iacute;ticos dos aliados na escolha dos nomes. <\/p>\n<p>&nbsp;<\/p>\n<p><img loading=\"lazy\" decoding=\"async\" src=\"images\/stories\/politica_publicacoes\/c_normal_pq.png\" alt=\"Active Image\" width=\"15\" height=\"15\" \/>&nbsp;publica&ccedil;&atilde;o autorizada.<\/p>\n","protected":false},"excerpt":{"rendered":"<p>Para o ministro H\u00e9lio Costa, a recente entrada da Telef\u00f3nica no capital da Telecom Italia \u00e9 a prova concreta da necessidade de se criar no Brasil uma grande empresa de capital nacional para competir com as estrangeiras, com presen\u00e7a global.<\/p>\n","protected":false},"author":1,"featured_media":0,"comment_status":"open","ping_status":"open","sticky":false,"template":"","format":"standard","meta":{"footnotes":""},"categories":[40],"tags":[81],"_links":{"self":[{"href":"https:\/\/obscom.intervozes.org.br\/index.php?rest_route=\/wp\/v2\/posts\/18291"}],"collection":[{"href":"https:\/\/obscom.intervozes.org.br\/index.php?rest_route=\/wp\/v2\/posts"}],"about":[{"href":"https:\/\/obscom.intervozes.org.br\/index.php?rest_route=\/wp\/v2\/types\/post"}],"author":[{"embeddable":true,"href":"https:\/\/obscom.intervozes.org.br\/index.php?rest_route=\/wp\/v2\/users\/1"}],"replies":[{"embeddable":true,"href":"https:\/\/obscom.intervozes.org.br\/index.php?rest_route=%2Fwp%2Fv2%2Fcomments&post=18291"}],"version-history":[{"count":0,"href":"https:\/\/obscom.intervozes.org.br\/index.php?rest_route=\/wp\/v2\/posts\/18291\/revisions"}],"wp:attachment":[{"href":"https:\/\/obscom.intervozes.org.br\/index.php?rest_route=%2Fwp%2Fv2%2Fmedia&parent=18291"}],"wp:term":[{"taxonomy":"category","embeddable":true,"href":"https:\/\/obscom.intervozes.org.br\/index.php?rest_route=%2Fwp%2Fv2%2Fcategories&post=18291"},{"taxonomy":"post_tag","embeddable":true,"href":"https:\/\/obscom.intervozes.org.br\/index.php?rest_route=%2Fwp%2Fv2%2Ftags&post=18291"}],"curies":[{"name":"wp","href":"https:\/\/api.w.org\/{rel}","templated":true}]}}