{"id":18289,"date":"2007-05-03T14:30:32","date_gmt":"2007-05-03T14:30:32","guid":{"rendered":"https:\/\/obscom.intervozes.org.br\/wordpress\/?p=18289"},"modified":"2007-05-03T14:30:32","modified_gmt":"2007-05-03T14:30:32","slug":"baixo-quorum-marca-lancamento-de-frente-dos-radiodifusores","status":"publish","type":"post","link":"https:\/\/obscom.intervozes.org.br\/?p=18289","title":{"rendered":"Baixo quorum marca lan\u00e7amento de Frente dos radiodifusores"},"content":{"rendered":"<p><span>O deputado Paulo Bornhausen (DEM\/SC), quem diria, abriu uma nova frente para preencher seu mandato de deputado federal. Ele &eacute; o presidente da Frente Parlamentar da Radiodifus&atilde;o, criada h&aacute; dois anos, quando foi presidida pelo ex-deputado Ivan Ranzolin (DEM\/SC).<br \/>Vale lembrar que Bornhausen &eacute; o autor do projeto que busca estabelecer regras para a produ&ccedil;&atilde;o de conte&uacute;do, o PL 29\/2007. Trata-se de projeto que n&atilde;o agrada, de maneira nenhuma, os radiodifusores, pois &eacute; considerado excessivamente favor&aacute;vel a empresas de telecomunica&ccedil;&otilde;es.<\/p>\n<p>A novidade &eacute; que agora a frente &eacute; mista, ou seja, ser&aacute; composta por deputados e senadores. Para a cerim&ocirc;nia de instala&ccedil;&atilde;o foram convidados H&eacute;lio Costa, ministro das Comunica&ccedil;&otilde;es e presidente de honra da frente, os presidentes das entidades de radiodifusores (compareceram a Abert e a Abratel) e ainda entidades da &aacute;rea de telecomunica&ccedil;&otilde;es. Nesse caso, apenas a Telcomp compareceu.<br \/>Na verdade, da lista dos convidados, menos de um quarto compareceu. Isso sem falar nos deputados e senadores, que eram pouqu&iacute;ssimos. <\/p>\n<p>Para Paulo Bornhausen, uma vez que os fundamentos do setor de radiodifus&atilde;o est&atilde;o sendo &quot;revistos pela sua pr&oacute;pria din&acirc;mica&quot;, caber&aacute; &agrave; Frente Parlamentar discutir os aspectos que est&atilde;o levando a radiodifus&atilde;o a esta quebra de paradigmas. Bornhausen considerou ainda que diante a inevitabilidade da converg&ecirc;ncia tecnol&oacute;gica, ser&aacute; &quot;imprescind&iacute;vel o apoio aos pequenos e m&eacute;dios radiodifusores de todo o Pa&iacute;s&quot;.<\/p>\n<p>Em seu discurso, o presidente da Frente pediu ao ministro H&eacute;lio Costa que traga para o Congresso, especialmente para a Frente, a discuss&atilde;o sobre a uma Lei de Comunica&ccedil;&atilde;o Eletr&ocirc;nica, evitando que o debate se concentre no Executivo.<\/p>\n<p>Bornhausen foi o presidente da Comiss&atilde;o Especial da C&acirc;mara dos Deputados que analisou a Lei Geral de Telecomunica&ccedil;&otilde;es, em 1997, proposta que foi apresentada j&aacute; pronta pelo governo do presidente Fernando Henrique Cardoso, apoiado pelo PFL, partido do deputado catarinense.<\/p>\n<p><strong>Confer&ecirc;ncia Nacional de Comunica&ccedil;&otilde;es<br \/><\/strong><br \/>Em resposta a Bornhausen, o ministro H&eacute;lio Costa sugeriu que a Frente traga para o Congresso Nacional a id&eacute;ia de convocar uma Confer&ecirc;ncia Nacional de Comunica&ccedil;&otilde;es para discutir de forma ampla todos os temas que possam afetar o setor. Observe-se que a Confer&ecirc;ncia Nacional de Comunica&ccedil;&otilde;es vem sendo proposta pelo grupo de entidades ligadas &agrave; democratiza&ccedil;&atilde;o das comunica&ccedil;&otilde;es e foi apresentada ao ministro em reuni&atilde;o realizada recentemente com um grupo destas entidades. O assunto tamb&eacute;m est&aacute; em discuss&atilde;o na Comiss&atilde;o de Direitos Humanos da C&acirc;mara dos Deputados como uma forma de valorizar o direito humano &agrave; comunica&ccedil;&atilde;o.<\/p>\n<p><strong>Pouco efeito<br \/><\/strong><br \/>Entre os objetivos propostos para a Frente est&aacute; a articula&ccedil;&atilde;o e a coopera&ccedil;&atilde;o com as comiss&otilde;es t&eacute;cnicas da C&acirc;mara e do Senado, bem como com as entidades do setor e o poder executivo representado pelo Minist&eacute;rio das Comunica&ccedil;&otilde;es e pela Anatel. Bornhausen anunciou ainda um trabalho &quot;descentralizado&quot; com coordenadores regionais em cada Estado para implementar as discuss&otilde;es. Se emplacar, esta ser&aacute; certamente a primeira frente com esta amplitude de interesses a funcionar no Congresso Nacional. Na pr&aacute;tica existem dezenas de frentes parlamentares com objetivos estranhos e muito particulares. Como disse a este notici&aacute;rio um assessor da C&acirc;mara que prefere n&atilde;o ser identificado: &quot;Tem algu&eacute;m a&iacute; que pode ser contra a radiodifus&atilde;o? Jamais. &Eacute; uma coisa important&iacute;ssima para qualquer pa&iacute;s. O problema &eacute; saber como &eacute; que se est&aacute; &agrave; favor. N&atilde;o vai funcionar. Para este tipo de discuss&atilde;o existem as estruturas formais do Congresso&quot;, vaticinou.<\/span><\/p>\n<p><span>&nbsp;<img loading=\"lazy\" decoding=\"async\" src=\"images\/stories\/politica_publicacoes\/c_normal_pq.png\" alt=\"Active Image\" width=\"15\" height=\"15\" \/>&nbsp;publica&ccedil;&atilde;o autorizada pela Tela Viva News.<\/span><\/p>\n<p>&nbsp;<\/p>\n","protected":false},"excerpt":{"rendered":"<p>Frente Parlamentar capitaneada pelo deputado Paulo Bornhausen (DEM\/SC) e que tem como presidente de honra o ministro H\u00e9lio Costa foi lan\u00e7ada no \u00faltimo dia 2 de maio, em Bras\u00edlia. Evento contou com pequena participa\u00e7\u00e3o de deputados e senadores. <\/p>\n","protected":false},"author":1,"featured_media":0,"comment_status":"open","ping_status":"open","sticky":false,"template":"","format":"standard","meta":{"footnotes":""},"categories":[40],"tags":[164],"_links":{"self":[{"href":"https:\/\/obscom.intervozes.org.br\/index.php?rest_route=\/wp\/v2\/posts\/18289"}],"collection":[{"href":"https:\/\/obscom.intervozes.org.br\/index.php?rest_route=\/wp\/v2\/posts"}],"about":[{"href":"https:\/\/obscom.intervozes.org.br\/index.php?rest_route=\/wp\/v2\/types\/post"}],"author":[{"embeddable":true,"href":"https:\/\/obscom.intervozes.org.br\/index.php?rest_route=\/wp\/v2\/users\/1"}],"replies":[{"embeddable":true,"href":"https:\/\/obscom.intervozes.org.br\/index.php?rest_route=%2Fwp%2Fv2%2Fcomments&post=18289"}],"version-history":[{"count":0,"href":"https:\/\/obscom.intervozes.org.br\/index.php?rest_route=\/wp\/v2\/posts\/18289\/revisions"}],"wp:attachment":[{"href":"https:\/\/obscom.intervozes.org.br\/index.php?rest_route=%2Fwp%2Fv2%2Fmedia&parent=18289"}],"wp:term":[{"taxonomy":"category","embeddable":true,"href":"https:\/\/obscom.intervozes.org.br\/index.php?rest_route=%2Fwp%2Fv2%2Fcategories&post=18289"},{"taxonomy":"post_tag","embeddable":true,"href":"https:\/\/obscom.intervozes.org.br\/index.php?rest_route=%2Fwp%2Fv2%2Ftags&post=18289"}],"curies":[{"name":"wp","href":"https:\/\/api.w.org\/{rel}","templated":true}]}}