{"id":18286,"date":"2007-05-02T13:50:18","date_gmt":"2007-05-02T13:50:18","guid":{"rendered":"https:\/\/obscom.intervozes.org.br\/wordpress\/?p=18286"},"modified":"2007-05-02T13:50:18","modified_gmt":"2007-05-02T13:50:18","slug":"a-influencia-da-tv-no-universo-indigena","status":"publish","type":"post","link":"https:\/\/obscom.intervozes.org.br\/?p=18286","title":{"rendered":"A influ\u00eancia da TV no universo ind\u00edgena"},"content":{"rendered":"<p><em>Autor de mais de 20 livros que abordam a tem&aacute;tica ind&iacute;gena, Daniel Munduruku &eacute; o diretor-presidente do Instituto Ind&iacute;gena Brasileiro para Propriedade Intelectual (Inbrapi), ONG voltada para a prote&ccedil;&atilde;o dos conhecimentos tradicionais das aldeias. <\/em><em>Em entrevista ao RIO M&Iacute;DIA, Daniel analisou de que forma a m&iacute;dia impacta a realidade dos &iacute;ndios brasileiros. Segundo ele, a televis&atilde;o est&aacute; presente em muitas comunidades, trazendo novos padr&otilde;es de comportamento e influenciando os modos de ser e de viver.<\/em><\/p>\n<p><strong>De que forma a m&iacute;dia pode contribuir para a promo&ccedil;&atilde;o da cultura do povo ind&iacute;gena?<br \/>Daniel Munduruku <\/strong>&#8211; Penso que a m&iacute;dia, tal como se apresenta nos dias de hoje, pode contribuir muito na cria&ccedil;&atilde;o de uma consci&ecirc;ncia social de respeito &agrave; diversidade, sem homogeneizar as diferentes tradi&ccedil;&otilde;es, sem tratar os povos como se fossem &uacute;nicos e iguais. Somos cerca de 230 povos ind&iacute;genas que falam mais de 180 l&iacute;nguas. Essa riqueza e diversidade precisam ser mostradas na sua originalidade. Do contr&aacute;rio, a m&iacute;dia continuar&aacute; tratando os &iacute;ndios de uma forma, talvez, desonesta, sem dar aos povos o verdadeiro papel que eles t&ecirc;m. Reduzir a cultura ind&iacute;gena a uma s&oacute; cultura &eacute; uma redu&ccedil;&atilde;o perigosa que compromete nosso passado, presente e futuro. Acho que todo tipo de m&iacute;dia tem um dever c&iacute;vico de promover as diversas culturas. Os povos ind&iacute;genas t&ecirc;m muito a ensinar, mas est&atilde;o sendo esquecidos e mal compreendidos nos lugares onde vivem. <\/p>\n<p><strong>De que forma a m&iacute;dia vem influenciando a cultura e o cotidiano dos &iacute;ndios?<br \/>Daniel Munduruku<\/strong> &#8211; A influencia da TV &eacute; t&atilde;o forte na aldeia quanto na casa de qualquer outro cidad&atilde;o. Nas tribos, os padr&otilde;es de comportamento veiculados pela TV afetam, muitas vezes, o modelo de ser dos &iacute;ndios, principalmente dos jovens que acabam questionando suas tradi&ccedil;&otilde;es e identidades. A m&iacute;dia traz desejos e anseios que, na pr&aacute;tica, n&atilde;o fazem parte do nosso cotidiano. Ela traz tamb&eacute;m o barulho da cidade. Quem vive da tradi&ccedil;&atilde;o oral, quem tem na tradi&ccedil;&atilde;o oral sua base, a base de sua vida e cultura, convive muito com o sil&ecirc;ncio. A TV traz, portanto, uma outra linguagem, mais r&aacute;pida e &aacute;gil, cheia de luzes, vozes e falas. Isso cria um outro barulho que, aos poucos, repercute no sil&ecirc;ncio das aldeias, enfraquecendo as tradi&ccedil;&otilde;es.<\/p>\n<p><strong>De que forma as crian&ccedil;as e os jovens assimilam estas informa&ccedil;&otilde;es?<br \/>Daniel Munduruku<\/strong> &#8211; As crian&ccedil;as e os jovens ind&iacute;genas t&ecirc;m muita dificuldade de entender este mundo. Muitos jovens se perguntam: devemos ficar na aldeia ou devemos viver na cidade? Os padr&otilde;es de comportamento que chegam at&eacute; eles, via televis&atilde;o, r&aacute;dio e internet, geram conflitos internos, questionamentos e incertezas. Por sua vez, as crian&ccedil;as n&atilde;o querem mais sentar em torno da fogueira para ouvir nossas hist&oacute;rias. Elas preferem o brilho, a fogueira da televis&atilde;o. Elegeram a TV como a nova contadora de hist&oacute;rias. Isto faz com que os velhos percam o papel de narradores da tradi&ccedil;&atilde;o ind&iacute;gena, jogando por terra toda a identidade que vem sendo constitu&iacute;da ao longo de, pelo menos, 10 mil anos. <\/p>\n<p><strong>Neste sentido, o que est&aacute; sendo feito para interromper este processo?<br \/>Daniel Munduruku<\/strong> &ndash; Acredito que seja necess&aacute;rio preparar os &iacute;ndios para trabalhar com a linguagem da m&iacute;dia. Isto j&aacute; vem sendo feito. Jovens ind&iacute;genas est&atilde;o trabalhando como operadores da m&iacute;dia. Atualmente, existem r&aacute;dios e emissoras de TV ind&iacute;genas, como a do Parque Nacional do Xingu. H&aacute; tamb&eacute;m um trabalho muito interessante sendo realizado por uma ONG (V&iacute;deo nas Aldeias) que capacita nossos povos no uso dos equipamentos midi&aacute;ticos. S&atilde;o tecnologias que n&atilde;o conhecemos, mas que precisamos dominar. &Eacute; preciso tomar posse dessa tecnologia, produzindo coisas que sejam interessantes para a nossa cultura, a partir do nosso ponto de vista. Os jovens produtores est&atilde;o tentando criar uma linguagem pr&oacute;pria da nossa gente para que toda a sociedade tenha uma vis&atilde;o real sobre quem somos. Por meio da m&iacute;dia, podemos promover um encontro de culturas. A narrativa ind&iacute;gena &eacute; important&iacute;ssima para a sociedade brasileira, assim como a narrativa da sociedade brasileira, da qual tamb&eacute;m fazemos parte, &eacute; importante para os povos ind&iacute;genas se enxergarem dentro do contexto nacional. Os ind&iacute;genas querem interagir, mas querem que a sociedade diga que eles s&atilde;o bem-vindos. As duas narrativas s&atilde;o ricas e belas. Todos t&ecirc;m a ganhar.<\/p>\n<p>&nbsp;<\/p>\n<p>&nbsp;<img loading=\"lazy\" decoding=\"async\" src=\"images\/stories\/politica_publicacoes\/c_normal_pq.png\" alt=\"Active Image\" width=\"15\" height=\"15\" \/>&nbsp;publica&ccedil;&atilde;o autorizada.<\/p>\n<p>&nbsp;<\/p>\n<p>&nbsp;<\/p>\n","protected":false},"excerpt":{"rendered":"<p>&#8220;As crian\u00e7as e jovens ind\u00edgenas t\u00eam dificuldade de entender o mundo de hoje&#8221;<\/p>\n","protected":false},"author":1,"featured_media":0,"comment_status":"open","ping_status":"open","sticky":false,"template":"","format":"standard","meta":{"footnotes":""},"categories":[43],"tags":[205],"_links":{"self":[{"href":"https:\/\/obscom.intervozes.org.br\/index.php?rest_route=\/wp\/v2\/posts\/18286"}],"collection":[{"href":"https:\/\/obscom.intervozes.org.br\/index.php?rest_route=\/wp\/v2\/posts"}],"about":[{"href":"https:\/\/obscom.intervozes.org.br\/index.php?rest_route=\/wp\/v2\/types\/post"}],"author":[{"embeddable":true,"href":"https:\/\/obscom.intervozes.org.br\/index.php?rest_route=\/wp\/v2\/users\/1"}],"replies":[{"embeddable":true,"href":"https:\/\/obscom.intervozes.org.br\/index.php?rest_route=%2Fwp%2Fv2%2Fcomments&post=18286"}],"version-history":[{"count":0,"href":"https:\/\/obscom.intervozes.org.br\/index.php?rest_route=\/wp\/v2\/posts\/18286\/revisions"}],"wp:attachment":[{"href":"https:\/\/obscom.intervozes.org.br\/index.php?rest_route=%2Fwp%2Fv2%2Fmedia&parent=18286"}],"wp:term":[{"taxonomy":"category","embeddable":true,"href":"https:\/\/obscom.intervozes.org.br\/index.php?rest_route=%2Fwp%2Fv2%2Fcategories&post=18286"},{"taxonomy":"post_tag","embeddable":true,"href":"https:\/\/obscom.intervozes.org.br\/index.php?rest_route=%2Fwp%2Fv2%2Ftags&post=18286"}],"curies":[{"name":"wp","href":"https:\/\/api.w.org\/{rel}","templated":true}]}}